{"id":31814,"date":"2012-12-03T04:58:45","date_gmt":"2012-12-03T04:58:45","guid":{"rendered":"https:\/\/archiviogioia.lavocedelpaese.info\/?p=31814"},"modified":"2012-12-03T04:58:45","modified_gmt":"2012-12-03T04:58:45","slug":"fratres-e-admo-donarsi-e-possibile-foto","status":"publish","type":"post","link":"https:\/\/archiviogioia.lavocedelpaese.info\/?p=31814","title":{"rendered":"FRATRES E ADMO \u2013 \u201cDONAR\u2026SI \u00c9 POSSIBILE\u201d-foto"},"content":{"rendered":"<p><img loading=\"lazy\" decoding=\"async\" class=\" size-full wp-image-31803\" style=\"margin-right: 2px; margin-left: 2px;\" alt=\"fratres-admo-relatori-pp\" src=\"https:\/\/archiviogioia.lavocedelpaese.info\/wp-content\/uploads\/2012\/12\/fratres-admo-relatori-pp.png\" height=\"150\" width=\"320\" srcset=\"https:\/\/archiviogioia.lavocedelpaese.info\/wp-content\/uploads\/2012\/12\/fratres-admo-relatori-pp.png 640w, https:\/\/archiviogioia.lavocedelpaese.info\/wp-content\/uploads\/2012\/12\/fratres-admo-relatori-pp-300x141.png 300w\" sizes=\"auto, (max-width: 320px) 100vw, 320px\" \/><\/p>\n<p><!--more--><\/p>\n<p style=\"text-align: justify;\"><img loading=\"lazy\" decoding=\"async\" class=\" alignleft size-full wp-image-31806\" style=\"margin: 4px; float: left;\" alt=\"fratres-admo tavolo relatori\" src=\"https:\/\/archiviogioia.lavocedelpaese.info\/wp-content\/uploads\/2012\/12\/fratres-admo_tavolo_relatori.JPG\" height=\"241\" width=\"320\" srcset=\"https:\/\/archiviogioia.lavocedelpaese.info\/wp-content\/uploads\/2012\/12\/fratres-admo_tavolo_relatori.JPG 640w, https:\/\/archiviogioia.lavocedelpaese.info\/wp-content\/uploads\/2012\/12\/fratres-admo_tavolo_relatori-300x226.jpg 300w\" sizes=\"auto, (max-width: 320px) 100vw, 320px\" \/>\u201c<b>I produttori si pubblicizzano da soli, abbiamo un prodotto fornito da madre natura e pubblicizziamo il magazzino<\/b>\u201d.<\/p>\n<p style=\"text-align: justify;\">Con queste parole scherzose <b>Giorgio Gasparre<\/b>, <b>presidente<\/b> della locale sezione della <b>Fratres<\/b>, <b>spiega ai presenti le motivazioni dell\u2019incontro<\/b>.<\/p>\n<p style=\"text-align: justify;\">\u201cAbbiamo pensato bene di <b>progettare un momento di pubblicit\u00e0 per la Fratres e l\u2019ADMO<\/b>, ma \u00e8 difficile riempire gli spazi, perch\u00e9 veicolare <b>il messaggio della gratuit\u00e0, non passa<\/b>\u2026!\u201d.<\/p>\n<p style=\"text-align: justify;\"><b>L\u2019incontro<\/b> organizzato il 25 novembre nel Chiostro di palazzo San Domenico con lo scopo di sensibilizzare attraverso la presenza dei vertici provinciali e regionali sul tema del dono, <b>ha registrato l\u2019assenza delle istituzioni e di buona parte dei 239 iscritti<\/b>, nonostante la formula conviviale dell\u2019aperitivo, alle 11 di domenica.<b><img loading=\"lazy\" decoding=\"async\" class=\" alignright size-full wp-image-31808\" style=\"margin: 4px; float: right;\" alt=\"fratres-admo relatori1\" src=\"https:\/\/archiviogioia.lavocedelpaese.info\/wp-content\/uploads\/2012\/12\/fratres-admo_relatori1.JPG\" height=\"241\" width=\"320\" srcset=\"https:\/\/archiviogioia.lavocedelpaese.info\/wp-content\/uploads\/2012\/12\/fratres-admo_relatori1.JPG 640w, https:\/\/archiviogioia.lavocedelpaese.info\/wp-content\/uploads\/2012\/12\/fratres-admo_relatori1-300x226.jpg 300w\" sizes=\"auto, (max-width: 320px) 100vw, 320px\" \/><\/b><\/p>\n<p style=\"text-align: justify;\"><b>All\u2019incontro hanno partecipato<\/b> per la Fratres il Presidente provinciale <b>Giacinto Giorgio<\/b> e il Consigliere nazionale <b>Giovanni Paglionico<\/b>, per l\u2019ADMO il Presidente regionale <b>Roberto Masciopinto <\/b>e il responsabile della sezione locale <b>Francesco Badagliacca<\/b>.<\/p>\n<p style=\"text-align: justify;\"><strong>Masciopinto, da 20 anni nell\u2019associazione, entra subito in tema<\/strong>.<\/p>\n<p style=\"text-align: justify;\">\u201cIl problema della donazione \u00e8 la <b>compatibilit\u00e0. Solo un donatore su 125mila ha questo requisito<\/b>. <b>I potenziali donatori di midollo osseo pugliesi sono poco pi\u00f9 di 17mila<\/b> e fino ad oggi <b>le donazioni totali sono state 71<\/b>. Per effettuare un trapianto di midollo osseo un adulto ha bisogno di 40 sacche di sangue, va da s\u00e9 che <b>senza donatori di sangue non si potrebbe andare avanti<\/b>. Ho avuto la fortuna di vivere una esperienza diretta &#8211; continua Masciopinto &#8211; un bel momento, che e<img loading=\"lazy\" decoding=\"async\" class=\" alignleft size-full wp-image-31809\" style=\"margin: 4px; float: left;\" alt=\"fratres-admo relatori2\" src=\"https:\/\/archiviogioia.lavocedelpaese.info\/wp-content\/uploads\/2012\/12\/fratres-admo_relatori2.JPG\" height=\"241\" width=\"320\" srcset=\"https:\/\/archiviogioia.lavocedelpaese.info\/wp-content\/uploads\/2012\/12\/fratres-admo_relatori2.JPG 640w, https:\/\/archiviogioia.lavocedelpaese.info\/wp-content\/uploads\/2012\/12\/fratres-admo_relatori2-300x226.jpg 300w\" sizes=\"auto, (max-width: 320px) 100vw, 320px\" \/>quiparo alla nascita delle mie figlie. <b>Nel gennaio del 2007 ho donato ad un bambino il midollo osseo prelevato dalle creste iliache<\/b>. Questo bimbo lo penso come un terzo figlio, il maschietto mai avuto. <b>Mi ero iscritto sei anni <\/b><b>prima<\/b> nel registro pugliese dei donatori, nel 2001, attraverso la semplice donazione del sangue. Tengo a precisare che <b>se ci sono rischi per il donatore, il prelievo non avviene<\/b>. Nei giorni che hanno preceduto la donazione avevo il terrore di ammalarmi e non poter donare, <b>mancando la donazione quel bimbo sarebbe morto<\/b>\u201d.<\/p>\n<p style=\"text-align: justify;\">Per il dottor Francesco Badagliacca precisa che <b>la variet\u00e0 genetica presente in Italia e in Puglia in particolare<\/b> &#8211; terre di conquista che in passato hanno accolto numerose e diverse etnie -, <b>rende estremamente difficoltoso trovare un donatore compatibile tra i 100mila iscritti<\/b>, quindi esorta i giovani ad avvicinarsi alla cultura della donazione <b>dall\u2019et\u00e0 di 18 anni. Fino ai 55 si \u00e8 donatori<\/b>, ma il turn over necessit\u00e0 di ricambi generazionali, per evitare il ricorso ai registri internazionali. Precisa che <b>da iscritti non c\u2019\u00e8 l\u2019obbligo della donazione<\/b>, anche se l\u2019i<img loading=\"lazy\" decoding=\"async\" class=\" alignright size-full wp-image-31810\" style=\"margin: 4px; float: right;\" alt=\"fratres-admo relatori3\" src=\"https:\/\/archiviogioia.lavocedelpaese.info\/wp-content\/uploads\/2012\/12\/fratres-admo_relatori3.JPG\" height=\"241\" width=\"320\" srcset=\"https:\/\/archiviogioia.lavocedelpaese.info\/wp-content\/uploads\/2012\/12\/fratres-admo_relatori3.JPG 640w, https:\/\/archiviogioia.lavocedelpaese.info\/wp-content\/uploads\/2012\/12\/fratres-admo_relatori3-300x226.jpg 300w\" sizes=\"auto, (max-width: 320px) 100vw, 320px\" \/>mpatto psicologico nel momento in cui si viene chiamati perch\u00e9 compatibili e poi ci si nega, \u00e8 deleterio. <b>Le tecniche sono molto migliorate<\/b>, attraverso l\u2019aferesi <b>si dona con una semplice trasfusione<\/b> e la ricerca rende pi\u00f9 semplice l\u2019atto della donazione.<\/p>\n<p style=\"text-align: justify;\"><b>Giacinto Giorgio<\/b> &#8211; Presidente provinciale &#8211;&nbsp;<b>conferma il secondo posto della Puglia tra le regioni pi\u00f9 \u201cgenerose\u201d nella donazione<\/b> con incarichi di responsabilit\u00e0, <b>ricorda<\/b> <b>Monsigno<\/b><b>r Magrassi<\/b> che per primo, al fine di debellare il mercato del sangue, istitu\u00ec la prima cellula della Fratres a Bari.<\/p>\n<p style=\"text-align: justify;\">\u201c<b>Oggi \u00e8 una delle regioni che ha quasi raggiunto l\u2019autosufficienza<\/b> &#8211; afferma Giorgio &#8211; questo perch\u00e9 abbiamo&nbsp;capillarmente sensibilizzato docenti e alunni nelle scuole. <b>La donazione \u00e8 anonima, volontaria, gratuita<\/b> <b>e responsabile<\/b>. Dobbiamo aver cura di noi, impegnarci a rispettare uno stile di vita. Il problema non \u00e8 iscriversi, ma essere convinti di farlo.\u201d<\/p>\n<p style=\"text-align: justify;\"><b>Giovanni Paglionico<\/b> &#8211; da 25 anni nella F<img loading=\"lazy\" decoding=\"async\" class=\" alignleft size-full wp-image-31812\" style=\"margin: 4px; float: left;\" alt=\"fratres-admo relatori4\" src=\"https:\/\/archiviogioia.lavocedelpaese.info\/wp-content\/uploads\/2012\/12\/fratres-admo_relatori4.JPG\" height=\"241\" width=\"320\" srcset=\"https:\/\/archiviogioia.lavocedelpaese.info\/wp-content\/uploads\/2012\/12\/fratres-admo_relatori4.JPG 640w, https:\/\/archiviogioia.lavocedelpaese.info\/wp-content\/uploads\/2012\/12\/fratres-admo_relatori4-300x226.jpg 300w\" sizes=\"auto, (max-width: 320px) 100vw, 320px\" \/>ratres -, <b>confessa di aver superato l\u2019opacit\u00e0, la chiusura d\u2019animo attraverso la donazione<\/b>. D\u00e0 atto a Magrassi di essersi speso nel coinvolgimento del mondo cattolico anche attraverso conoscenze e amicizie, diffondendo il valore della donazione.<\/p>\n<p style=\"text-align: justify;\">\u201c<b>Tra di noi non c\u2019\u00e8 antitesi, abbiamo questa caratteristica che ci contraddistingue<\/b>. Sono stato sensibile al richiamo della societ\u00e0 civile, abbiamo operato nelle scuole, nelle parrocchie. Abbiamo anche dato un certo ordine e fin dall\u2019inizio abbiamo operato a favore del bene comune, offrendo un contributo anche <b>all\u2019ADMO. Siamo una Onlus, senza interessi economici<\/b>, <b>il nostro contributo nasce dal cuore<\/b>. Nei giovani abbiamo trovato un terreno fertile, ora dobbiamo essere al passo con i tempi, e rendere pi\u00f9 agevole il compito del donatore e dei volontari attraverso i sistemi informatici.\u201d<\/p>\n<p style=\"text-align: justify;\"><img loading=\"lazy\" decoding=\"async\" class=\" alignright size-full wp-image-31813\" style=\"margin: 4px; float: right;\" alt=\"fratres-admo tavolata\" src=\"https:\/\/archiviogioia.lavocedelpaese.info\/wp-content\/uploads\/2012\/12\/fratres-admo_tavolata.JPG\" height=\"241\" width=\"320\" srcset=\"https:\/\/archiviogioia.lavocedelpaese.info\/wp-content\/uploads\/2012\/12\/fratres-admo_tavolata.JPG 640w, https:\/\/archiviogioia.lavocedelpaese.info\/wp-content\/uploads\/2012\/12\/fratres-admo_tavolata-300x226.jpg 300w\" sizes=\"auto, (max-width: 320px) 100vw, 320px\" \/>Conclude, quindi, il suo intervento portando il saluto del Presidente nazionale Luigi Cardini.<\/p>\n<p style=\"text-align: justify;\"><b>Tra il pubblico anche una giovanissima donatrice di quasi due anni<\/b>. La piccina ha donato il cordone ombelicale grazie alla sensibilit\u00e0 dei suoi genitori.<\/p>\n<p style=\"text-align: justify;\"><b>Il successivo assalto al buffet<\/b> per gustare insieme all\u2019aperitivo rustici, panzerotti e focaccia<b>, ha restituito ai presenti il buonumore necessario per sorridere e \u2026 far buon sangue<\/b>!<\/p>\n<p><object type=\"application\/x-shockwave-flash\" width=\"660\" height=\"660\" flashvars=\"host=picasaweb.google.com&amp;hl=it&amp;feat=flashalbum&amp;RGB=0x000000&amp;feed=https:\/\/picasaweb.google.com\/data\/feed\/api\/user\/104626251937098962566\/albumid\/5817590969585781713?alt=rss&amp;kind=photo&amp;authkey=Gv1sRgCN31nM-Bh4GMggE&amp;hl=it\" pluginspage=\"http:\/\/www.macromedia.com\/go\/getflashplayer\" data=\"https:\/\/picasaweb.google.com\/s\/c\/bin\/slideshow.swf\"><param name=\"movie\" value=\"https:\/\/picasaweb.google.com\/s\/c\/bin\/slideshow.swf\" \/><\/object><\/p>\n","protected":false},"excerpt":{"rendered":"","protected":false},"author":1,"featured_media":31804,"comment_status":"open","ping_status":"closed","sticky":false,"template":"","format":"standard","meta":{"colormag_page_container_layout":"default_layout","colormag_page_sidebar_layout":"default_layout","footnotes":""},"categories":[7],"tags":[],"class_list":["post-31814","post","type-post","status-publish","format-standard","has-post-thumbnail","hentry","category-attualita"],"_links":{"self":[{"href":"https:\/\/archiviogioia.lavocedelpaese.info\/index.php?rest_route=\/wp\/v2\/posts\/31814","targetHints":{"allow":["GET"]}}],"collection":[{"href":"https:\/\/archiviogioia.lavocedelpaese.info\/index.php?rest_route=\/wp\/v2\/posts"}],"about":[{"href":"https:\/\/archiviogioia.lavocedelpaese.info\/index.php?rest_route=\/wp\/v2\/types\/post"}],"author":[{"embeddable":true,"href":"https:\/\/archiviogioia.lavocedelpaese.info\/index.php?rest_route=\/wp\/v2\/users\/1"}],"replies":[{"embeddable":true,"href":"https:\/\/archiviogioia.lavocedelpaese.info\/index.php?rest_route=%2Fwp%2Fv2%2Fcomments&post=31814"}],"version-history":[{"count":0,"href":"https:\/\/archiviogioia.lavocedelpaese.info\/index.php?rest_route=\/wp\/v2\/posts\/31814\/revisions"}],"wp:featuredmedia":[{"embeddable":true,"href":"https:\/\/archiviogioia.lavocedelpaese.info\/index.php?rest_route=\/wp\/v2\/media\/31804"}],"wp:attachment":[{"href":"https:\/\/archiviogioia.lavocedelpaese.info\/index.php?rest_route=%2Fwp%2Fv2%2Fmedia&parent=31814"}],"wp:term":[{"taxonomy":"category","embeddable":true,"href":"https:\/\/archiviogioia.lavocedelpaese.info\/index.php?rest_route=%2Fwp%2Fv2%2Fcategories&post=31814"},{"taxonomy":"post_tag","embeddable":true,"href":"https:\/\/archiviogioia.lavocedelpaese.info\/index.php?rest_route=%2Fwp%2Fv2%2Ftags&post=31814"}],"curies":[{"name":"wp","href":"https:\/\/api.w.org\/{rel}","templated":true}]}}