{"id":31907,"date":"2012-12-04T15:17:21","date_gmt":"2012-12-04T15:17:21","guid":{"rendered":"https:\/\/archiviogioia.lavocedelpaese.info\/?p=31907"},"modified":"2012-12-04T15:17:21","modified_gmt":"2012-12-04T15:17:21","slug":"la-grotta-della-speranza-il-vero-senso-del-natale","status":"publish","type":"post","link":"https:\/\/archiviogioia.lavocedelpaese.info\/?p=31907","title":{"rendered":"\u201cLA GROTTA DELLA SPERANZA\u201d, IL VERO SENSO DEL NATALE"},"content":{"rendered":"<p><img loading=\"lazy\" decoding=\"async\" class=\" size-full wp-image-31904\" style=\"margin-right: 2px; margin-left: 2px;\" alt=\"nativit-grotta-pp\" src=\"https:\/\/archiviogioia.lavocedelpaese.info\/wp-content\/uploads\/2012\/12\/nativit-grotta-pp.png\" height=\"150\" width=\"320\" srcset=\"https:\/\/archiviogioia.lavocedelpaese.info\/wp-content\/uploads\/2012\/12\/nativit-grotta-pp.png 640w, https:\/\/archiviogioia.lavocedelpaese.info\/wp-content\/uploads\/2012\/12\/nativit-grotta-pp-300x141.png 300w\" sizes=\"auto, (max-width: 320px) 100vw, 320px\" \/><\/p>\n<p><!--more--><\/p>\n<p style=\"text-align: justify;\"><b><img loading=\"lazy\" decoding=\"async\" class=\" alignleft size-full wp-image-31905\" style=\"margin: 4px; float: left;\" alt=\"santa maria del carmine\" src=\"https:\/\/archiviogioia.lavocedelpaese.info\/wp-content\/uploads\/2012\/12\/santa_maria_del_carmine.jpg\" height=\"200\" width=\"300\" \/>Sabato 15 dicembre<\/b> a partire dalle 18.00, si svolger\u00e0 in tutto il Centro Storico di Sammichele un \u201c<b>evento natalizio<\/b>\u201d dal titolo \u201c<b>La Grotta della Speranza<\/b>\u201d.<\/p>\n<p style=\"text-align: justify;\">La Parrocchia guidata da <b>don Maurizio Lieggi<\/b>, attraverso il gruppo \u201cQuelli che \u2026 al centro\u201d, propone a tutti, anche agli ospiti che vorranno intervenire dai Paesi limitrofi, <b>una serata in attesa del Santo Natale<\/b>.<\/p>\n<p style=\"text-align: justify;\">Le Chiese Santa Maria del Carmine e della Maddalena ed <b>il centro storico tutto, si animeranno di suoni, luci, colori, profumi, preghiera\u2026di incontri fra la gente<\/b> e di \u201cIncontro\u201d con Colui che \u00e8 la Speranza nata nella \u201cGrotta di Betlemme\u201d.<\/p>\n<p style=\"text-align: justify;\"><b>L\u2019evento avr\u00e0 inizio con un concerto natalizio a cura dei bambini della scuola primaria<\/b> alla conclusione del quale ci muoveremo <b>tutti verso le vie del centro storico dove ci saranno<\/b>: <b>la strada del collezionismo, della pittura e della fotografia, la strada dell\u2019artigianato, dei mercatini di oggetti prodotti per l\u2019occasione<\/b> e, infine, degli stand dove sar\u00e0 possibile d<b><img loading=\"lazy\" decoding=\"async\" class=\" alignright size-full wp-image-31906\" style=\"margin: 4px; float: right;\" alt=\"la grotta dedlla speranza manifesto\" src=\"https:\/\/archiviogioia.lavocedelpaese.info\/wp-content\/uploads\/2012\/12\/la_grotta_dedlla_speranza_manifesto.jpg\" height=\"495\" width=\"350\" srcset=\"https:\/\/archiviogioia.lavocedelpaese.info\/wp-content\/uploads\/2012\/12\/la_grotta_dedlla_speranza_manifesto.jpg 350w, https:\/\/archiviogioia.lavocedelpaese.info\/wp-content\/uploads\/2012\/12\/la_grotta_dedlla_speranza_manifesto-212x300.jpg 212w\" sizes=\"auto, (max-width: 350px) 100vw, 350px\" \/><\/b>egustare alcuni prodotti gastronomici.<\/p>\n<p style=\"text-align: justify;\">Questo evento vedr\u00e0 la <b>partecipazione di tanti concittadini, di gruppi e associazioni<\/b> <b>anche da fuori Sammichele<\/b>, di quanti vorranno condividere con noi, <b>attraverso la propria arte<\/b>, questa manifestazione.<\/p>\n<p style=\"text-align: justify;\">Ci saranno altri <b>due momenti importanti<\/b>: uno culturale attraverso <b>la lettura di alcuni testi sul \u201csenso del Natale\u201d<\/b> e, a fine serata, un momento di preghiera e ringraziamento presso la Chiesa della Maddalena.<\/p>\n<p style=\"text-align: justify;\"><b>Perch\u00e9 ci siamo impegnati in questo evento?<\/b><\/p>\n<p style=\"text-align: justify;\">Vogliamo <b>provare a \u201ccontagiare\u201d la nostra comunit\u00e0 con il vero senso del Natale<\/b>, rivivendo questa festa mettendo al \u201ccentro\u201d dell\u2019attenzione il vero festeggiato: l\u2019uomo. Ridare in questo modo al Natale, la sua vera identit\u00e0 e il suo vero significato: fratellanza, pace, rispetto, ascolto, gioia, amore, incontro, festa\u2026 semplicit\u00e0 nello scegliere e scambiarsi \u201cdoni\u201d e non corsa sfrenata ai regali; ritorno allo scambio di auguri, quelli veri, quelli pensati e dedicati alle persone che ci circondano e che amiamo.<\/p>\n<p style=\"text-align: justify;\"><b>Vogliamo \u201csognare\u201d la possibilit\u00e0 di ritrovare la serenit\u00e0 e la gioia del vivere quotidiano<\/b> nello stile della condivisione e, soprattutto, della solidariet\u00e0. Con anticipo auguriamo a tutti uno speciale e felice Natale, nella certezza che Natale non \u00e8 solo il 25 Dicembre ma \u00e8 ogni volta ed ogni giorno che lasciamo \u201crinascere\u201d il Bambinello nel nostro cuore, per il bene di ognuno<\/p>\n<p style=\"text-align: justify;\"><b>Ingresso libero<\/b>. <b>Per maggiori informazioni<\/b> 3277953426.<\/p>\n<p style=\"text-align: justify;\"><b>In caso di pioggia<\/b> la manifestazione si svolger\u00e0 domenica <b>23 dicembre<\/b>.<\/p>\n<p>&nbsp;<\/p>\n","protected":false},"excerpt":{"rendered":"","protected":false},"author":1,"featured_media":31904,"comment_status":"open","ping_status":"closed","sticky":false,"template":"","format":"standard","meta":{"colormag_page_container_layout":"default_layout","colormag_page_sidebar_layout":"default_layout","footnotes":""},"categories":[7],"tags":[],"class_list":["post-31907","post","type-post","status-publish","format-standard","has-post-thumbnail","hentry","category-attualita"],"_links":{"self":[{"href":"https:\/\/archiviogioia.lavocedelpaese.info\/index.php?rest_route=\/wp\/v2\/posts\/31907","targetHints":{"allow":["GET"]}}],"collection":[{"href":"https:\/\/archiviogioia.lavocedelpaese.info\/index.php?rest_route=\/wp\/v2\/posts"}],"about":[{"href":"https:\/\/archiviogioia.lavocedelpaese.info\/index.php?rest_route=\/wp\/v2\/types\/post"}],"author":[{"embeddable":true,"href":"https:\/\/archiviogioia.lavocedelpaese.info\/index.php?rest_route=\/wp\/v2\/users\/1"}],"replies":[{"embeddable":true,"href":"https:\/\/archiviogioia.lavocedelpaese.info\/index.php?rest_route=%2Fwp%2Fv2%2Fcomments&post=31907"}],"version-history":[{"count":0,"href":"https:\/\/archiviogioia.lavocedelpaese.info\/index.php?rest_route=\/wp\/v2\/posts\/31907\/revisions"}],"wp:featuredmedia":[{"embeddable":true,"href":"https:\/\/archiviogioia.lavocedelpaese.info\/index.php?rest_route=\/wp\/v2\/media\/31904"}],"wp:attachment":[{"href":"https:\/\/archiviogioia.lavocedelpaese.info\/index.php?rest_route=%2Fwp%2Fv2%2Fmedia&parent=31907"}],"wp:term":[{"taxonomy":"category","embeddable":true,"href":"https:\/\/archiviogioia.lavocedelpaese.info\/index.php?rest_route=%2Fwp%2Fv2%2Fcategories&post=31907"},{"taxonomy":"post_tag","embeddable":true,"href":"https:\/\/archiviogioia.lavocedelpaese.info\/index.php?rest_route=%2Fwp%2Fv2%2Ftags&post=31907"}],"curies":[{"name":"wp","href":"https:\/\/api.w.org\/{rel}","templated":true}]}}