{"id":32084,"date":"2012-12-09T07:47:43","date_gmt":"2012-12-09T07:47:43","guid":{"rendered":"https:\/\/archiviogioia.lavocedelpaese.info\/?p=32084"},"modified":"2012-12-09T07:47:43","modified_gmt":"2012-12-09T07:47:43","slug":"saffioti-e-le-mafie-il-punto-di-vista-degli-studenti","status":"publish","type":"post","link":"https:\/\/archiviogioia.lavocedelpaese.info\/?p=32084","title":{"rendered":"SAFFIOTI E LE MAFIE: IL PUNTO DI VISTA DEGLI STUDENTI"},"content":{"rendered":"<p><img loading=\"lazy\" decoding=\"async\" class=\" size-full wp-image-32074\" style=\"margin-right: 2px; margin-left: 2px;\" alt=\"saffioti-e-le-mafie-pp\" src=\"https:\/\/archiviogioia.lavocedelpaese.info\/wp-content\/uploads\/2012\/12\/saffioti-e-le-mafie-pp.png\" height=\"150\" width=\"320\" srcset=\"https:\/\/archiviogioia.lavocedelpaese.info\/wp-content\/uploads\/2012\/12\/saffioti-e-le-mafie-pp.png 320w, https:\/\/archiviogioia.lavocedelpaese.info\/wp-content\/uploads\/2012\/12\/saffioti-e-le-mafie-pp-300x141.png 300w\" sizes=\"auto, (max-width: 320px) 100vw, 320px\" \/><\/p>\n<p><!--more--><\/p>\n<p style=\"text-align: justify;\"><img loading=\"lazy\" decoding=\"async\" class=\" alignleft size-full wp-image-32076\" style=\"margin: 4px; float: left;\" alt=\"saffioti auditorium liceo\" src=\"https:\/\/archiviogioia.lavocedelpaese.info\/wp-content\/uploads\/2012\/12\/saffioti_auditorium_liceo.jpg\" height=\"240\" width=\"320\" srcset=\"https:\/\/archiviogioia.lavocedelpaese.info\/wp-content\/uploads\/2012\/12\/saffioti_auditorium_liceo.jpg 640w, https:\/\/archiviogioia.lavocedelpaese.info\/wp-content\/uploads\/2012\/12\/saffioti_auditorium_liceo-300x225.jpg 300w\" sizes=\"auto, (max-width: 320px) 100vw, 320px\" \/>Sabato 1 dicembre 2012 <b>la comunit\u00e0 scolastica dei Licei Classico e Scientifico di Gioia del Colle ha incontrato l&#8217;imprenditore calabrese Gaetano Saffioti<\/b>, in un momento di interessamento collettivo verso il problema &#8220;mafia&#8221;. <b>Sono ormai undici anni che Saffioti e la sua famiglia vivono costantemente sotto scorta<\/b>. La scelta effettuata nel 2001 di denunciare alcuni crimini subiti da parte della &#8216;Ndrangheta lo ha portato a una vita di isolamento ed emarginazione sociale. <b>A volte il prezzo da pagare per la libert\u00e0 \u00e8 davvero altissimo<\/b>, in un contesto in cui, come in Calabria, la mafia \u00e8 parte integrante dell&#8217;ambiente socio-culturale, <b>denunciare<\/b> e porsi in netto contrasto con essa, <b>significa un vero e proprio esilio<\/b>. Tanto vale, allora, migrare. Questo \u00e8 ci\u00f2 che hanno fatto molti testimoni e collaboratori di giustizia. Una scelta personale non discutibile.<\/p>\n<p style=\"text-align: justify;\"><b>Ma che messaggio si d\u00e0 agli abitanti dei luoghi interessati, cos\u00ec facendo?<\/b> <img loading=\"lazy\" decoding=\"async\" class=\" alignright size-full wp-image-32078\" style=\"margin: 4px; float: right;\" alt=\"saffioti e liceali\" src=\"https:\/\/archiviogioia.lavocedelpaese.info\/wp-content\/uploads\/2012\/12\/saffioti_e_liceali.jpg\" height=\"240\" width=\"320\" srcset=\"https:\/\/archiviogioia.lavocedelpaese.info\/wp-content\/uploads\/2012\/12\/saffioti_e_liceali.jpg 640w, https:\/\/archiviogioia.lavocedelpaese.info\/wp-content\/uploads\/2012\/12\/saffioti_e_liceali-300x225.jpg 300w\" sizes=\"auto, (max-width: 320px) 100vw, 320px\" \/>Bisogna per forza abbandonare il proprio paese? \u00c8 cosa difficile, ma <b>Gaetano Saffioti \u00e8 l&#8217;esempio che si pu\u00f2 continuare a vivere l\u00e0 dove si \u00e8 denunciato<\/b>. Egli ha deciso di restare a casa proprio per far trapelare questo messaggio che dovrebbe essere incoraggiante per coloro che vogliano percorrere la strada della giustizia.<\/p>\n<p style=\"text-align: justify;\"><b>Tante volte prima del 2001 Saffioti aveva pensato di denunciare<\/b>, ma in molti casi non avrebbe incontrato neppure l&#8217;appoggio della forza pubblica, anch&#8217;essa corrotta. Spesso <b>siamo portati a credere che la lotta alla mafia debba essere condotta dall&#8217;alto delle istituzioni<\/b>, che debba essere lo Stato a estirpare la criminalit\u00e0 organizzata. Ma lo Stato cos&#8217;\u00e8? <b>Lo Stato siamo noi<\/b>.<\/p>\n<p style=\"text-align: justify;\"><b>Non cambier\u00e0 mai nulla se prima non si mobiliter\u00e0 la gente comune<\/b>. Se i <img loading=\"lazy\" decoding=\"async\" class=\" alignleft size-full wp-image-32080\" style=\"margin: 4px; float: left;\" alt=\"saffioti e liceali2\" src=\"https:\/\/archiviogioia.lavocedelpaese.info\/wp-content\/uploads\/2012\/12\/saffioti_e_liceali2.jpg\" height=\"240\" width=\"320\" srcset=\"https:\/\/archiviogioia.lavocedelpaese.info\/wp-content\/uploads\/2012\/12\/saffioti_e_liceali2.jpg 640w, https:\/\/archiviogioia.lavocedelpaese.info\/wp-content\/uploads\/2012\/12\/saffioti_e_liceali2-300x225.jpg 300w\" sizes=\"auto, (max-width: 320px) 100vw, 320px\" \/>pi\u00f9 si comportassero come Saffioti, <b>gli atti di denuncia non rappresenterebbero singole eccezioni<\/b>, ma costituirebbero la normalit\u00e0. Un mondo con una tale &#8220;normalit\u00e0&#8221; sarebbe davvero un mondo migliore, e <b>i testimoni di giustizia non avrebbero bisogno di una scorta<\/b>, bens\u00ec sarebbero i criminali a dover avere paura. <b>\u00c8 proprio la mentalit\u00e0 collettiva che \u00e8 sbagliata<\/b>.<\/p>\n<p style=\"text-align: justify;\"><b>Molti comportamenti ormai comuni hanno tendenze mafiose<\/b>, a partire dal trionfo dei <b>favoritismi&nbsp;sulla meritocrazia<\/b>. L&#8217;autoassoluzione di coloro che si lasciano soggiogare dai pizzi \u00e8 un acconsentire ai giochi della mafia. L&#8217;esperienza dell&#8217;imprenditore calabrese \u00e8 stata durissima. <b>Saffioti \u00e8 stato lasciato solo da tutti<\/b>. L&#8217;hanno abbandonato gli amici, molti parenti. Nessuno osava accostarsi pi\u00f9 a lui. Il suo atto di giustizia era considerato &#8220;tradimento&#8221;.<\/p>\n<p style=\"text-align: justify;\"><b><img loading=\"lazy\" decoding=\"async\" class=\" alignright size-full wp-image-32082\" style=\"margin: 4px; float: right;\" alt=\"saffioti01g\" src=\"https:\/\/archiviogioia.lavocedelpaese.info\/wp-content\/uploads\/2012\/12\/saffioti01g.jpg\" height=\"245\" width=\"320\" \/>Tradire la &#8216;Ndrangheta significava tradire tutti, perch\u00e9 la &#8216;ndrangheta sono tutti<\/b>. Per anni la sua impresa ha visto crollare drasticamente il proprio fatturato, non \u00e8 stata vinta neanche una gara d&#8217;appalto, quando prima era abituata ad aggiudicarsene molte. <b>Questa scelta \u00e8 costata davvero cara a Saffioti, ma egli ora si sente un uomo libero<\/b>.<\/p>\n<p style=\"text-align: justify;\"><b>Qualcosa adesso sta cambiando<\/b>. <b>Gli operai oggi fanno quasi la fila per essere assunti dall&#8217;imprenditore<\/b>. E questo soltanto perch\u00e9 Saffioti non viola i loro diritti, come dovrebbe essere d&#8217;altronde naturale, <b>perch\u00e9 li paga regolarmente, perch\u00e9 non elimina la tredicesima<\/b>. Semplici garanzie che fanno la differenza.<\/p>\n<p style=\"text-align: justify;\"><b>Se oggi Saffioti \u00e8 rinato come imprenditore<\/b> ed \u00e8 invitato a portare la sua testimonianza in conferenze anche televisive, <b>dopo essere restato per anni nel buio<\/b>, forse qualcosa in questo mondo sta cambiando. <b>Forse possiamo cominciare a sperare<\/b>.<\/p>\n<p>&nbsp;<\/p>\n","protected":false},"excerpt":{"rendered":"","protected":false},"author":1,"featured_media":32074,"comment_status":"open","ping_status":"closed","sticky":false,"template":"","format":"standard","meta":{"colormag_page_container_layout":"default_layout","colormag_page_sidebar_layout":"default_layout","footnotes":""},"categories":[7],"tags":[],"class_list":["post-32084","post","type-post","status-publish","format-standard","has-post-thumbnail","hentry","category-attualita"],"_links":{"self":[{"href":"https:\/\/archiviogioia.lavocedelpaese.info\/index.php?rest_route=\/wp\/v2\/posts\/32084","targetHints":{"allow":["GET"]}}],"collection":[{"href":"https:\/\/archiviogioia.lavocedelpaese.info\/index.php?rest_route=\/wp\/v2\/posts"}],"about":[{"href":"https:\/\/archiviogioia.lavocedelpaese.info\/index.php?rest_route=\/wp\/v2\/types\/post"}],"author":[{"embeddable":true,"href":"https:\/\/archiviogioia.lavocedelpaese.info\/index.php?rest_route=\/wp\/v2\/users\/1"}],"replies":[{"embeddable":true,"href":"https:\/\/archiviogioia.lavocedelpaese.info\/index.php?rest_route=%2Fwp%2Fv2%2Fcomments&post=32084"}],"version-history":[{"count":0,"href":"https:\/\/archiviogioia.lavocedelpaese.info\/index.php?rest_route=\/wp\/v2\/posts\/32084\/revisions"}],"wp:featuredmedia":[{"embeddable":true,"href":"https:\/\/archiviogioia.lavocedelpaese.info\/index.php?rest_route=\/wp\/v2\/media\/32074"}],"wp:attachment":[{"href":"https:\/\/archiviogioia.lavocedelpaese.info\/index.php?rest_route=%2Fwp%2Fv2%2Fmedia&parent=32084"}],"wp:term":[{"taxonomy":"category","embeddable":true,"href":"https:\/\/archiviogioia.lavocedelpaese.info\/index.php?rest_route=%2Fwp%2Fv2%2Fcategories&post=32084"},{"taxonomy":"post_tag","embeddable":true,"href":"https:\/\/archiviogioia.lavocedelpaese.info\/index.php?rest_route=%2Fwp%2Fv2%2Ftags&post=32084"}],"curies":[{"name":"wp","href":"https:\/\/api.w.org\/{rel}","templated":true}]}}