{"id":32106,"date":"2012-12-09T08:13:38","date_gmt":"2012-12-09T08:13:38","guid":{"rendered":"https:\/\/archiviogioia.lavocedelpaese.info\/?p=32106"},"modified":"2012-12-09T08:13:38","modified_gmt":"2012-12-09T08:13:38","slug":"saffioti-a-gioia-presenza-ingombrante-per-i-politici-foto","status":"publish","type":"post","link":"https:\/\/archiviogioia.lavocedelpaese.info\/?p=32106","title":{"rendered":"SAFFIOTI A GIOIA, PRESENZA \u201cINGOMBRANTE\u201d PER I POLITICI?"},"content":{"rendered":"<p><img loading=\"lazy\" decoding=\"async\" class=\" size-full wp-image-32086\" style=\"margin-right: 2px; margin-left: 2px;\" alt=\"saffioti-a-gioia-chiostro-pp\" src=\"https:\/\/archiviogioia.lavocedelpaese.info\/wp-content\/uploads\/2012\/12\/saffioti-a-gioia-chiostro-pp.png\" height=\"150\" width=\"320\" srcset=\"https:\/\/archiviogioia.lavocedelpaese.info\/wp-content\/uploads\/2012\/12\/saffioti-a-gioia-chiostro-pp.png 640w, https:\/\/archiviogioia.lavocedelpaese.info\/wp-content\/uploads\/2012\/12\/saffioti-a-gioia-chiostro-pp-300x141.png 300w\" sizes=\"auto, (max-width: 320px) 100vw, 320px\" \/><\/p>\n<p><!--more--><\/p>\n<p style=\"text-align: justify;\"><img loading=\"lazy\" decoding=\"async\" class=\" alignleft size-full wp-image-27933\" style=\"margin: 4px; float: left;\" alt=\"GaetanoSaffioti\" src=\"https:\/\/archiviogioia.lavocedelpaese.info\/wp-content\/uploads\/2012\/11\/GaetanoSaffioti.jpeg\" height=\"224\" width=\"268\" srcset=\"https:\/\/archiviogioia.lavocedelpaese.info\/wp-content\/uploads\/2012\/11\/GaetanoSaffioti.jpeg 401w, https:\/\/archiviogioia.lavocedelpaese.info\/wp-content\/uploads\/2012\/11\/GaetanoSaffioti-300x251.jpeg 300w\" sizes=\"auto, (max-width: 268px) 100vw, 268px\" \/>\u201c<b>C\u2019\u00e8 chi dice no<\/b>\u201d e decide di narrarsi per dare un senso a <b>quel \u201cno\u201d represso per anni, soffocato per dare serenit\u00e0 alla famiglia ed infine urlato <\/b>perch\u00e9 altri prendano coraggio e tanti \u201cno\u201d cambino le sorti del futuro e diano una speranza di guarigione a questo \u201cmondo malato\u201d.<\/p>\n<p style=\"text-align: justify;\"><b>Gaetano Saffioti<\/b>, testimonial del battesimo del <b>presidio gioiese di Libera<\/b> <b>oggi intitolato a Donato Boscia, <\/b>trascorre il 1\u00b0 dicembre a Gioia, obbligando moglie e figlio ai \u201cdomiciliari\u201d, essendo a disposizione della famiglia una sola scorta.<\/p>\n<h3 style=\"text-align: center;\"><b>In auditorium al Canudo<\/b><\/h3>\n<p style=\"text-align: justify;\"><b><img loading=\"lazy\" decoding=\"async\" class=\" alignright size-full wp-image-32089\" style=\"margin: 4px; float: right;\" alt=\"saffioti e studenti\" src=\"https:\/\/archiviogioia.lavocedelpaese.info\/wp-content\/uploads\/2012\/12\/saffioti_e_studenti.jpg\" height=\"293\" width=\"220\" srcset=\"https:\/\/archiviogioia.lavocedelpaese.info\/wp-content\/uploads\/2012\/12\/saffioti_e_studenti.jpg 384w, https:\/\/archiviogioia.lavocedelpaese.info\/wp-content\/uploads\/2012\/12\/saffioti_e_studenti-225x300.jpg 225w\" sizes=\"auto, (max-width: 220px) 100vw, 220px\" \/>Di mattina \u00e8 con gli studenti di terza media della Carano, della Losapio e di quinta Liceo e ITIS nell\u2019Auditorium del Canudo<\/b>.<\/p>\n<p style=\"text-align: justify;\">Dopo la proiezione del filmato dell&#8217;intervento di <b>Gaetano Saffioti<\/b> alla trasmissione di Fazio, <b>Nicola Romanelli<\/b> brevemente presenta l\u2019evento e il testimone di giustizia, per poi lasciare la parola alla professoressa <b>Grazia Procino<\/b> portavoce del preside <b>Rocco Fazio<\/b>.<\/p>\n<p style=\"text-align: justify;\">Attraverso le parole di Caponnetto, la professoressa ricorda il ruolo della <b>scuola<\/b> &#8211; <b>baluardo di legalit\u00e0 e di educazione alle regole<\/b> &#8211; capace di annientare la mafia e <b>in grado di eliminare la soggezione mentale e culturale <\/b>in quei giovani che sono attratti dal potere e dal &#8220;rispetto&#8221; che i mafiosi alimentano. Quindi <b>Piera De Giorgi<\/b>, assessore alla Cultura, <b>esprime<\/b> la sua <b>soddisfazione per la presenza di un testimone di giustizia<\/b> che si qualifica come un <b>modello<\/b> <b>ed <\/b>un <b>eroe<\/b> <b>della modernit\u00e0 per le giovani generazioni<\/b>, che hanno bisogno di riconoscere concretamente in esempi viventi il valore della legalit\u00e0.<\/p>\n<p style=\"text-align: justify;\"><img loading=\"lazy\" decoding=\"async\" class=\" alignleft size-full wp-image-32091\" style=\"margin: 4px; float: left;\" alt=\"saffioti de giorgi liceo\" src=\"https:\/\/archiviogioia.lavocedelpaese.info\/wp-content\/uploads\/2012\/12\/saffioti_de_giorgi_liceo.jpg\" height=\"240\" width=\"320\" srcset=\"https:\/\/archiviogioia.lavocedelpaese.info\/wp-content\/uploads\/2012\/12\/saffioti_de_giorgi_liceo.jpg 640w, https:\/\/archiviogioia.lavocedelpaese.info\/wp-content\/uploads\/2012\/12\/saffioti_de_giorgi_liceo-300x225.jpg 300w\" sizes=\"auto, (max-width: 320px) 100vw, 320px\" \/>Saffioti conquista i ragazzi e docenti raccontando con grande sincerit\u00e0 e senza retorica la sua storia, le sue paure, la decisione di non piegarsi alla \u2018ndrangheta, di conservare la sua dignit\u00e0 di uomo libero, <b>esempio importante per suo figlio cui non vuole lasciare in eredit\u00e0 \u201cun mondo malato\u201d<\/b>.<\/p>\n<p style=\"text-align: justify;\">\u201c<b>Non pi\u00f9 solo sogni e speranze ma certezze!<\/b>\u201d, questo lo <b>slogan coniato nell\u2019incontro durato tre ore ed anche oltre<\/b>, perch\u00e9 gli studenti davvero non vogliono lasciarlo andare!<\/p>\n<p style=\"text-align: justify;\">Il vissuto di <b>Dario Motta<\/b>, nella cronaca pubblicata che invitiamo a leggere, riporta il pensiero e il punto di vista di tanti studenti (<a href=\"attualita\/6138-saffioti-e-le-mafie-il-punto-di-vista-degli-studenti.html\">SAFFIOTI E LE MAFIE: IL PUNTO DI VISTA DEGLI STUDENTI<\/a>).<\/p>\n<h3 style=\"text-align: center;\"><b>In Sala Consiliare<\/b><\/h3>\n<p style=\"text-align: justify;\" href=\"attualita\/4614-lo-stato-siamo-noi-libera-ricorda-donato-boscia-.html\"><img loading=\"lazy\" decoding=\"async\" class=\" alignright size-full wp-image-32093\" style=\"margin: 4px; float: right;\" alt=\"libera targa boscia-sindaco\" src=\"https:\/\/archiviogioia.lavocedelpaese.info\/wp-content\/uploads\/2012\/12\/libera_targa_boscia-sindaco.jpg\" height=\"240\" width=\"320\" srcset=\"https:\/\/archiviogioia.lavocedelpaese.info\/wp-content\/uploads\/2012\/12\/libera_targa_boscia-sindaco.jpg 640w, https:\/\/archiviogioia.lavocedelpaese.info\/wp-content\/uploads\/2012\/12\/libera_targa_boscia-sindaco-300x225.jpg 300w\" sizes=\"auto, (max-width: 320px) 100vw, 320px\" \/>Una breve pausa per pranzare quindi tutti nell\u2019aula consiliare dove il sindaco <b>Sergio Povia<\/b> consegna una targa in ricordo della giornata a <b>Diego<\/b>, fratello di <b>Donato Boscia<\/b>, <b>giovane ingegnere gioiese ucciso<\/b> a Palermo nel 1988 <b>per non aver \u201cdetto s\u00ec\u201d alla mafia<\/b>, di cui si pu\u00f2 leggere una breve biografia su (<a href=\"attualita\/4614-lo-stato-siamo-noi-libera-ricorda-donato-boscia-.html\"><span style=\"text-decoration: none;\">\u201cLO STATO SIAMO NOI\u201d: LIBERA RICORDA DONATO BOSCIA). <\/span><\/a><\/p>\n<p style=\"text-align: justify;\">Sulla targa queste parole: <b>\u201cIL SACRIFICIO DELLA VITA DI DONATO BOSCIA PER GLI IDEALI DI LEGALIT\u00c1 E GIUSTIZIA, DI COERENZA E LIBERT\u00c1, SONO MONITO ED ESEMPIO IMPERITURI PER TUTTA LA COMUNIT\u00c1 GIOIESE. ALLA FAMIGLIA BOSCIA, GRATI.\u201d<\/b><\/p>\n<p style=\"text-align: justify;\">\u201c<b>Libera nasce da un impegno etico, dalla necessit\u00e0 di diffondere e far acquisire la cultura della legalit\u00e0 <\/b>&#8211; afferma <b>Dina Montebello<\/b>, tra i fondatori del presidio &#8211; purtroppo abbiamo ancora bisogno di eroi come <b>Donato Boscia<\/b> e <b>Gaetano Saffioti<\/b> che ci diano esempi. La montagna dell\u2019omert\u00e0, dell\u2019illegalit\u00e0, <img loading=\"lazy\" decoding=\"async\" class=\" alignleft size-full wp-image-32094\" style=\"margin: 4px; float: left;\" alt=\"saffioti aula consiliare\" src=\"https:\/\/archiviogioia.lavocedelpaese.info\/wp-content\/uploads\/2012\/12\/saffioti_aula_consiliare.jpg\" height=\"240\" width=\"320\" srcset=\"https:\/\/archiviogioia.lavocedelpaese.info\/wp-content\/uploads\/2012\/12\/saffioti_aula_consiliare.jpg 640w, https:\/\/archiviogioia.lavocedelpaese.info\/wp-content\/uploads\/2012\/12\/saffioti_aula_consiliare-300x225.jpg 300w\" sizes=\"auto, (max-width: 320px) 100vw, 320px\" \/>del malaffare, della collusione, del sopruso perpetrato dai prepotenti \u00e8 ancora ardua da scalare, ma <b>abbiamo buone guide cui ispirarci, sono loro i punti di riferimento del nostro impegno, le coordinate etiche, politiche, sociali\u2026<\/b> La forza di dire \u201cno\u201d di Donato Boscia \u00e8 la nostra speranza, la nostra \u201caria pulita\u201d da respirare\u201d.<\/p>\n<p style=\"text-align: justify;\">Un momento di grande suggestione lo si vive nella lettura di due dei lavori premiati nella prima edizione del concorso \u201c<b>Lo Stato siamo noi<\/b>\u201d che quest\u2019anno sar\u00e0 riproposto.<\/p>\n<p style=\"text-align: justify;\"><b>Ilaria Fico<\/b>, lo scorso anno in 3<sup>a<\/sup> C al Classico legge &#8220;<b>Il mio testamento: disegno di una profezia<\/b>&#8220;, racconto di cui <b>Donato Boscia<\/b> \u00e8 protagonista ed ispiratore, mentre la poesia &#8220;<b>Non talari ma scarpette di cristallo&#8221;<\/b> di <b>Maria Natile Martino<\/b> viene letta da <b>Francesca Errico<\/b> di 2<sup>a<\/sup> A. Entrambe le opere hanno vinto il primo premio rispettivamente nella sezione \u201cRacconto breve\u201d e \u201cpoesia\u201d (<a href=\"attualita\/4602-masciari-mafie-e-politica-stringono-alleanze-foto-video-.html\"><span style=\"text-decoration: none;\">MASCIARI: \u201cMAFIE E POLITICA STRINGONO ALLEANZE\u201d-foto<\/span><\/a>).<\/p>\n<h3 style=\"text-align: center;\"><b>Nel Chiostro di Palazzo San Domenico<\/b><\/h3>\n<p style=\"text-align: justify;\"><img loading=\"lazy\" decoding=\"async\" class=\" alignright size-full wp-image-32095\" style=\"margin: 4px; float: right;\" alt=\"saffioti tavolo relatori\" src=\"https:\/\/archiviogioia.lavocedelpaese.info\/wp-content\/uploads\/2012\/12\/saffioti_tavolo_relatori.jpg\" height=\"240\" width=\"320\" srcset=\"https:\/\/archiviogioia.lavocedelpaese.info\/wp-content\/uploads\/2012\/12\/saffioti_tavolo_relatori.jpg 640w, https:\/\/archiviogioia.lavocedelpaese.info\/wp-content\/uploads\/2012\/12\/saffioti_tavolo_relatori-300x225.jpg 300w\" sizes=\"auto, (max-width: 320px) 100vw, 320px\" \/>La serata si conclude nel chiostro con Saffioti al tavolo dei relatori, accanto a lui <b>Nicola Romanelli, il giornalista Antonio Murzio, Piera De Giorgi<\/b> e il referente provinciale di Libera, <b>Mario D\u2019Abbicco<\/b>.<\/p>\n<p style=\"text-align: justify;\"><b>Nel video<\/b> proiettato prima di iniziare l\u2019incontro, <b>Saffioti esprime la sua \u201csete d\u2019aria\u201d<\/b> che non si insinua nei vetri blindati delle auto e delle finestre, n\u00e9 si percepisce nel cortile racchiuso da alte mura\u2026 <b>questo il prezzo da pagare per sentirsi un uomo libero<\/b>.<\/p>\n<p style=\"text-align: justify;\"><b>Nicola Romanelli<\/b> saluta e ringrazia i presenti, registrando la sconfortante quasi totale assenza dei consiglieri e dei membri della Giunta &#8211; parzialmente presenti poco prima in sala consiliare &#8211; e dei sacerdoti locali.<\/p>\n<p style=\"text-align: justify;\">\u201cSono grata a Libera per aver organizzato questa giornata &#8211; dichiara la <b>De Giorgi<\/b> &#8211; un momento di crescita per la comunit\u00e0. <b>Saffioti<\/b> non si nasconde dietro le parole, <b>ha tradotto l\u2019anelito alla libert\u00e0 e il bisogno di legalit\u00e0<\/b>.\u201d<\/p>\n<p style=\"text-align: justify;\"><b><img loading=\"lazy\" decoding=\"async\" class=\" alignleft size-full wp-image-32096\" style=\"margin: 4px; float: left;\" alt=\"saffioti tavolo relatori2\" src=\"https:\/\/archiviogioia.lavocedelpaese.info\/wp-content\/uploads\/2012\/12\/saffioti_tavolo_relatori2.jpg\" height=\"240\" width=\"320\" srcset=\"https:\/\/archiviogioia.lavocedelpaese.info\/wp-content\/uploads\/2012\/12\/saffioti_tavolo_relatori2.jpg 640w, https:\/\/archiviogioia.lavocedelpaese.info\/wp-content\/uploads\/2012\/12\/saffioti_tavolo_relatori2-300x225.jpg 300w\" sizes=\"auto, (max-width: 320px) 100vw, 320px\" \/>Antonio Murzio<\/b> traccia una breve biografia di Gaetano, nato nel \u201961 a Palmi, secondo di sei figli.<\/p>\n<p style=\"text-align: justify;\">\u201cSuo padre produce olio di oliva e Gaetano lavora con lui sin da piccolo, lo perde a soli 50 anni a causa di un tumore. <b>A 20 anni mette su un\u2019impresa di movimentazione terra<\/b> &#8211; racconta Murzio -, <b>dieci anni dopo incrementa l\u2019attivit\u00e0 con un impianto di calcestruzzo<\/b> e vince appalti pubblici e privati.&#8221; <b>Gli affari vanno bene<\/b> e la \u2018ndrangheta &#8211; che lo tiene d\u2019occhio da sempre -, pretende il suo \u201cobolo\u201d.<\/p>\n<p style=\"text-align: justify;\">\u201c<b>Si presentavano a tutte le ore<\/b> &#8211; racconta Saffioti -, io preparavo i soldi e li consegnavo a pacchi da dieci milioni. Erano cordiali, sapevano prima di me che mi era arrivato un accredito in banca e <b>venivano a riscuotere la percentuale, dal 3 al 15 per cento<\/b>\u201d.<\/p>\n<p style=\"text-align: justify;\">Gli <b>attentati intimidatori<\/b> non cessano. In uno di questi, l&#8217;incendio di un mezzo <img loading=\"lazy\" decoding=\"async\" class=\" alignright size-full wp-image-32097\" style=\"margin: 4px; float: right;\" alt=\"saffioti al chiostro\" src=\"https:\/\/archiviogioia.lavocedelpaese.info\/wp-content\/uploads\/2012\/12\/saffioti_al_chiostro.JPG\" height=\"240\" width=\"320\" srcset=\"https:\/\/archiviogioia.lavocedelpaese.info\/wp-content\/uploads\/2012\/12\/saffioti_al_chiostro.JPG 640w, https:\/\/archiviogioia.lavocedelpaese.info\/wp-content\/uploads\/2012\/12\/saffioti_al_chiostro-300x225.jpg 300w\" sizes=\"auto, (max-width: 320px) 100vw, 320px\" \/>in pieno giorno, il fratello di Gaetano rischia di morire.<\/p>\n<p style=\"text-align: justify;\">Per il procuratore <b>Roberto Pennisi<\/b> chi non denuncia \u00e8 un codardo. <b>Saffioti nel 2002 si presenta dal procuratore dicendogli di non essere un codardo e denuncia 48 mafiosi.<\/b><\/p>\n<p style=\"text-align: justify;\">\u201cIn pochi giorni <b>persi tutte le commesse e 55 dei 60 operai<\/b>. <b>Uno di loro<\/b> l\u2019ho rivisto <b>tirato a lucido, in Mercedes<\/b>, era al soldo dei mafiosi ed ora esce ed entra dal carcere, <b>\u00e8 venuto persino a chiedermi il pizzo<\/b>. Gli ho chiesto: \u201c<b>Ma cosa fai?<\/b>\u201d e lui mi ha risposto: \u201c<b>Quando lavoravo qui tornavo pieno di polvere e mi alzavo alle 5, oggi ho il rispetto di tutti e vado quando mi chiamano.<\/b>\u201d Il fatturato scese <b>da 15 milioni a 500 mila euro<\/b>, <b>le banche mi chiudevano i conti<\/b> <b>attivi<\/b>, i fornitori mi chiedevano fideiussioni oltre il terzo grado di parentela perch\u00e9 \u201ctu sei un morto che cammina\u201d. Mia moglie piangeva. <b>I clienti sparivano, nemmeno le confraternite venivano pi\u00f9 a chiedermi i <img loading=\"lazy\" decoding=\"async\" class=\" alignleft size-full wp-image-32099\" style=\"margin: 4px; float: left;\" alt=\"saffioti pubblico\" src=\"https:\/\/archiviogioia.lavocedelpaese.info\/wp-content\/uploads\/2012\/12\/saffioti_pubblico.jpg\" height=\"240\" width=\"320\" srcset=\"https:\/\/archiviogioia.lavocedelpaese.info\/wp-content\/uploads\/2012\/12\/saffioti_pubblico.jpg 640w, https:\/\/archiviogioia.lavocedelpaese.info\/wp-content\/uploads\/2012\/12\/saffioti_pubblico-300x225.jpg 300w\" sizes=\"auto, (max-width: 320px) 100vw, 320px\" \/>contributi per le feste patronali<\/b>. Si cerca di far terra bruciata intorno a chi fa scelte di legalit\u00e0.<b> In Italia non c\u2019\u00e8 libert\u00e0, nessuno \u00e8 pi\u00f9 schiavo di chi si crede libero. La mafia esiste perch\u00e9 siamo noi a farla esistere. Quando hai bisogno di una concessione edilizia, di un ricovero<\/b>\u2026 <b>C\u2019\u00e8 illegalit\u00e0 se c\u2019\u00e8 un corrotto e un corruttore<\/b>. Pubblicamente siamo persone per bene perch\u00e9 non spacciamo, non uccidiamo\u2026 ma <b>siamo noi a non far passare i valori<\/b>\u201d.<\/p>\n<p style=\"text-align: justify;\">\u201c<b>Io ho rifiutato i soldi dello Stato: non sono un pentito. In Calabria non lavoro pi\u00f9<\/b>, alle gare d&#8217;appalto arrivo sempre secondo. Le aziende che mi danno lavoro all&#8217;estero qui non mi parlano nemmeno per telefono. <b>Sopravvivo con i lavori in Spagna, in Francia, in Romania.<\/b> <b>Ho chiesto di lavorare gratis, anche per le parrocchie<\/b>, ma <b>hanno preferito spendere decine di migliaia di euro dando le commesse a una ditta sotto sequestro con il titolare inquisito<\/b>. In compenso <b>i 48 che ho fatto arrestare<\/b>, tutti condannati in primo grado, <b>tra patteggiamenti e sconti<\/b><img loading=\"lazy\" decoding=\"async\" class=\" alignright size-full wp-image-32101\" style=\"margin: 4px; float: right;\" alt=\"saffioti tavolo relatori3\" src=\"https:\/\/archiviogioia.lavocedelpaese.info\/wp-content\/uploads\/2012\/12\/saffioti_tavolo_relatori3.jpg\" height=\"240\" width=\"320\" srcset=\"https:\/\/archiviogioia.lavocedelpaese.info\/wp-content\/uploads\/2012\/12\/saffioti_tavolo_relatori3.jpg 640w, https:\/\/archiviogioia.lavocedelpaese.info\/wp-content\/uploads\/2012\/12\/saffioti_tavolo_relatori3-300x225.jpg 300w\" sizes=\"auto, (max-width: 320px) 100vw, 320px\" \/><b> di pena sono tutti liberi<\/b>. <b>Per\u00f2 resto qui, anche se non cambia niente e io ho sacrificato la vita, perch\u00e9 io non sono solo<\/b><b> condannato a morte, ma anche condannato a vita.<\/b> <b>Mi basta sapere che mio figlio ventenne e sotto scorta, mi capisce<\/b>. Qualche giorno fa mi ha detto: \u201cPap\u00e0, prendiamo il lato buono, io rispetto ai miei coetanei non ho mai problemi a trovare parcheggio!\u201d.<\/p>\n<p style=\"text-align: justify;\">La parola passa a <b>Mario D\u2019Abbicco<\/b> che ricorda quanto scritto poco prima di morire da <b>Rita Atria<\/b>, la diciassettenne che collabor\u00f2 con Borsellino dopo aver perso padre e fratello in agguati mafiosi e che <b>si suicid\u00f2 una settimana dopo la strage di via D\u2019Amelio<\/b>: \u201c<b>Prima di combattere la mafia devi farti un auto-esame di coscienza e poi, dopo aver sconfitto la mafia dentro di te, puoi combattere la mafia che c&#8217;\u00e8 nel giro dei tuoi amici, la mafia siamo noi ed il nostro modo sbagliato di comportarsi.<\/b>\u201d Quindi <b>D\u2019Abbicco<\/b> ha snocciolato i dati della corruzione tratti da \u201c<b>Atlante della corruzione<\/b>\u201d di <b>Alberto Vannucci<\/b>.<\/p>\n<p style=\"text-align: justify;\"><img loading=\"lazy\" decoding=\"async\" class=\" alignleft size-full wp-image-32103\" style=\"margin: 4px; float: left;\" alt=\"saffioti-e-stampa-comprata\" src=\"https:\/\/archiviogioia.lavocedelpaese.info\/wp-content\/uploads\/2012\/12\/saffioti-e-stampa-comprata.jpg\" height=\"240\" width=\"320\" srcset=\"https:\/\/archiviogioia.lavocedelpaese.info\/wp-content\/uploads\/2012\/12\/saffioti-e-stampa-comprata.jpg 640w, https:\/\/archiviogioia.lavocedelpaese.info\/wp-content\/uploads\/2012\/12\/saffioti-e-stampa-comprata-300x225.jpg 300w\" sizes=\"auto, (max-width: 320px) 100vw, 320px\" \/>\u201cSui bilanci pubblici <b>la corruzione costa dai 50 ai 60 miliardi di euro l\u2019anno<\/b>, 10 miliardi per la perdita di esercizio, <b>170 euro annui di reddito procapite<\/b>. Di contro <b>si tagliano i servizi per 17 miliardi, 8 tolti alle scuole, 2 alle politiche sociali, \u00e8 saltato persino l\u2019Erasmus<\/b>. <b>L\u201980% dei piccoli esercizi di Bari<\/b> &#8211; stando a una recente indagine -, <b>paga il pizzo<\/b>, e il problema si allarga con effetti sull\u2019economia e sulla salute. <b>La mafia \u00e8 nell\u2019abusivismo edilizio, nello smaltimento rifiuti, negli impianti fotovoltaici, nella politica, ovunque si attuino grandi opere\u2026<\/b> Se la politica si fosse voluta impegnare, avremmo avuto prima una legge anticorruzione. <b>Libera ha sensibilizzato contro la corruzione facendo pervenire al presidente della Repubblica ben 1.200.000 cartoline-appello, <\/b>ma non ne ha parlato nessuno perch\u00e9 <b>anche la stampa \u00e8 controllata,<\/b> a meno che non sia stampa alternativa\u201d.<\/p>\n<p style=\"text-align: justify;\">Il dibattito si allarga e coinvolge il pubblico. <b>L\u2019ingegner Massimo Mastrovito<\/b> sottolinea che <b>Gioia \u00e8 un\u2019isola felice<\/b>, dovremmo tutti ritenerci fortunati, <b>non ci sono intimidazioni o richieste di <\/b><img loading=\"lazy\" decoding=\"async\" class=\" alignright size-full wp-image-32104\" style=\"margin: 4px; float: right;\" alt=\"saffioti omaggio\" src=\"https:\/\/archiviogioia.lavocedelpaese.info\/wp-content\/uploads\/2012\/12\/saffioti_omaggio.jpg\" height=\"240\" width=\"320\" srcset=\"https:\/\/archiviogioia.lavocedelpaese.info\/wp-content\/uploads\/2012\/12\/saffioti_omaggio.jpg 640w, https:\/\/archiviogioia.lavocedelpaese.info\/wp-content\/uploads\/2012\/12\/saffioti_omaggio-300x225.jpg 300w\" sizes=\"auto, (max-width: 320px) 100vw, 320px\" \/><b>pizzo e assunzioni nei cantieri, spostandosi di pochi chilometri tutto questo cambia<\/b>. Saffioti lo spera ma non ne \u00e8 convinto, non esistono citt\u00e0 in cui la mafia non si infiltri e si esprima, e lui ha girato tanto per lavoro e lo sa bene.<\/p>\n<p style=\"text-align: justify;\">L\u2019incontro termina, <b>gli angeli custodi di Gaetano non si sono allontanati un istante, vigili e attenti<\/b>. Anche i due agenti sono parte della sua famiglia ed <b>insieme a loro torner\u00e0 a casa<\/b> a Palmi, <b>portando con s\u00e9 \u201caria e ricordi\u201d di Gioia<\/b>.<\/p>\n<p style=\"text-align: justify;\">Un sincero grazie lo rivolgiamo a <strong>Simona Santoiemma<\/strong> e <strong>Cataldo Liuzzi<\/strong> per la collaborazione fotografica.<\/p>\n<p><iframe loading=\"lazy\" width=\"640\" height=\"480\" src=\"https:\/\/www.youtube.com\/embed\/OcsctuwQr2A?rel=0\" frameborder=\"0\" allowfullscreen=\"true\"><\/iframe><\/p>\n<p><object type=\"application\/x-shockwave-flash\" width=\"660\" height=\"660\" flashvars=\"host=picasaweb.google.com&amp;hl=it&amp;feat=flashalbum&amp;RGB=0x000000&amp;feed=https:\/\/picasaweb.google.com\/data\/feed\/api\/user\/104626251937098962566\/albumid\/5819951248297940817?alt=rss&amp;kind=photo&amp;authkey=Gv1sRgCLewx8-zx_SzyAE&amp;hl=it\" pluginspage=\"http:\/\/www.macromedia.com\/go\/getflashplayer\" data=\"https:\/\/picasaweb.google.com\/s\/c\/bin\/slideshow.swf\"><param name=\"movie\" value=\"https:\/\/picasaweb.google.com\/s\/c\/bin\/slideshow.swf\" \/><\/object> <object type=\"application\/x-shockwave-flash\" width=\"660\" height=\"660\" flashvars=\"host=picasaweb.google.com&amp;hl=it&amp;feat=flashalbum&amp;RGB=0x000000&amp;feed=https:\/\/picasaweb.google.com\/data\/feed\/api\/user\/104626251937098962566\/albumid\/5819944247213878769?alt=rss&amp;kind=photo&amp;hl=it\" pluginspage=\"http:\/\/www.macromedia.com\/go\/getflashplayer\" data=\"https:\/\/picasaweb.google.com\/s\/c\/bin\/slideshow.swf\"><param name=\"movie\" value=\"https:\/\/picasaweb.google.com\/s\/c\/bin\/slideshow.swf\" \/><\/object><\/p>\n","protected":false},"excerpt":{"rendered":"","protected":false},"author":1,"featured_media":32087,"comment_status":"open","ping_status":"closed","sticky":false,"template":"","format":"standard","meta":{"colormag_page_container_layout":"default_layout","colormag_page_sidebar_layout":"default_layout","footnotes":""},"categories":[4],"tags":[],"class_list":["post-32106","post","type-post","status-publish","format-standard","has-post-thumbnail","hentry","category-politica"],"_links":{"self":[{"href":"https:\/\/archiviogioia.lavocedelpaese.info\/index.php?rest_route=\/wp\/v2\/posts\/32106","targetHints":{"allow":["GET"]}}],"collection":[{"href":"https:\/\/archiviogioia.lavocedelpaese.info\/index.php?rest_route=\/wp\/v2\/posts"}],"about":[{"href":"https:\/\/archiviogioia.lavocedelpaese.info\/index.php?rest_route=\/wp\/v2\/types\/post"}],"author":[{"embeddable":true,"href":"https:\/\/archiviogioia.lavocedelpaese.info\/index.php?rest_route=\/wp\/v2\/users\/1"}],"replies":[{"embeddable":true,"href":"https:\/\/archiviogioia.lavocedelpaese.info\/index.php?rest_route=%2Fwp%2Fv2%2Fcomments&post=32106"}],"version-history":[{"count":0,"href":"https:\/\/archiviogioia.lavocedelpaese.info\/index.php?rest_route=\/wp\/v2\/posts\/32106\/revisions"}],"wp:featuredmedia":[{"embeddable":true,"href":"https:\/\/archiviogioia.lavocedelpaese.info\/index.php?rest_route=\/wp\/v2\/media\/32087"}],"wp:attachment":[{"href":"https:\/\/archiviogioia.lavocedelpaese.info\/index.php?rest_route=%2Fwp%2Fv2%2Fmedia&parent=32106"}],"wp:term":[{"taxonomy":"category","embeddable":true,"href":"https:\/\/archiviogioia.lavocedelpaese.info\/index.php?rest_route=%2Fwp%2Fv2%2Fcategories&post=32106"},{"taxonomy":"post_tag","embeddable":true,"href":"https:\/\/archiviogioia.lavocedelpaese.info\/index.php?rest_route=%2Fwp%2Fv2%2Ftags&post=32106"}],"curies":[{"name":"wp","href":"https:\/\/api.w.org\/{rel}","templated":true}]}}