{"id":32146,"date":"2012-12-11T06:20:49","date_gmt":"2012-12-11T06:20:49","guid":{"rendered":"https:\/\/archiviogioia.lavocedelpaese.info\/?p=32146"},"modified":"2012-12-11T06:20:49","modified_gmt":"2012-12-11T06:20:49","slug":"unicef-le-pigotte-della-mazzini-fanno-scuola-foto","status":"publish","type":"post","link":"https:\/\/archiviogioia.lavocedelpaese.info\/?p=32146","title":{"rendered":"UNICEF: LE \u201cPIGOTTE\u201d DELLA MAZZINI FANNO \u201cS.C.U.O.L.A.\u201d"},"content":{"rendered":"<p><img loading=\"lazy\" decoding=\"async\" class=\" size-full wp-image-32138\" style=\"margin-right: 2px; margin-left: 2px;\" alt=\"pigotte-mazzini-pp\" src=\"https:\/\/archiviogioia.lavocedelpaese.info\/wp-content\/uploads\/2012\/12\/pigotte-mazzini-pp.png\" height=\"150\" width=\"320\" srcset=\"https:\/\/archiviogioia.lavocedelpaese.info\/wp-content\/uploads\/2012\/12\/pigotte-mazzini-pp.png 640w, https:\/\/archiviogioia.lavocedelpaese.info\/wp-content\/uploads\/2012\/12\/pigotte-mazzini-pp-300x141.png 300w\" sizes=\"auto, (max-width: 320px) 100vw, 320px\" \/><\/p>\n<p><!--more--><\/p>\n<p style=\"text-align: justify;\"><img loading=\"lazy\" decoding=\"async\" class=\" alignleft size-full wp-image-32140\" style=\"margin: 4px; float: left;\" alt=\"mazzini-unicef\" src=\"https:\/\/archiviogioia.lavocedelpaese.info\/wp-content\/uploads\/2012\/12\/mazzini-unicef.jpg\" height=\"240\" width=\"320\" srcset=\"https:\/\/archiviogioia.lavocedelpaese.info\/wp-content\/uploads\/2012\/12\/mazzini-unicef.jpg 640w, https:\/\/archiviogioia.lavocedelpaese.info\/wp-content\/uploads\/2012\/12\/mazzini-unicef-300x225.jpg 300w\" sizes=\"auto, (max-width: 320px) 100vw, 320px\" \/>Per i piccoli scolari di <b>3<sup>a<\/sup> A<\/b> della <b>Scuola Mazzini<\/b> la <b>solidariet\u00e0 ha un volto, quello delle \u201cpigotte\u201d,<\/b> confezionate con cura e amore insieme alle mamme e alle docenti nel corso di questi due mesi.<\/p>\n<p style=\"text-align: justify;\"><b>Una iniziativa che consentir\u00e0 all\u2019Unicef di cui la Mazzini \u00e8 \u201cScuola amica\u201d, di fornire a un bambino di un paese africano<\/b> &#8211; per ogni pigotta adottata &#8211; <b>un kit salvavita<\/b> composto da vaccini, dosi di vitamina A, kit ostetrico per un parto sicuro, antibiotici e una zanzariera. <b>Dal 1988<\/b>, anno in cui la prima pigotta vide la luce in questo progetto, ad oggi ben <b>800.000 bimbi sono stati salvati<\/b>.<\/p>\n<p style=\"text-align: justify;\"><img loading=\"lazy\" decoding=\"async\" class=\" alignright size-full wp-image-32141\" style=\"margin: 4px; float: right;\" alt=\"mazzini unicef 2\" src=\"https:\/\/archiviogioia.lavocedelpaese.info\/wp-content\/uploads\/2012\/12\/mazzini_unicef_2.jpg\" height=\"293\" width=\"220\" srcset=\"https:\/\/archiviogioia.lavocedelpaese.info\/wp-content\/uploads\/2012\/12\/mazzini_unicef_2.jpg 480w, https:\/\/archiviogioia.lavocedelpaese.info\/wp-content\/uploads\/2012\/12\/mazzini_unicef_2-225x300.jpg 225w\" sizes=\"auto, (max-width: 220px) 100vw, 220px\" \/>L\u2019iniziativa cui hanno aderito <b>3<sup>a<\/sup> e 4<sup>a<\/sup> A della Mazzini e cinque classi della Carano,<\/b> istituti diretti da <b>Antonio Pavone<\/b>, <b>si concluder\u00e0 il 13 dicembre<\/b> con l\u2019adozione delle 200 bellissime pigotte in bella mostra <b>nell\u2019aula magna della Mazzini dalle 16.30 alle 19.30<\/b>. Il clima festoso sar\u00e0 allietato dai canti della corale della scuola.<\/p>\n<p style=\"text-align: justify;\"><b>Nel 2008 la pigotta comparve nei progetti dell\u2019istituto<\/b>, <b>quattro anni dopo ritorna ad ispirare non solo solidariet\u00e0 ma anche senso civico, educazione alla legalit\u00e0, rispetto dei diritti dell\u2019infanzia.<\/b><\/p>\n<p style=\"text-align: justify;\"><b>In 3<sup>a<\/sup> A<\/b> qualche giorno prima della vendita c\u2019\u00e8 fermento\u2026 <b>I piccini raccontano la loro esperienza<\/b>.<\/p>\n<p style=\"text-align: justify;\"><img loading=\"lazy\" decoding=\"async\" class=\" alignleft size-full wp-image-32142\" style=\"margin: 4px; float: left;\" alt=\"Foto0080\" src=\"https:\/\/archiviogioia.lavocedelpaese.info\/wp-content\/uploads\/2012\/12\/Foto0080.jpg\" height=\"293\" width=\"220\" srcset=\"https:\/\/archiviogioia.lavocedelpaese.info\/wp-content\/uploads\/2012\/12\/Foto0080.jpg 480w, https:\/\/archiviogioia.lavocedelpaese.info\/wp-content\/uploads\/2012\/12\/Foto0080-225x300.jpg 225w\" sizes=\"auto, (max-width: 220px) 100vw, 220px\" \/>\u201cL\u2019ovatta va messa bene &#8211; affermano <b>Gemma<\/b> e <b>Alice<\/b> -, se no viene tutta storta e bisogna ricominciare. E\u2019 la parte pi\u00f9 difficile\u2026\u201d.<\/p>\n<p style=\"text-align: justify;\">\u201cMi emoziona veder confezionare la pigotta &#8211; confessa <b>Saverio<\/b> &#8211; so che in dialetto lombardo vuol dire bambola di pezza!\u201d<\/p>\n<p style=\"text-align: justify;\">Per <b>Angela<\/b> \u201c\u2026\u00e8 bello vederla crescere, cucire i capelli, farle i vestitini!\u201d<\/p>\n<p style=\"text-align: justify;\">\u201c<b>Nel confezionare le pigotte<\/b> &#8211; dichiara la docente <b>Anna Maria Forcillo<\/b> &#8211; <b>abbiamo vissuto un momento di grande condivisione e armonia con le famiglie e i bambini, questo \u00e8 un valore aggiunto che le rende ancora pi\u00f9 preziose<\/b>\u201d.<\/p>\n<p style=\"text-align: justify;\"><b>All\u2019impegno \u201cartistico\u201d<\/b> &#8211; alcune pigotte sono veri capolavori dai dettagli accuratissimi &#8211; <b>va aggiunto quello didattico.<\/b> <b>I piccini di terza si sono<\/b> sin dalle prime battute <b>mostrati ferratissimi su diritti e doveri, sui bisogni primari dei loro coetanei<\/b>, <b>sull\u2019importanza <img loading=\"lazy\" decoding=\"async\" class=\" alignright size-full wp-image-32144\" style=\"margin: 4px; float: right;\" alt=\"Foto0072\" src=\"https:\/\/archiviogioia.lavocedelpaese.info\/wp-content\/uploads\/2012\/12\/Foto0072.jpg\" height=\"293\" width=\"220\" srcset=\"https:\/\/archiviogioia.lavocedelpaese.info\/wp-content\/uploads\/2012\/12\/Foto0072.jpg 480w, https:\/\/archiviogioia.lavocedelpaese.info\/wp-content\/uploads\/2012\/12\/Foto0072-225x300.jpg 225w\" sizes=\"auto, (max-width: 220px) 100vw, 220px\" \/>della famiglia, sugli scopi dell\u2019Unicef e sulle finalit\u00e0 dell\u2019iniziativ<\/b>a.<\/p>\n<p style=\"text-align: justify;\">Alla domanda: \u201c<b>Se tu fossi il mago di Natale che cosa regaleresti ai bambini del terzo mondo?<\/b>\u201d <b>Andrea<\/b> non ha dubbi: medicine e vaccini. <b>Nicola<\/b> \u00e8 del parere che si \u00e8 gi\u00e0 dei piccoli maghi perch\u00e9 con le pigotte si salvano vite, <b>Gemma<\/b> punta sul rispetto dei diritti dei bambini meno fortunati e delle regole, <b>Anna Pia<\/b> propone un dono, non necessariamente materiale, <b>Chiara<\/b> suggerisce una famiglia per quei bimbi che non l\u2019hanno, <b>Francesco<\/b> e <b>Gianni Pio<\/b> propongono un pacchetto completo: casa, famiglia e scuola.<\/p>\n<p style=\"text-align: justify;\"><b>Stimolati <\/b>dalle domande della docente <b>i piccoli scolari si concentrano<\/b>, fanno quasi a gara ed <b>esprimono concetti profondi che denotano maturit\u00e0, introspezione, riflessioni sorprendenti per dei bambini di otto anni. <\/b><\/p>\n<p style=\"text-align: justify;\">Scoprono che <b>i doveri sono importanti quanto i diritti<\/b> e che <b>gli uni senza gli altri non possono esistere<\/b>, che andare a scuola per i loro coetanei obbligati a lavorare per sopravvivere \u00e8 un diritto negato, cos\u00ec come il gioco (<b>Fabiola<\/b>), che le femminucce hanno gli stessi diritti dei maschietti (<b>Angela<\/b>). <b>Il momento pi\u00f9 emozionante lo si vive quando<\/b>, a fine <img loading=\"lazy\" decoding=\"async\" class=\" alignleft size-full wp-image-32145\" style=\"margin: 4px; float: left;\" alt=\"anna maria forcillo\" src=\"https:\/\/archiviogioia.lavocedelpaese.info\/wp-content\/uploads\/2012\/12\/anna_maria_forcillo.jpg\" height=\"240\" width=\"320\" srcset=\"https:\/\/archiviogioia.lavocedelpaese.info\/wp-content\/uploads\/2012\/12\/anna_maria_forcillo.jpg 640w, https:\/\/archiviogioia.lavocedelpaese.info\/wp-content\/uploads\/2012\/12\/anna_maria_forcillo-300x225.jpg 300w\" sizes=\"auto, (max-width: 320px) 100vw, 320px\" \/>conversazione, <b>ammettono con convinzione che donare \u00e8 molto pi\u00f9 bello e gratificante che ricevere<\/b> <b>e che avere una famiglia \u00e8 il dono pi\u00f9 prezioso per un bimbo. <\/b><\/p>\n<p style=\"text-align: justify;\">Quindi <b>tutti intorno all\u2019insegnante per manifestare<\/b> <b>con un abbraccio<\/b> <b>la gioia di apprendere insegnamenti di vita e valori morali<\/b> di cui &#8211; quasi per gioco &#8211; giorno in giorno si nutrono, costruendo le fondamenta degli adulti che diverranno.<\/p>\n<p style=\"text-align: justify;\">L\u2019acrostico <b>S.C.U.O.L.A<\/b>. coniato per l\u2019occasione, ne \u00e8 sintesi: <b>S<\/b>olidariet\u00e0, <b>C<\/b>ondivisione, <b>U<\/b>guaglianza, <b>O<\/b>spitalit\u00e0, <b>L<\/b>egalit\u00e0, <b>A<\/b>rrmonia, termine &#8211; quest\u2019ultimo &#8211; che racchiude l\u2019intero universo della scuola.<\/p>\n<p><object type=\"application\/x-shockwave-flash\" width=\"660\" height=\"660\" flashvars=\"host=picasaweb.google.com&amp;hl=it&amp;feat=flashalbum&amp;RGB=0x000000&amp;feed=https:\/\/picasaweb.google.com\/data\/feed\/api\/user\/104626251937098962566\/albumid\/5820571205017516129?alt=rss&amp;kind=photo&amp;authkey=Gv1sRgCLHXx_OK5pXTKw&amp;hl=it\" pluginspage=\"http:\/\/www.macromedia.com\/go\/getflashplayer\" data=\"https:\/\/picasaweb.google.com\/s\/c\/bin\/slideshow.swf\"><param name=\"movie\" value=\"https:\/\/picasaweb.google.com\/s\/c\/bin\/slideshow.swf\" \/><\/object><\/p>\n","protected":false},"excerpt":{"rendered":"","protected":false},"author":1,"featured_media":32138,"comment_status":"open","ping_status":"closed","sticky":false,"template":"","format":"standard","meta":{"colormag_page_container_layout":"default_layout","colormag_page_sidebar_layout":"default_layout","footnotes":""},"categories":[7],"tags":[],"class_list":["post-32146","post","type-post","status-publish","format-standard","has-post-thumbnail","hentry","category-attualita"],"_links":{"self":[{"href":"https:\/\/archiviogioia.lavocedelpaese.info\/index.php?rest_route=\/wp\/v2\/posts\/32146","targetHints":{"allow":["GET"]}}],"collection":[{"href":"https:\/\/archiviogioia.lavocedelpaese.info\/index.php?rest_route=\/wp\/v2\/posts"}],"about":[{"href":"https:\/\/archiviogioia.lavocedelpaese.info\/index.php?rest_route=\/wp\/v2\/types\/post"}],"author":[{"embeddable":true,"href":"https:\/\/archiviogioia.lavocedelpaese.info\/index.php?rest_route=\/wp\/v2\/users\/1"}],"replies":[{"embeddable":true,"href":"https:\/\/archiviogioia.lavocedelpaese.info\/index.php?rest_route=%2Fwp%2Fv2%2Fcomments&post=32146"}],"version-history":[{"count":0,"href":"https:\/\/archiviogioia.lavocedelpaese.info\/index.php?rest_route=\/wp\/v2\/posts\/32146\/revisions"}],"wp:featuredmedia":[{"embeddable":true,"href":"https:\/\/archiviogioia.lavocedelpaese.info\/index.php?rest_route=\/wp\/v2\/media\/32138"}],"wp:attachment":[{"href":"https:\/\/archiviogioia.lavocedelpaese.info\/index.php?rest_route=%2Fwp%2Fv2%2Fmedia&parent=32146"}],"wp:term":[{"taxonomy":"category","embeddable":true,"href":"https:\/\/archiviogioia.lavocedelpaese.info\/index.php?rest_route=%2Fwp%2Fv2%2Fcategories&post=32146"},{"taxonomy":"post_tag","embeddable":true,"href":"https:\/\/archiviogioia.lavocedelpaese.info\/index.php?rest_route=%2Fwp%2Fv2%2Ftags&post=32146"}],"curies":[{"name":"wp","href":"https:\/\/api.w.org\/{rel}","templated":true}]}}