{"id":32214,"date":"2012-12-13T05:55:37","date_gmt":"2012-12-13T05:55:37","guid":{"rendered":"https:\/\/archiviogioia.lavocedelpaese.info\/?p=32214"},"modified":"2012-12-13T05:55:37","modified_gmt":"2012-12-13T05:55:37","slug":"i-grandi-classici-riecheggiano-in-san-domenico-2","status":"publish","type":"post","link":"https:\/\/archiviogioia.lavocedelpaese.info\/?p=32214","title":{"rendered":"I CLASSICI RIECHEGGIANO IN SAN DOMENICO"},"content":{"rendered":"<p><img loading=\"lazy\" decoding=\"async\" class=\" size-full wp-image-32207\" style=\"margin-right: 2px; margin-left: 2px;\" alt=\"osvaldo-i-grandi-classici-pp\" src=\"https:\/\/archiviogioia.lavocedelpaese.info\/wp-content\/uploads\/2012\/12\/osvaldo-i-grandi-classici-pp.png\" height=\"150\" width=\"320\" srcset=\"https:\/\/archiviogioia.lavocedelpaese.info\/wp-content\/uploads\/2012\/12\/osvaldo-i-grandi-classici-pp.png 640w, https:\/\/archiviogioia.lavocedelpaese.info\/wp-content\/uploads\/2012\/12\/osvaldo-i-grandi-classici-pp-300x141.png 300w\" sizes=\"auto, (max-width: 320px) 100vw, 320px\" \/><\/p>\n<p><!--more--><\/p>\n<p style=\"text-align: justify;\"><b><img loading=\"lazy\" decoding=\"async\" class=\" alignleft size-full wp-image-32209\" style=\"margin: 4px; float: left;\" alt=\"osvaldo-i-grandi-classici3\" src=\"https:\/\/archiviogioia.lavocedelpaese.info\/wp-content\/uploads\/2012\/12\/osvaldo-i-grandi-classici3.jpg\" height=\"240\" width=\"320\" srcset=\"https:\/\/archiviogioia.lavocedelpaese.info\/wp-content\/uploads\/2012\/12\/osvaldo-i-grandi-classici3.jpg 960w, https:\/\/archiviogioia.lavocedelpaese.info\/wp-content\/uploads\/2012\/12\/osvaldo-i-grandi-classici3-300x225.jpg 300w, https:\/\/archiviogioia.lavocedelpaese.info\/wp-content\/uploads\/2012\/12\/osvaldo-i-grandi-classici3-768x576.jpg 768w\" sizes=\"auto, (max-width: 320px) 100vw, 320px\" \/>I grandi classici della poesia italiana rivivono nella<\/b> fredda serata di domenica 9 dicembre nella piccola e accogliente <b>chiesa di San Domenico<\/b>.<\/p>\n<p style=\"text-align: justify;\">L\u2019evento ha <b>inaugurato il ciclo di appuntamenti natalizi \u201cAccordo di Natale\u201d<\/b>, il titolo della rassegna si riferisce sia alla musica, protagonista degli eventi del Natale Gioiese e sia all\u2019armoniosa collaborazione delle diverse associazioni presenti sul territorio.<\/p>\n<p style=\"text-align: justify;\"><b>A salutare i presenti<\/b> la promotrice della rassegna, l\u2019assessore alla cultura <b>Piera De Giorgi<\/b>, che si esprime riguardo all\u2019atipica scelta del luogo, appunto la chiesa, dove da poco \u00e8 rientrata la tela restaurata dei tre santi domenicani, risalente al XVII secolo, pi\u00f9 che indicata per ritrovare la bellezza dei luoghi del nostro paese.<\/p>\n<p style=\"text-align: justify;\"><b>A riscaldare l\u2019atmosfera il suono<\/b><img loading=\"lazy\" decoding=\"async\" class=\" alignright size-full wp-image-32210\" style=\"margin: 4px; float: right;\" alt=\"osvaldo-i-grandi-classici2\" src=\"https:\/\/archiviogioia.lavocedelpaese.info\/wp-content\/uploads\/2012\/12\/osvaldo-i-grandi-classici2.jpg\" height=\"240\" width=\"320\" srcset=\"https:\/\/archiviogioia.lavocedelpaese.info\/wp-content\/uploads\/2012\/12\/osvaldo-i-grandi-classici2.jpg 960w, https:\/\/archiviogioia.lavocedelpaese.info\/wp-content\/uploads\/2012\/12\/osvaldo-i-grandi-classici2-300x225.jpg 300w, https:\/\/archiviogioia.lavocedelpaese.info\/wp-content\/uploads\/2012\/12\/osvaldo-i-grandi-classici2-768x576.jpg 768w\" sizes=\"auto, (max-width: 320px) 100vw, 320px\" \/><b> romantico della chitarra<\/b> accarezzata dalle esperte mani <b>di Francesco D\u2019Aprile<\/b>, <b>e la lettura dei versi affidata<\/b> all\u2019impeccabile e travolgente interpretazione di <b>Vito Osvaldo Angelillo<\/b> affiancato dalla voce flautata di<b> Giovanna Carelli<\/b>.<\/p>\n<p style=\"text-align: justify;\"><b>Il soave suono della chitarra e le voci dei due interpreti si uniscono all\u2019unisono<\/b> rapendo l\u2019anima dei presenti e <b>creando un\u2019atmosfera magica<\/b> in cui rifioriscono i versi dei nostri poeti: Carducci, Ungaretti D\u2019Annunzio, Pascoli, Dante, Petrarca, Lorenzo il Magnifico, Leopardi, Cecco Angiolieri, Montale, A Leardo Aleardi.<\/p>\n<p style=\"text-align: justify;\">Una serata in cui <b>si \u00e8 celebrato il fascino dell\u2019eternit\u00e0 della poesia<\/b>, perch\u00e9 la poesia come recita Osvaldo \u201csi riferisce ad un mondo \u2018altro\u2019 e si differenzia da un mondo che vive di sole merci\u201d.<\/p>\n<p style=\"text-align: justify;\"><b><img loading=\"lazy\" decoding=\"async\" class=\" alignleft size-full wp-image-32211\" style=\"margin: 4px; float: left;\" alt=\"osvaldo-i-grandi-classici4\" src=\"https:\/\/archiviogioia.lavocedelpaese.info\/wp-content\/uploads\/2012\/12\/osvaldo-i-grandi-classici4.jpg\" height=\"240\" width=\"320\" srcset=\"https:\/\/archiviogioia.lavocedelpaese.info\/wp-content\/uploads\/2012\/12\/osvaldo-i-grandi-classici4.jpg 960w, https:\/\/archiviogioia.lavocedelpaese.info\/wp-content\/uploads\/2012\/12\/osvaldo-i-grandi-classici4-300x225.jpg 300w, https:\/\/archiviogioia.lavocedelpaese.info\/wp-content\/uploads\/2012\/12\/osvaldo-i-grandi-classici4-768x576.jpg 768w\" sizes=\"auto, (max-width: 320px) 100vw, 320px\" \/>Un\u2019interpretazione curata nei minimi dettagli<\/b>, dove anche la scelta di non dare un ordine cronologico alla lettura delle poesie assume un significato, e come spiega lo stesso attore e regista Vito Osvaldo \u201c<b>Si vuole sempre mettere in ordine tutto<\/b>, catalogare tutto, col preciso scopo che nulla sfugga ad una razionalit\u00e0 pi\u00f9 presunta che reale. <b>La poesia \u00e8 molto pi\u00f9 che un libro di poesie<\/b>: ecco perch\u00e9 ad un certo punto si ha paura quando non si sa in che ordine collocarla: per argomento, per autore, per cronologia, per casa editrice, per dimensioni, per colore della copertina? Il messaggio preciso \u00e8 che accostarsi alla poesia con un manuale di biblioteconomia e archivistica significa non accostarsi affatto. La ragione spettacolare e teatrale di questa insolita interpretazione e dell&#8217;ordine utilizzato \u00e8 pi\u00f9 simile al succedersi delle note su uno spartito musicale, il cui risultato alchemico \u00e8 il risveglio dei sensi, emozioni, sensazioni e <img loading=\"lazy\" decoding=\"async\" class=\" alignright size-full wp-image-32212\" style=\"margin: 4px; float: right;\" alt=\"osvaldo-i-grandi-classici5\" src=\"https:\/\/archiviogioia.lavocedelpaese.info\/wp-content\/uploads\/2012\/12\/osvaldo-i-grandi-classici5.jpg\" height=\"240\" width=\"320\" srcset=\"https:\/\/archiviogioia.lavocedelpaese.info\/wp-content\/uploads\/2012\/12\/osvaldo-i-grandi-classici5.jpg 960w, https:\/\/archiviogioia.lavocedelpaese.info\/wp-content\/uploads\/2012\/12\/osvaldo-i-grandi-classici5-300x225.jpg 300w, https:\/\/archiviogioia.lavocedelpaese.info\/wp-content\/uploads\/2012\/12\/osvaldo-i-grandi-classici5-768x576.jpg 768w\" sizes=\"auto, (max-width: 320px) 100vw, 320px\" \/>sentimenti che forse credevamo ormai sopiti o addirittura dimenticati\u201d.<\/p>\n<p style=\"text-align: justify;\"><b>E oggi, invece, qual \u00e8 il ruolo della poesia<\/b>?<\/p>\n<p style=\"text-align: justify;\">\u201cQuello che \u00e8 sempre stato: <b>una delle possibili chiavi di accesso per tutto ci\u00f2 che \u00e8 ancora inconosciuto<\/b> ma non per questo inconoscibile. Il ruolo della poesia oggi \u00e8 quello di osare l&#8217;inosato o persino l&#8217;inosabile, specie quando <b>la poesia non \u00e8 pi\u00f9 testimonianza ma profezia<\/b>\u201d.<\/p>\n<p>&nbsp;<\/p>\n<p>&nbsp;<\/p>\n","protected":false},"excerpt":{"rendered":"","protected":false},"author":1,"featured_media":32207,"comment_status":"open","ping_status":"closed","sticky":false,"template":"","format":"standard","meta":{"colormag_page_container_layout":"default_layout","colormag_page_sidebar_layout":"default_layout","footnotes":""},"categories":[7],"tags":[],"class_list":["post-32214","post","type-post","status-publish","format-standard","has-post-thumbnail","hentry","category-attualita"],"_links":{"self":[{"href":"https:\/\/archiviogioia.lavocedelpaese.info\/index.php?rest_route=\/wp\/v2\/posts\/32214","targetHints":{"allow":["GET"]}}],"collection":[{"href":"https:\/\/archiviogioia.lavocedelpaese.info\/index.php?rest_route=\/wp\/v2\/posts"}],"about":[{"href":"https:\/\/archiviogioia.lavocedelpaese.info\/index.php?rest_route=\/wp\/v2\/types\/post"}],"author":[{"embeddable":true,"href":"https:\/\/archiviogioia.lavocedelpaese.info\/index.php?rest_route=\/wp\/v2\/users\/1"}],"replies":[{"embeddable":true,"href":"https:\/\/archiviogioia.lavocedelpaese.info\/index.php?rest_route=%2Fwp%2Fv2%2Fcomments&post=32214"}],"version-history":[{"count":0,"href":"https:\/\/archiviogioia.lavocedelpaese.info\/index.php?rest_route=\/wp\/v2\/posts\/32214\/revisions"}],"wp:featuredmedia":[{"embeddable":true,"href":"https:\/\/archiviogioia.lavocedelpaese.info\/index.php?rest_route=\/wp\/v2\/media\/32207"}],"wp:attachment":[{"href":"https:\/\/archiviogioia.lavocedelpaese.info\/index.php?rest_route=%2Fwp%2Fv2%2Fmedia&parent=32214"}],"wp:term":[{"taxonomy":"category","embeddable":true,"href":"https:\/\/archiviogioia.lavocedelpaese.info\/index.php?rest_route=%2Fwp%2Fv2%2Fcategories&post=32214"},{"taxonomy":"post_tag","embeddable":true,"href":"https:\/\/archiviogioia.lavocedelpaese.info\/index.php?rest_route=%2Fwp%2Fv2%2Ftags&post=32214"}],"curies":[{"name":"wp","href":"https:\/\/api.w.org\/{rel}","templated":true}]}}