{"id":32303,"date":"2012-12-16T07:23:40","date_gmt":"2012-12-16T07:23:40","guid":{"rendered":"https:\/\/archiviogioia.lavocedelpaese.info\/?p=32303"},"modified":"2012-12-16T07:23:40","modified_gmt":"2012-12-16T07:23:40","slug":"centro-risvegli-dal-coma-grazie-a-maria-teresa-angelillo","status":"publish","type":"post","link":"https:\/\/archiviogioia.lavocedelpaese.info\/?p=32303","title":{"rendered":"CENTRO RISVEGLI COMA, GRAZIE A MARIA TERESA ANGELILLO"},"content":{"rendered":"<p><img loading=\"lazy\" decoding=\"async\" class=\" size-full wp-image-32295\" style=\"margin-right: 2px; margin-left: 2px;\" alt=\"maria-teresa-angelillo-centro-risvegli-pp\" src=\"https:\/\/archiviogioia.lavocedelpaese.info\/wp-content\/uploads\/2012\/12\/maria-teresa-angelillo-centro-risvegli-pp.png\" height=\"150\" width=\"320\" srcset=\"https:\/\/archiviogioia.lavocedelpaese.info\/wp-content\/uploads\/2012\/12\/maria-teresa-angelillo-centro-risvegli-pp.png 640w, https:\/\/archiviogioia.lavocedelpaese.info\/wp-content\/uploads\/2012\/12\/maria-teresa-angelillo-centro-risvegli-pp-300x141.png 300w\" sizes=\"auto, (max-width: 320px) 100vw, 320px\" \/><\/p>\n<p><!--more--><\/p>\n<p style=\"text-align: justify; line-height: 12.75pt;\" class=\"Standard\"><b><span style=\"color: #333333;\"><img loading=\"lazy\" decoding=\"async\" class=\" alignleft size-full wp-image-32296\" style=\"margin: 4px; float: left;\" alt=\"centro invito\" src=\"https:\/\/archiviogioia.lavocedelpaese.info\/wp-content\/uploads\/2012\/12\/centro_invito.jpg\" height=\"205\" width=\"320\" srcset=\"https:\/\/archiviogioia.lavocedelpaese.info\/wp-content\/uploads\/2012\/12\/centro_invito.jpg 960w, https:\/\/archiviogioia.lavocedelpaese.info\/wp-content\/uploads\/2012\/12\/centro_invito-300x192.jpg 300w, https:\/\/archiviogioia.lavocedelpaese.info\/wp-content\/uploads\/2012\/12\/centro_invito-768x491.jpg 768w\" sizes=\"auto, (max-width: 320px) 100vw, 320px\" \/>Sabato, 15 dicembre si \u00e8 inaugurato a Bari il Centro diurno \u201cKarol Wojtyla\u201d<\/span><\/b><span style=\"color: #333333;\"> sito in via Napoli, 332, <b>grazie anche all\u2019impegno di una psicologa gioiese<\/b>, la dottoressa <b>Maria Teresa Angelillo<\/b>, da anni in trincea per portare in zona <b>un Centro Risvegli per pazienti in coma<\/b>, dopo aver sperimentato le eccellenze presenti in Germania e auspicato l\u2019attivazione di un analogo Centro nella Residenza Socio Sanitaria Assistita Giovanni Paolo II di Capurso. <\/span><\/p>\n<p style=\"text-align: justify; line-height: 12.75pt;\" class=\"Standard\"><b><span style=\"color: #333333;\">Di seguito l\u2019intervista rilasciata alla nostra redazione dalla dottoressa Angelillo<\/span><\/b><span style=\"color: #333333;\">.<\/span><\/p>\n<p style=\"line-height: 12.75pt; text-align: center;\" class=\"Standard\"><span style=\"color: #333333;\">&#8212;&#8212;&#8212;&#8212;&#8212;&#8212;&#8212;&#8212;&#8212;&#8212;&#8212;&#8212;&#8212;&#8212;- <br \/><\/span><\/p>\n<p style=\"line-height: 12.75pt;\" class=\"Standard\"><b><span style=\"color: #333333;\">Quali servizi offrir\u00e0 il Centro \u201cKarol Wojtyla\u201d e a quale fascia di utenti \u00e8 rivolto?<\/span><\/b><\/p>\n<p style=\"line-height: 12.75pt; text-align: justify;\" class=\"Standard\"><span style=\"color: #333333;\"><img loading=\"lazy\" decoding=\"async\" class=\" alignleft size-full wp-image-32298\" style=\"margin: 4px; float: left;\" alt=\"teresa angelillo\" src=\"https:\/\/archiviogioia.lavocedelpaese.info\/wp-content\/uploads\/2012\/12\/teresa_angelillo.jpg\" height=\"259\" width=\"259\" srcset=\"https:\/\/archiviogioia.lavocedelpaese.info\/wp-content\/uploads\/2012\/12\/teresa_angelillo.jpg 259w, https:\/\/archiviogioia.lavocedelpaese.info\/wp-content\/uploads\/2012\/12\/teresa_angelillo-150x150.jpg 150w\" sizes=\"auto, (max-width: 259px) 100vw, 259px\" \/>Il Centro Diurno vuole porsi come intermediario tra la diversabilit\u00e0 e il territorio. Ci muoviamo nell&#8217;ambito della filosofia dell&#8217;OMS espressa nell&#8217;ICF. Intendiamo promuovere l&#8217;integrazione perch\u00e9 questa , ancora oggi, \u00e8 vista come opzionale, ma non lo \u00e8 affatto. La carta dei diritti dei disabili si \u00e8 espressa, siamo noi a creare gli handicap. L&#8217;handicap sono un risultato politico e non legato alle patologie. Siamo noi, per esempio, che abbiamo deciso di costruire strade non adatte alle carrozzine, marciapiedi, scale, spazi fruibili solo da quelle fasce di et\u00e0 o persone ancora in forma fisica, o che lo sono sempre state. Quando pensiamo alla disabilit\u00e0, dobbiamo pensare anche al&#8217;invecchiamento e quindi ad un percorso che dovremo percorrere tutti. Abbiamo organizzato attivit\u00e0 riabilitative e abilitative, le professionalit\u00e0 saranno solo quelle in possesso di titoli universitari. Dico questo poich\u00e9 spesso ci \u00e8 capitato di vedere impiegate risorse umane non appropriate e\/o formate. Pertanto abbiamo neuropsicologi per la terapia cognitiva, logopedisti, fisioterapisti, educatori e assistenti sociali. Il progetto prevede l&#8217;inserimento di progetti integrativi come l&#8217;ippoterapia, la pet terapy e l&#8217;integrazione nel mondo del lavoro mediata da organizzazioni che se ne occupano da anni. In merito all&#8217;ippoterapia avremo un&#8217;azienda certificata ASL, idem per la pet terapy, ci sar\u00e0 un gruppo certificato e legato alla ricerca universitaria. Avremo l&#8217;orto e un&#8217;apertura verso il mondo agricolo, e per questo abbiamo chiesto l&#8217;integrazione con il mondo delle scuole di Agraria e dei Gal. Ultima cosa, si sta sviluppando l&#8217;idea di un partenariato con la scuola alberghiera, sempre con l&#8217;intento di potersi inserire nel mondo lavorativo. Ogni utente sar\u00e0 seguito da progetti individuali, pertanto non si escludono diverse fasce di et\u00e0, come gli anziani o bambini. Il nostro centro \u00e8 grande 600 mq e la diversificazione delle attivit\u00e0, dei gruppi e delle fasce orarie, nonch\u00e9 del personale con diversa formazione, potr\u00e0 permetterci di accogliere fasce disparate di diversabili. <br \/><\/span><\/p>\n<p style=\"line-height: 12.75pt;\" class=\"Standard\"><b><span style=\"color: #333333;\">La tua esperienza all&#8217;estero quanto \u00e8 stata importante per la nascita di questo centro?<\/span><\/b><\/p>\n<p style=\"text-align: justify; line-height: 12.75pt;\" class=\"Standard\"><span style=\"color: #333333;\"><img loading=\"lazy\" decoding=\"async\" class=\" alignright size-full wp-image-32299\" style=\"margin: 4px; float: right;\" alt=\"centro raccolta firme\" src=\"https:\/\/archiviogioia.lavocedelpaese.info\/wp-content\/uploads\/2012\/12\/centro_raccolta_firme.jpg\" height=\"250\" width=\"320\" srcset=\"https:\/\/archiviogioia.lavocedelpaese.info\/wp-content\/uploads\/2012\/12\/centro_raccolta_firme.jpg 878w, https:\/\/archiviogioia.lavocedelpaese.info\/wp-content\/uploads\/2012\/12\/centro_raccolta_firme-300x234.jpg 300w, https:\/\/archiviogioia.lavocedelpaese.info\/wp-content\/uploads\/2012\/12\/centro_raccolta_firme-768x600.jpg 768w\" sizes=\"auto, (max-width: 320px) 100vw, 320px\" \/>Voglio precisare che il centro in questione non \u00e8 il tanto agognato Centro Risvegli, ma un centro diurno nel quale saranno accolte le diverse diversabilit\u00e0. La nostra associazione \u00e8 stata invitata all&#8217;interno di questo centro diurno, che \u00e8 dedicato a Karol Wojtyla, per poter tamponare alla mancanza di servizi attraverso le prestazioni dello stesso.<\/span><\/p>\n<p style=\"text-align: justify; line-height: 12.75pt;\" class=\"Standard\"><span style=\"color: #333333;\">La mia esperienza all&#8217;estero \u00e8 stata fondamentale sia per la mia vita professionale che per la crescita personale. Vivere sentendosi europei \u00e8 indispensabile, si tratta di acquisire consapevolezza sul chi siamo davvero. Se tornassi indietro prolungherei la mia permanenza all&#8217;estero e andrei in Inghilterra, dove avevo vinto un PHD. Se potessi tornare indietro, non credo tornerei in Italia. L&#8217;Europa ti prepara per scenari che qui rimangono avanguardisti e che quindi sono difficilmente attuabili e trasportabili anche attraverso buone politiche di branch-marketing. Inutile dire che il ritorno in Puglia ha rappresentato per me una grande involuzione professionale, spero che il futuro cambi, ma ad oggi \u00e8 cos\u00ec. La nascita dell&#8217;attuale centro diurno e di tutto ci\u00f2 che faccio \u00e8 direttamente correlata ai modelli europei che ho appreso e sperimentato. Oggi noi usiamo robot, che qui sono ancora il futuro, ma altrove, dal 2001 erano il nostro pane quotidiano. Difficile comprendere perch\u00e9 la globalizzazione non abbia colpito anche i settori scientifici, almeno riguardo alla contemporaneit\u00e0 nell&#8217;innovazione.<\/span><\/p>\n<p style=\"text-align: justify; line-height: 12.75pt;\" class=\"Standard\"><span style=\"color: #333333;\">Andare all&#8217;estero, anche per un Gap Year \u00e8 fondamentale, ma deve esserci consapevolezza su quello che si trover\u00e0 al ritorno. Posso dire che si soffre molto nel vivere in mondi e spazi cos\u00ec culturalmente lontani. Essere accettati \u00e8 alla base di ogni buon vivere, ma questo territorio ha la tendenza allo status quo, per cui siamo spesso visti come \u201cpericolo\u201d.<\/span><\/p>\n<p style=\"line-height: 12.75pt;\" class=\"Standard\"><b><span style=\"color: #333333;\">Qual \u00e8 la situazione in Puglia?<\/span><\/b><\/p>\n<p style=\"text-align: justify;\"><img loading=\"lazy\" decoding=\"async\" class=\" alignleft size-full wp-image-32300\" style=\"margin: 4px; float: left;\" alt=\"centro risveglio bari2\" src=\"https:\/\/archiviogioia.lavocedelpaese.info\/wp-content\/uploads\/2012\/12\/centro_risveglio_bari2.JPG\" height=\"178\" width=\"320\" \/>In Puglia noi abbiamo la nostra Associazione Uniti per i Risvegli e la Fondazione Risvegli, si tratta delle famiglie pugliesi (e anche di altre regioni) che hanno dovuto affrontare l&#8217;incubo di un parente in coma. Si pensa che dal coma si esca svegliandosi come da un sonno profondo, ma non \u00e8 cos\u00ec. Almeno non sempre.<\/p>\n<p style=\"text-align: justify;\">La situazione pugliese abbiamo potuto valutarla con un progetto che ci ha convocato al Ministero della Salute e ci ha visto coinvolti insieme all&#8217;Universit\u00e0 del Sacro Cuore e il Besta. Quello che oggi sappiamo \u00e8 che per quasi un paziente su tre, dunque, la diagnosi era sbagliata. La percentuale pi\u00f9 alta di errori \u00e8 stata registrata in relazione agli stati vegetativi. &#8220;Sono molte di pi\u00f9 le persone ritenute in stato vegetativo che, con le nostre valutazioni approfondite, si sono rivelate essere invece in stato di minima coscienza&#8221;. Tre pazienti su quattro sono in stato vegetativo o di minima coscienza dopo arresto cardiocircolatorio o emorragie cerebrali. i pazienti sono in maggioranza maschi con un\u2019et\u00e0 media di 55 anni, e ad assisterli per il 70% sono le donne, che in pi\u00f9 del 50% dei casi vi dedicano oltre tre ore al giorno. Diagnosi diverse richiedono assistenza simile. Poche Regioni, prevalentemente al Nord e al Centro, hanno strutt<img loading=\"lazy\" decoding=\"async\" class=\" alignright size-full wp-image-32301\" style=\"margin: 4px; float: right;\" alt=\"centro risveglio bari\" src=\"https:\/\/archiviogioia.lavocedelpaese.info\/wp-content\/uploads\/2012\/12\/centro_risveglio_bari.JPG\" height=\"178\" width=\"320\" \/>ure dedicate. In Italia, da un punto di vista epidemiologico, organizzativo, politico, socio-assistenziale ed etico, risulta ad oggi ancora poco esplorata la realt\u00e0 complessa e articolata riguardante le persone in Stato vegetativo-SV e in Stato di minima coscienza-SMC, ovvero una situazione di possibile evoluzione del coma caratterizzata dalla ripresa della veglia, e le loro famiglie. Il progetto nazionale \u201cFunzionamento e disabilit\u00e0 negli Stati vegetativi e negli Stati di minima coscienza\u201d ha visto coinvolti: La Fondazione IRCCS Istituto neurologico Carlo Besta, assieme al Centro di Ateneo di bioetica dell\u2019Universit\u00e0 Cattolica, ai rappresentanti di 78 centri italiani, 39 associazioni di familiari e pazienti, e alla Federazione italiana medici di medicina generale FIMMG. In Puglia abbiamo sviluppato un modello che prevede l&#8217;eccellenza, lo si ritrova nel Reg. 24, attendiamo, trepidanti e fiduciosi, venga messo in atto. Ad oggi i nostri pugliesi sono all&#8217;estero, in prevalenza tra la Svizzera e l&#8217;Austria; i rimanenti sono a domicilio, caricati sulle famiglie. La situazione \u00e8 complessa e genera scomparse per ricoveri impropri che salgono di numero ogni giorno. Teniamo conto che per noi pugliesi l&#8217;incidenza \u00e8 alta nelle fasce di et\u00e0 14-24 anni, per il trauma cranico da incidente stradale. Una strage vera e propria se pensiamo che il numero di vittime supera quello di un bollettino di guerra.<\/p>\n<p><a href=\"http:\/\/www.karolwojtyladiurno.it\/\">http:\/\/www.karolwojtyladiurno.it\/<\/a><\/p>\n","protected":false},"excerpt":{"rendered":"","protected":false},"author":1,"featured_media":32295,"comment_status":"open","ping_status":"closed","sticky":false,"template":"","format":"standard","meta":{"colormag_page_container_layout":"default_layout","colormag_page_sidebar_layout":"default_layout","footnotes":""},"categories":[7],"tags":[],"class_list":["post-32303","post","type-post","status-publish","format-standard","has-post-thumbnail","hentry","category-attualita"],"_links":{"self":[{"href":"https:\/\/archiviogioia.lavocedelpaese.info\/index.php?rest_route=\/wp\/v2\/posts\/32303","targetHints":{"allow":["GET"]}}],"collection":[{"href":"https:\/\/archiviogioia.lavocedelpaese.info\/index.php?rest_route=\/wp\/v2\/posts"}],"about":[{"href":"https:\/\/archiviogioia.lavocedelpaese.info\/index.php?rest_route=\/wp\/v2\/types\/post"}],"author":[{"embeddable":true,"href":"https:\/\/archiviogioia.lavocedelpaese.info\/index.php?rest_route=\/wp\/v2\/users\/1"}],"replies":[{"embeddable":true,"href":"https:\/\/archiviogioia.lavocedelpaese.info\/index.php?rest_route=%2Fwp%2Fv2%2Fcomments&post=32303"}],"version-history":[{"count":0,"href":"https:\/\/archiviogioia.lavocedelpaese.info\/index.php?rest_route=\/wp\/v2\/posts\/32303\/revisions"}],"wp:featuredmedia":[{"embeddable":true,"href":"https:\/\/archiviogioia.lavocedelpaese.info\/index.php?rest_route=\/wp\/v2\/media\/32295"}],"wp:attachment":[{"href":"https:\/\/archiviogioia.lavocedelpaese.info\/index.php?rest_route=%2Fwp%2Fv2%2Fmedia&parent=32303"}],"wp:term":[{"taxonomy":"category","embeddable":true,"href":"https:\/\/archiviogioia.lavocedelpaese.info\/index.php?rest_route=%2Fwp%2Fv2%2Fcategories&post=32303"},{"taxonomy":"post_tag","embeddable":true,"href":"https:\/\/archiviogioia.lavocedelpaese.info\/index.php?rest_route=%2Fwp%2Fv2%2Ftags&post=32303"}],"curies":[{"name":"wp","href":"https:\/\/api.w.org\/{rel}","templated":true}]}}