{"id":32372,"date":"2012-12-18T06:10:53","date_gmt":"2012-12-18T06:10:53","guid":{"rendered":"https:\/\/archiviogioia.lavocedelpaese.info\/?p=32372"},"modified":"2012-12-18T06:10:53","modified_gmt":"2012-12-18T06:10:53","slug":"mastrovito-e-ferrovie-e-ben-chiaro-chi-ci-perdera","status":"publish","type":"post","link":"https:\/\/archiviogioia.lavocedelpaese.info\/?p=32372","title":{"rendered":"MASTROVITO E FERROVIE: \u201c\u00c8 BEN CHIARO CHI CI PERDER\u00c1\u201d"},"content":{"rendered":"<p><img loading=\"lazy\" decoding=\"async\" class=\" size-full wp-image-9113\" style=\"margin-right: 2px; margin-left: 2px;\" alt=\"ferrovia-pp\" src=\"https:\/\/archiviogioia.lavocedelpaese.info\/wp-content\/uploads\/2011\/03\/ferrovia-pp.jpg\" height=\"150\" width=\"320\" srcset=\"https:\/\/archiviogioia.lavocedelpaese.info\/wp-content\/uploads\/2011\/03\/ferrovia-pp.jpg 640w, https:\/\/archiviogioia.lavocedelpaese.info\/wp-content\/uploads\/2011\/03\/ferrovia-pp-300x141.jpg 300w\" sizes=\"auto, (max-width: 320px) 100vw, 320px\" \/><\/p>\n<p>\n<!--more--><br \/>\n<strong><\/strong><\/p>\n<p><strong>Fonte Facebook<\/strong>.<\/p>\n<p style=\"text-align: center;\">&#8212;&#8212;&#8212;&#8212;&#8212;&#8212;&#8212;&#8212;&#8212;&#8212;&#8212;&#8212;&#8212;-<\/p>\n<p style=\"text-align: justify;\"><img loading=\"lazy\" decoding=\"async\" class=\" alignleft size-full wp-image-32368\" style=\"margin: 4px; float: left;\" alt=\"mauro mastrovito\" src=\"https:\/\/archiviogioia.lavocedelpaese.info\/wp-content\/uploads\/2012\/12\/mauro_mastrovito.jpg\" height=\"211\" width=\"160\" \/>&#8220;Cari amici,<\/p>\n<p style=\"text-align: justify;\">oggi il Consiglio comunale \u00e8 chiamato ad esprimere l\u2019indirizzo di realizzare lo scavalcamento della ferrovia in corrispondenza del passaggio a livello di via Dante Alighieri attraverso un impianto di ascensori, da realizzarsi con una quota parte dei famosi 6.000.000 \u20ac stanziati nel 2007 dalla Regione per la Riqualificazione dell\u2019attraversamento del fascio ferroviario.<\/p>\n<p style=\"text-align: justify;\">La delibera in questione \u00e8, evidentemente, propedeutica alla definizione della controversia in essere con Rete Ferroviaria Italiana (RFI) circa il mancato adempimento della convenzione con la quale, nel 2004, il comune di Gioia del Colle s\u2019impegnava a chiudere i passaggi a livello.<\/p>\n<p style=\"text-align: justify;\">Non entrer\u00f2 nel merito delle valutazioni politiche sulla chiusura del PL. E\u2019 nota la posizione di ferma contrariet\u00e0 che ho tenuto per tanti anni, com\u2019\u00e8 noto il mio impegno affinch\u00e9 la chiusura non si realizzasse. E\u2019 noto, altres\u00ec, che da tempo mi ero reso conto che, per gli impegni presi dall\u2019Amministrazione comunale negli anni 2001-2004, e per l\u2019incapacit\u00e0 di gestire la questione da parte delle amministrazioni successive (compresa quella di cui ho fatto parte negli anni 2008-2001), l\u2019epilogo non poteva che essere <img loading=\"lazy\" decoding=\"async\" class=\" alignright size-full wp-image-32369\" style=\"margin: 4px; float: right;\" alt=\"passaggio-a-livello--chiuso\" src=\"https:\/\/archiviogioia.lavocedelpaese.info\/wp-content\/uploads\/2012\/12\/passaggio-a-livello-chiuso.jpg\" height=\"150\" width=\"320\" srcset=\"https:\/\/archiviogioia.lavocedelpaese.info\/wp-content\/uploads\/2012\/12\/passaggio-a-livello-chiuso.jpg 640w, https:\/\/archiviogioia.lavocedelpaese.info\/wp-content\/uploads\/2012\/12\/passaggio-a-livello-chiuso-300x141.jpg 300w\" sizes=\"auto, (max-width: 320px) 100vw, 320px\" \/>questo. Richiamo in proposito la nota con la quale, il 6 aprile 2011, esternavo questo convincimento (<a href=\"http:\/\/www.facebook.com\/l\/CAQHv7Wui\/www.gioianet.it\/politica\/2670-necessaria-la-chiusura-del-passaggio-a-livello.html\" target=\"_blank\" rel=\"noopener\"><span style=\"color: #3b5998; text-decoration: none;\"><\/span><\/a><a href=\"politica\/2670-necessaria-la-chiusura-del-passaggio-a-livello.html\">http:\/\/www.gioianet.it\/politica\/2670-necessaria-la-chiusura-del-passaggio-a-livello.html<\/a>).<\/p>\n<p style=\"text-align: justify;\">N\u00e9 entrer\u00f2 in polemica con quanti in passato hanno sostenuto, talvolta strumentalmente, la tesi dell\u2019apertura a tutti i costi del PL, ed oggi, dalla stessa o dall\u2019altra parte politica, si ritrovano a dover sostenere una tesi diversa.<\/p>\n<p style=\"text-align: justify;\">Semmai la polemica dovrei rivolgerla nei confronti di me stesso, per non essere stato capace di raggiungere, con l\u2019Amministrazione precedente, una transazione con le Ferrovie che prevedesse il mantenimento del PL aperto, transazione che era sembrata, in un momento, ad un passo dall\u2019essere raggiunta. Ma su questo non sono mancate le mie esternazioni in passato, e ripetermi sarebbe noioso.<\/p>\n<p style=\"text-align: justify;\"><img loading=\"lazy\" decoding=\"async\" class=\" alignleft size-full wp-image-9456\" style=\"margin: 4px; float: left;\" alt=\"passaggio-livello-dannunzi\" src=\"https:\/\/archiviogioia.lavocedelpaese.info\/wp-content\/uploads\/2011\/04\/passaggio-livello-dannunzi.jpg\" height=\"239\" width=\"319\" srcset=\"https:\/\/archiviogioia.lavocedelpaese.info\/wp-content\/uploads\/2011\/04\/passaggio-livello-dannunzi.jpg 472w, https:\/\/archiviogioia.lavocedelpaese.info\/wp-content\/uploads\/2011\/04\/passaggio-livello-dannunzi-300x225.jpg 300w\" sizes=\"auto, (max-width: 319px) 100vw, 319px\" \/>Vorrei piuttosto ricordare che l\u2019idea dello scavalcamento del PL con gli ascensori, gi\u00e0 prevista nel 2007, era stata superata con l\u2019approvazione del progetto preliminare degli interventi di riqualificazione dell\u2019area (delibera di Consiglio comunale 67 del 18\/12\/2008), interventi fra i quali era compresa la riqualificazione con allargamento di Via Scippitelli, intervento sul quale fu poi posto un sostanziale veto dalla Soprintendenza ai Beni Archeologici, a seguito del quale la stessa funzione fu attribuita alla nuova viabilit\u00e0 periurbana (intervento \u201cB\u201d), che oggi si intende sostituire con gli ascensori su via Dante. Quell\u2019approvazione del 2008 vide l\u2019unanime condivisione del Consiglio, eccezion fatta per l\u2019attuale sindaco Povia, anche se, in seguito, le posizioni politiche dell\u2019opposizione mutarono.<\/p>\n<p style=\"text-align: justify;\">Cos\u00ec come vorrei ricordare che, nell\u2019ipotesi di accettazione della chiusura del PL, chi ci guadagner\u00e0, anche economicamente, \u00e8 RFI, che non sosterr\u00e0 le spese per la riqualificazione del ponte di via Giovanni XXIII, pur previste nella stessa convenzione che prevedeva la chiusura dei PL. Di contro, \u00e8 ben chiaro chi ci perder\u00e0.<\/p>\n<p style=\"text-align: justify;\"><img loading=\"lazy\" decoding=\"async\" class=\" alignright size-full wp-image-32371\" style=\"margin: 4px; float: right;\" alt=\"ferrovia-ponte-passaggi livello 006\" src=\"https:\/\/archiviogioia.lavocedelpaese.info\/wp-content\/uploads\/2012\/12\/ferrovia-ponte-passaggi_livello_006.jpg\" height=\"240\" width=\"320\" srcset=\"https:\/\/archiviogioia.lavocedelpaese.info\/wp-content\/uploads\/2012\/12\/ferrovia-ponte-passaggi_livello_006.jpg 640w, https:\/\/archiviogioia.lavocedelpaese.info\/wp-content\/uploads\/2012\/12\/ferrovia-ponte-passaggi_livello_006-300x225.jpg 300w\" sizes=\"auto, (max-width: 320px) 100vw, 320px\" \/>Ma quel che mi preme maggiormente sottolineare \u00e8 la ricaduta di questa decisione sulla collettivit\u00e0.<br \/> Ritengo che l\u2019approvazione della Delibera di Consiglio comunale (cos\u00ec come letta dai manifesti di convocazione) comporter\u00e0 per l\u2019Amministrazione l\u2019assunzione di spese (spese di indagini e progettazioni, risarcimento all\u2019impresa aggiudicataria dell\u2019appalto dell\u2019intervento B, spese di gara, eventuali insorgendi contenziosi) che non potranno essere comprese nel quadro economico, e pertanto dovranno essere pagate con fondi comunali.<\/p>\n<p style=\"text-align: justify;\">L\u2019Amministrazione comunale decida liberamente su cosa \u00e8 meglio per la citt\u00e0 (i problemi sono gli stessi in tutti i comuni, con posizioni pro e contro, vedi ad esempio questo recente articolo <a href=\"http:\/\/www.facebook.com\/l\/XAQG8vDTJ\/gazzettadimodena.gelocal.it\/cronaca\/2012\/09\/30\/news\/l-ascensore-funziona-dopo-6-anni-di-lavori-e-400mila-euro-spesi-1.5776577\" target=\"_blank\" rel=\"noopener\"><span style=\"color: #3b5998; text-decoration: none;\"><\/span><\/a><a href=\"http:\/\/gazzettadimodena.gelocal.it\/cronaca\/2012\/09\/30\/news\/l-ascensore-funziona-dopo-6-anni-di-lavori-e-400mila-euro-spesi-1.5776577\">http:\/\/gazzettadimodena.gelocal.it\/cronaca\/2012\/09\/30\/news\/l-ascensore-funziona-dopo-6-anni-di-lavori-e-400mila-euro-spesi-1.5776577<\/a>), ma dica anche chiaramente ai cittadini quali saranno i costi da sostenere ed in che modo si far\u00e0 fronte&#8221;.<\/p>\n<p style=\"text-align: right;\"><strong>Mauro Mastrovito<\/strong><\/p>\n<p>&nbsp;<\/p>\n<p>&nbsp;<\/p>\n","protected":false},"excerpt":{"rendered":"","protected":false},"author":1,"featured_media":9113,"comment_status":"open","ping_status":"closed","sticky":false,"template":"","format":"standard","meta":{"colormag_page_container_layout":"default_layout","colormag_page_sidebar_layout":"default_layout","footnotes":""},"categories":[4],"tags":[],"class_list":["post-32372","post","type-post","status-publish","format-standard","has-post-thumbnail","hentry","category-politica"],"_links":{"self":[{"href":"https:\/\/archiviogioia.lavocedelpaese.info\/index.php?rest_route=\/wp\/v2\/posts\/32372","targetHints":{"allow":["GET"]}}],"collection":[{"href":"https:\/\/archiviogioia.lavocedelpaese.info\/index.php?rest_route=\/wp\/v2\/posts"}],"about":[{"href":"https:\/\/archiviogioia.lavocedelpaese.info\/index.php?rest_route=\/wp\/v2\/types\/post"}],"author":[{"embeddable":true,"href":"https:\/\/archiviogioia.lavocedelpaese.info\/index.php?rest_route=\/wp\/v2\/users\/1"}],"replies":[{"embeddable":true,"href":"https:\/\/archiviogioia.lavocedelpaese.info\/index.php?rest_route=%2Fwp%2Fv2%2Fcomments&post=32372"}],"version-history":[{"count":0,"href":"https:\/\/archiviogioia.lavocedelpaese.info\/index.php?rest_route=\/wp\/v2\/posts\/32372\/revisions"}],"wp:featuredmedia":[{"embeddable":true,"href":"https:\/\/archiviogioia.lavocedelpaese.info\/index.php?rest_route=\/wp\/v2\/media\/9113"}],"wp:attachment":[{"href":"https:\/\/archiviogioia.lavocedelpaese.info\/index.php?rest_route=%2Fwp%2Fv2%2Fmedia&parent=32372"}],"wp:term":[{"taxonomy":"category","embeddable":true,"href":"https:\/\/archiviogioia.lavocedelpaese.info\/index.php?rest_route=%2Fwp%2Fv2%2Fcategories&post=32372"},{"taxonomy":"post_tag","embeddable":true,"href":"https:\/\/archiviogioia.lavocedelpaese.info\/index.php?rest_route=%2Fwp%2Fv2%2Ftags&post=32372"}],"curies":[{"name":"wp","href":"https:\/\/api.w.org\/{rel}","templated":true}]}}