{"id":32439,"date":"2012-12-19T05:59:20","date_gmt":"2012-12-19T05:59:20","guid":{"rendered":"https:\/\/archiviogioia.lavocedelpaese.info\/?p=32439"},"modified":"2012-12-19T05:59:20","modified_gmt":"2012-12-19T05:59:20","slug":"il-pianeta-verde-primo-incontro-con-il-risveglio-3","status":"publish","type":"post","link":"https:\/\/archiviogioia.lavocedelpaese.info\/?p=32439","title":{"rendered":"\u201cIL PIANETA VERDE\u201d, PRIMO INCONTRO CON IL \u201cRISVEGLIO\u201d"},"content":{"rendered":"<p><img loading=\"lazy\" decoding=\"async\" class=\" size-full wp-image-32429\" style=\"margin-right: 2px; margin-left: 2px;\" alt=\"pianeta-verde-inaugurazione-libreria\" src=\"https:\/\/archiviogioia.lavocedelpaese.info\/wp-content\/uploads\/2012\/12\/pianeta-verde-inaugurazione-libreria.jpg\" height=\"150\" width=\"320\" srcset=\"https:\/\/archiviogioia.lavocedelpaese.info\/wp-content\/uploads\/2012\/12\/pianeta-verde-inaugurazione-libreria.jpg 640w, https:\/\/archiviogioia.lavocedelpaese.info\/wp-content\/uploads\/2012\/12\/pianeta-verde-inaugurazione-libreria-300x141.jpg 300w\" sizes=\"auto, (max-width: 320px) 100vw, 320px\" \/><\/p>\n<p><!--more--><\/p>\n<p style=\"text-align: justify;\"><b><img loading=\"lazy\" decoding=\"async\" class=\" alignleft size-full wp-image-32431\" style=\"margin: 4px; float: left;\" alt=\"il pianeta verde copertina1265366450\" src=\"https:\/\/archiviogioia.lavocedelpaese.info\/wp-content\/uploads\/2012\/12\/il_pianeta_verde_copertina1265366450.jpg\" height=\"372\" width=\"250\" srcset=\"https:\/\/archiviogioia.lavocedelpaese.info\/wp-content\/uploads\/2012\/12\/il_pianeta_verde_copertina1265366450.jpg 250w, https:\/\/archiviogioia.lavocedelpaese.info\/wp-content\/uploads\/2012\/12\/il_pianeta_verde_copertina1265366450-202x300.jpg 202w\" sizes=\"auto, (max-width: 250px) 100vw, 250px\" \/>Accolte da un piacevole profumo di incenso<\/b>, dai caldi colori delle pareti <b>del centro benessere di Teresa Notarnicola<\/b> e coccolate da <b>deliziosi dolcetti e una calda <\/b>tisana le amiche dell\u2019associazione Yoga, Zen e Benessere, nel pomeriggio di domenica 16 dicembre, hanno condiviso il loro tempo <b>per assistere<\/b> a uno degli appuntamenti dedicati <b>al cineforum dal tema il \u201cRisveglio\u201d<\/b>.<\/p>\n<p style=\"text-align: justify;\"><b>Risveglio inteso come destarsi della coscienza<\/b> di fronte alle incongruenze della nostra societ\u00e0 di massa sempre pi\u00f9 preda di bisogni fallaci, sempre pi\u00f9 individualistica e competitiva.<\/p>\n<p style=\"text-align: justify;\"><b>La visione del film \u201cil pianeta verde\u201d<\/b> del 1996 diretto da Coline Serreau, <b>ha lasciato incantate le presenti e ha dato molti spunti per una conversazione amichevole<\/b> sul contenuto della proiezione. <b>A catapultarle nelle meraviglie del pianeta verde Giulia Benedetto<\/b>, la quale enuncia i temi principali del film quali: il consumismo, l\u2019abuso di potere, l\u2019inquinamento la frenesia e la nevrosi che caratterizzano la nostra societ\u00e0, vittima di un benessere apparente che inevitabilmente si ripercuote sulla qualit\u00e0 della vita.<\/p>\n<p style=\"text-align: justify;\"><b>Sul Pianeta verde, lontano dal pianeta terra, vive in armonia, a contatto con la natura, un allegra comunit\u00e0 di persone<\/b>. Durante un\u2019assemblea planetaria viene chiesto ad alcuni cittadini di andare sulla terra per avere informazioni su come i terrestri sottosviluppati se la cavino, ma tutti si rifiutano non vogliono abbandonare il loro paradiso, <img loading=\"lazy\" decoding=\"async\" class=\" alignright size-full wp-image-32433\" style=\"margin: 4px; float: right;\" alt=\"pianeta-verde-inaugurazione-2\" src=\"https:\/\/archiviogioia.lavocedelpaese.info\/wp-content\/uploads\/2012\/12\/pianeta-verde-inaugurazione-2.jpg\" height=\"240\" width=\"320\" srcset=\"https:\/\/archiviogioia.lavocedelpaese.info\/wp-content\/uploads\/2012\/12\/pianeta-verde-inaugurazione-2.jpg 900w, https:\/\/archiviogioia.lavocedelpaese.info\/wp-content\/uploads\/2012\/12\/pianeta-verde-inaugurazione-2-300x225.jpg 300w, https:\/\/archiviogioia.lavocedelpaese.info\/wp-content\/uploads\/2012\/12\/pianeta-verde-inaugurazione-2-768x576.jpg 768w\" sizes=\"auto, (max-width: 320px) 100vw, 320px\" \/>a parte l\u2019intraprendente Mila curiosa di capire le strane abitudini degli esseri umani.<\/p>\n<p style=\"text-align: justify;\"><b>La presenza di Mila sulla terra, avr\u00e0 un effetto benefico per le persone che incontrer\u00e0<\/b>, ma sar\u00e0 per lei poco salutare, infatti, appena arrivata sul globo terrestre \u00e8 accolta dal traffico, dallo smog e dai rumori fastidiosi della citt\u00e0 e <b>si domanda dove siano, i prati e i ruscelli<\/b>, inoltre, scoprir\u00e0 che <b>per mangiare bisogner\u00e0 pagare con della strana carta colorata<\/b>, e che le donne per sentirsi amate hanno bisogno di tingersi le labbra di rosso, insomma un mondo assurdo <b>i cui gli abitanti per spostarsi usano ancora delle \u201cscatole di ferro\u201d<\/b>.<\/p>\n<p style=\"text-align: justify;\"><b>Una pellicola che con comicit\u00e0 mette in risalto le contraddizioni del nostro tempo, l\u2019arroganza dell\u2019uomo <\/b>che si sente al centro dell\u2019universo chiamando extra terrestri altre presunte forme di vita. <b>Un gran bel film conclusosi con un \u201cconcerto di silenzio\u201d<\/b>, ovvero quella pace interiore che si raggiunge quando si sta bene con se stessi e si \u00e8 grati per i doni presenti in natura, <b>un\u2019armonia che nasce stando insieme agli altri esseri umani<\/b>. \u201c<b>Io sono perch\u00e9 siamo<\/b>\u201d, recita la filosofia dell\u2019Ubuntu.<\/p>\n<p>&nbsp;<\/p>\n","protected":false},"excerpt":{"rendered":"","protected":false},"author":1,"featured_media":32429,"comment_status":"open","ping_status":"closed","sticky":false,"template":"","format":"standard","meta":{"colormag_page_container_layout":"default_layout","colormag_page_sidebar_layout":"default_layout","footnotes":""},"categories":[7],"tags":[],"class_list":["post-32439","post","type-post","status-publish","format-standard","has-post-thumbnail","hentry","category-attualita"],"_links":{"self":[{"href":"https:\/\/archiviogioia.lavocedelpaese.info\/index.php?rest_route=\/wp\/v2\/posts\/32439","targetHints":{"allow":["GET"]}}],"collection":[{"href":"https:\/\/archiviogioia.lavocedelpaese.info\/index.php?rest_route=\/wp\/v2\/posts"}],"about":[{"href":"https:\/\/archiviogioia.lavocedelpaese.info\/index.php?rest_route=\/wp\/v2\/types\/post"}],"author":[{"embeddable":true,"href":"https:\/\/archiviogioia.lavocedelpaese.info\/index.php?rest_route=\/wp\/v2\/users\/1"}],"replies":[{"embeddable":true,"href":"https:\/\/archiviogioia.lavocedelpaese.info\/index.php?rest_route=%2Fwp%2Fv2%2Fcomments&post=32439"}],"version-history":[{"count":0,"href":"https:\/\/archiviogioia.lavocedelpaese.info\/index.php?rest_route=\/wp\/v2\/posts\/32439\/revisions"}],"wp:featuredmedia":[{"embeddable":true,"href":"https:\/\/archiviogioia.lavocedelpaese.info\/index.php?rest_route=\/wp\/v2\/media\/32429"}],"wp:attachment":[{"href":"https:\/\/archiviogioia.lavocedelpaese.info\/index.php?rest_route=%2Fwp%2Fv2%2Fmedia&parent=32439"}],"wp:term":[{"taxonomy":"category","embeddable":true,"href":"https:\/\/archiviogioia.lavocedelpaese.info\/index.php?rest_route=%2Fwp%2Fv2%2Fcategories&post=32439"},{"taxonomy":"post_tag","embeddable":true,"href":"https:\/\/archiviogioia.lavocedelpaese.info\/index.php?rest_route=%2Fwp%2Fv2%2Ftags&post=32439"}],"curies":[{"name":"wp","href":"https:\/\/api.w.org\/{rel}","templated":true}]}}