{"id":32519,"date":"2012-12-21T09:55:02","date_gmt":"2012-12-21T09:55:02","guid":{"rendered":"https:\/\/archiviogioia.lavocedelpaese.info\/?p=32519"},"modified":"2012-12-21T09:55:02","modified_gmt":"2012-12-21T09:55:02","slug":"primi-sette-mesi-giunta-povia-conferenza-inutile-video-2","status":"publish","type":"post","link":"https:\/\/archiviogioia.lavocedelpaese.info\/?p=32519","title":{"rendered":"PRIMI SETTE MESI GIUNTA POVIA, INUTILE CONFERENZA-video"},"content":{"rendered":"<p><img loading=\"lazy\" decoding=\"async\" class=\" size-full wp-image-32513\" style=\"margin-right: 2px; margin-left: 2px;\" alt=\"conferenza-stampa-sindaco-e-giunta-pp\" src=\"https:\/\/archiviogioia.lavocedelpaese.info\/wp-content\/uploads\/2012\/12\/conferenza-stampa-sindaco-e-giunta-pp.jpg\" height=\"150\" width=\"320\" srcset=\"https:\/\/archiviogioia.lavocedelpaese.info\/wp-content\/uploads\/2012\/12\/conferenza-stampa-sindaco-e-giunta-pp.jpg 640w, https:\/\/archiviogioia.lavocedelpaese.info\/wp-content\/uploads\/2012\/12\/conferenza-stampa-sindaco-e-giunta-pp-300x141.jpg 300w\" sizes=\"auto, (max-width: 320px) 100vw, 320px\" \/><\/p>\n<p><!--more--><\/p>\n<p style=\"text-align: justify;\"><b>Quella tenutasi <\/b><b><img loading=\"lazy\" decoding=\"async\" class=\" alignleft size-full wp-image-32515\" style=\"margin: 4px; float: left;\" alt=\"conferenza-sindaco-inizio\" src=\"https:\/\/archiviogioia.lavocedelpaese.info\/wp-content\/uploads\/2012\/12\/conferenza-sindaco-inizio.jpg\" height=\"240\" width=\"320\" srcset=\"https:\/\/archiviogioia.lavocedelpaese.info\/wp-content\/uploads\/2012\/12\/conferenza-sindaco-inizio.jpg 900w, https:\/\/archiviogioia.lavocedelpaese.info\/wp-content\/uploads\/2012\/12\/conferenza-sindaco-inizio-300x225.jpg 300w, https:\/\/archiviogioia.lavocedelpaese.info\/wp-content\/uploads\/2012\/12\/conferenza-sindaco-inizio-768x577.jpg 768w\" sizes=\"auto, (max-width: 320px) 100vw, 320px\" \/><\/b><b>ieri<\/b>, all\u2019una circa, presso l\u2019Aula Consigliare, <b>\u00e8 stata una conferenza stampa inutile<\/b>, che il sindaco poteva anche risparmiarci. <b>Nel comunicato stampa<\/b> pervenuto in Redazione <b>si sosteneva che la stessa era stata indetta per \u201crelazionare sull\u2019attivit\u00e0 dei<\/b> <strong>primi sette mesi di amministrazione<\/strong><strong><span style=\"font-weight: normal;\">\u201d<\/span><\/strong>. E che \u201cal report di fine anno <strong>seguir\u00e0<\/strong> il rituale <strong>scambio degli auguri per Natale e l\u2019anno nuovo<\/strong>&#8220;.<\/p>\n<p style=\"text-align: justify;\">Ebbene, <b>la relazione di sette mesi di attivit\u00e0 si \u00e8 limitata ai soliti argomenti<\/b>, <b>triti e ritriti<\/b>, che i gioiesi avranno sicuramente imparato a memoria, il solito <b>disco rotto, ormai incantato sulla necessit\u00e0 di sbloccare le Zone F<\/b>, a prescindere dalle norme, che sull&#8217;utilizzo delle stesse bisogna essere al passo con i tempi e tenere conto solo dei risultati ottenuti; <b>sulla urgenza di aumentare l\u2019IMU<\/b>, <b>per far fronte al buco di bilancio<\/b> lasciato non si sa bene da chi, se dall\u2019Amministrazione <b>Longo<\/b> o dalla gestione del Commissario <b>D\u2019Abbicco<\/b>, <b>sui debiti con la Spes<\/b>, <b>sulla piscina \u201cche comunque riprender\u00e0 a funzionare\u201d<\/b>; sulla opportunit\u00e0 <b>che si guardi avanti e non al passato<\/b>; sulla richiesta agli <b>organi di informazione di scrivere su ci\u00f2 che di buono si \u00e8 fatto<\/b> e di non stare sempre a criticare; sul nostro sito web (non ha fatto il nome ma era evidente il riferimento), e <b>agli interventi dei soliti anonimi, che utilizzano dei nickname per<\/b><b><img loading=\"lazy\" decoding=\"async\" class=\" alignright size-full wp-image-32516\" style=\"margin: 4px; float: right;\" alt=\"conferenza-stampa-sindaco-e-giunta\" src=\"https:\/\/archiviogioia.lavocedelpaese.info\/wp-content\/uploads\/2012\/12\/conferenza-stampa-sindaco-e-giunta.jpg\" height=\"273\" width=\"320\" srcset=\"https:\/\/archiviogioia.lavocedelpaese.info\/wp-content\/uploads\/2012\/12\/conferenza-stampa-sindaco-e-giunta.jpg 900w, https:\/\/archiviogioia.lavocedelpaese.info\/wp-content\/uploads\/2012\/12\/conferenza-stampa-sindaco-e-giunta-300x256.jpg 300w, https:\/\/archiviogioia.lavocedelpaese.info\/wp-content\/uploads\/2012\/12\/conferenza-stampa-sindaco-e-giunta-768x655.jpg 768w\" sizes=\"auto, (max-width: 320px) 100vw, 320px\" \/><\/b><b> lanciare accuse assurde<\/b>, perch\u00e9 \u201cnon hanno le competenze necessarie, n\u00e9 tanto meno il coraggio, <b>a differenza degli amministr<\/b><b>atori, di metterci la faccia<\/b>\u201d; a tutti quei \u201c<b>ex consiglieri di forze politiche di minoranza<\/b>\u201d (di cui per\u00f2 pur sollecitato pi\u00f9 volte dal sottoscritto non ha voluto fare i nomi), <b>che oggi ostacolano a vario titolo e con modalit\u00e0 diverse il loro operato<\/b>, <b>mentre ieri \u201csbavavano per entrare a far parte della sua Giunta<\/b>\u201d; <b>all\u2019ex consigliere \u201cin divisa che non capisce<\/b> (eufemismo) <b>nulla di politica e di amministrazione<\/b>, che si fa scrivere da altri ci\u00f2 che fa pubblicare\u201d. E cos\u00ec via.<\/p>\n<p style=\"text-align: justify;\"><b>Un monologo che ha lasciato poco spazio ai suoi assessori<\/b>, <b>De Giorgi, Donvito, Masi, Ventaglini<\/b> (<b>assente la Taranto<\/b>), che si sono limitati ad un mero quanto brevissimo elenco di attivit\u00e0 svolte con frase augurale finale. <b>Interventi in cui l\u2019assessore allo sport ha tirato in ballo<\/b>, pur non essendo presente, <b>il comportamento anomalo assunto dal consigliere Donato Lucilla<\/b> in merito al consiglio dei genitori dell\u2019asilo nido, e sulla sua richiesta di un non meglio precisato permesso. <b>Nel suo mirino anche Vittorio Giannico, <\/b>le associazioni, gli operatori turistici e i cittadini, rei di non aver risposto al suo appello di mettere a disposizione del Giannico una dimora, anche pagandola.<\/p>\n<p style=\"text-align: justify;\"><b>Sul futuro dell\u2019ospedale, dei passaggi a livello, dell\u2019occupazione ormai ai minimi storici, sulla Coop <\/b>e su come intende operare per risolvere le numerose beghe legali,<b> sui parcheggi a pagamento, sulla cartella fiscale unica <\/b>e di quanto ci coster\u00e0, <b>e su tanti altri problemi che assillano la citt\u00e0, nessun accenno<\/b> <b>se non<\/b> <b>sulla necessit\u00e0<\/b>, se si vuole salvare la <b><img loading=\"lazy\" decoding=\"async\" class=\" alignleft size-full wp-image-3772\" style=\"margin: 4px; float: left;\" alt=\"gazebo-spocizia2\" src=\"https:\/\/archiviogioia.lavocedelpaese.info\/wp-content\/uploads\/2010\/08\/gazebo-spocizia2.jpg\" height=\"240\" width=\"320\" srcset=\"https:\/\/archiviogioia.lavocedelpaese.info\/wp-content\/uploads\/2010\/08\/gazebo-spocizia2.jpg 362w, https:\/\/archiviogioia.lavocedelpaese.info\/wp-content\/uploads\/2010\/08\/gazebo-spocizia2-300x225.jpg 300w\" sizes=\"auto, (max-width: 320px) 100vw, 320px\" \/><\/b>SPES, <b>di incrementare la popolazione gioiese oltre i 30 mila abitanti<\/b>, come stabilito dalla legge. \u201c<b>Su questo stiamo lavorando, anche con contatti con le realt\u00e0 limitrofe<\/b>\u201d.<\/p>\n<p style=\"text-align: justify;\"><b>Come novit\u00e0, \u00e8 allo studio la possibilit\u00e0 di utilizzare il complesso turistico costruito in prossimit\u00e0 di Monte Sannace dalla ditta Gallo<\/b>, attualmente sotto sequestro, <b>come Parco Cittadino<\/b>. Altra novit\u00e0 in cantiere <b>quella di indire un \u201cconcorso di idee per modificare l\u2019attuale struttura di Piazza Plebiscito\u201d<\/b>, perch\u00e9 ci si \u00e8 resi conto che, soprattutto d\u2019estate, \u201ci cittadini hanno bisogno di zone in cui sostare, eliminando i gazebo\u201d.<\/p>\n<p style=\"text-align: justify;\"><b>In merito all\u2019IMU e alla necessit\u00e0 di incrementare al massimo le aliquote<\/b>, considerando che il suo gettito con le aliquote di acconto era gi\u00e0 spropositato (<b>nelle casse comunali entrer\u00e0 il 75% dell\u2019intera tassazione 2012<\/b>) <b>rispetto all\u2019anno scorso<\/b>, <b>quando era in vigore l\u2019ICI<\/b>, in cui l\u2019abitazione principale era esentata dal pagamento e le rendite catastali non erano incrementate del 60%, <b>c\u2019\u00e8 stato un lungo scambio di vedute con il sottoscritto che contestava la sua affermazione \u201cnon sapevamo e non sappiamo di quanto sar\u00e0 il gettito, ammesso che tutti abbiano pagato\u201d<\/b>. Una affermazione, la sua, <b>che smentiva di fatto i <img loading=\"lazy\" decoding=\"async\" class=\" alignright size-full wp-image-32517\" style=\"margin: 4px; float: right;\" alt=\"conferenza-sindaco\" src=\"https:\/\/archiviogioia.lavocedelpaese.info\/wp-content\/uploads\/2012\/12\/conferenza-sindaco.jpg\" height=\"228\" width=\"320\" srcset=\"https:\/\/archiviogioia.lavocedelpaese.info\/wp-content\/uploads\/2012\/12\/conferenza-sindaco.jpg 900w, https:\/\/archiviogioia.lavocedelpaese.info\/wp-content\/uploads\/2012\/12\/conferenza-sindaco-300x214.jpg 300w, https:\/\/archiviogioia.lavocedelpaese.info\/wp-content\/uploads\/2012\/12\/conferenza-sindaco-768x547.jpg 768w\" sizes=\"auto, (max-width: 320px) 100vw, 320px\" \/>dati stilati e riportati dall\u2019Ufficio Finanziario<\/b>, inseriti nel bilancio approvato a novembre, <b>che aveva previsto un incremento di oltre 3 milioni di euro rispetto alla prima rata pagata a giugno<\/b>, con un incremento, a mio avviso, di <b>oltre il 140% rispetto alle entrate del 2011<\/b>. Maggiori entrate che avrebbero dovuto spingere i nostri amministratori ad evitare ulteriori aumenti. <b>La sua risposta finale \u00e8 stata quella di \u201cdocumentarmi meglio\u201d<\/b>, come se non lo fossi gi\u00e0 abbastanza, e i documenti ufficiali sono l\u00ec a testimoniarlo.<\/p>\n<p style=\"text-align: justify;\"><b>Per dirimere la \u201ccontesa\u201d \u00e8 intervenuto Franco Ventaglini<\/b>, il quale ha assicurato che il surplus \u201csar\u00e0 distribuito sottoforma di incrementi dei servizi rivolti alla cittadinanza\u201d.<\/p>\n<p style=\"text-align: justify;\"><b>Un incontro che non ha aggiunto nulla a quello che gi\u00e0 si sapeva<\/b>, <b>conclusosi<\/b> dopo oltre un\u2019ora <b>senza neanche quel \u201crituale<\/b> <strong>scambio degli auguri per Natale e l\u2019anno nuovo<\/strong>&#8221; promesso, non con il sottoscritto, Ventaglini a parte. <b>Ma forse \u00e8 meglio cos\u00ec<\/b>, se non si ha voglia di farlo.<\/p>\n<p><object width=\"640\" height=\"360\" data=\"https:\/\/www.youtube.com\/v\/yrSvJY3YcGs?version=3&amp;hl=it_IT&amp;rel=0\" type=\"application\/x-shockwave-flash\"><param name=\"movie\" value=\"https:\/\/www.youtube.com\/v\/yrSvJY3YcGs?version=3&amp;hl=it_IT&amp;rel=0\" \/><param name=\"allowFullScreen\" value=\"true\" \/><param name=\"allowscriptaccess\" value=\"always\" \/><\/object> <object width=\"640\" height=\"360\" data=\"https:\/\/www.youtube.com\/v\/rSB-3S5wBsc?hl=it_IT&amp;version=3&amp;rel=0\" type=\"application\/x-shockwave-flash\"><param name=\"movie\" value=\"https:\/\/www.youtube.com\/v\/rSB-3S5wBsc?hl=it_IT&amp;version=3&amp;rel=0\" \/><param name=\"allowFullScreen\" value=\"true\" \/><param name=\"allowscriptaccess\" value=\"always\" \/><\/object><\/p>\n","protected":false},"excerpt":{"rendered":"","protected":false},"author":1,"featured_media":32513,"comment_status":"open","ping_status":"closed","sticky":false,"template":"","format":"standard","meta":{"colormag_page_container_layout":"default_layout","colormag_page_sidebar_layout":"default_layout","footnotes":""},"categories":[4],"tags":[],"class_list":["post-32519","post","type-post","status-publish","format-standard","has-post-thumbnail","hentry","category-politica"],"_links":{"self":[{"href":"https:\/\/archiviogioia.lavocedelpaese.info\/index.php?rest_route=\/wp\/v2\/posts\/32519","targetHints":{"allow":["GET"]}}],"collection":[{"href":"https:\/\/archiviogioia.lavocedelpaese.info\/index.php?rest_route=\/wp\/v2\/posts"}],"about":[{"href":"https:\/\/archiviogioia.lavocedelpaese.info\/index.php?rest_route=\/wp\/v2\/types\/post"}],"author":[{"embeddable":true,"href":"https:\/\/archiviogioia.lavocedelpaese.info\/index.php?rest_route=\/wp\/v2\/users\/1"}],"replies":[{"embeddable":true,"href":"https:\/\/archiviogioia.lavocedelpaese.info\/index.php?rest_route=%2Fwp%2Fv2%2Fcomments&post=32519"}],"version-history":[{"count":0,"href":"https:\/\/archiviogioia.lavocedelpaese.info\/index.php?rest_route=\/wp\/v2\/posts\/32519\/revisions"}],"wp:featuredmedia":[{"embeddable":true,"href":"https:\/\/archiviogioia.lavocedelpaese.info\/index.php?rest_route=\/wp\/v2\/media\/32513"}],"wp:attachment":[{"href":"https:\/\/archiviogioia.lavocedelpaese.info\/index.php?rest_route=%2Fwp%2Fv2%2Fmedia&parent=32519"}],"wp:term":[{"taxonomy":"category","embeddable":true,"href":"https:\/\/archiviogioia.lavocedelpaese.info\/index.php?rest_route=%2Fwp%2Fv2%2Fcategories&post=32519"},{"taxonomy":"post_tag","embeddable":true,"href":"https:\/\/archiviogioia.lavocedelpaese.info\/index.php?rest_route=%2Fwp%2Fv2%2Ftags&post=32519"}],"curies":[{"name":"wp","href":"https:\/\/api.w.org\/{rel}","templated":true}]}}