{"id":32539,"date":"2012-12-22T06:43:28","date_gmt":"2012-12-22T06:43:28","guid":{"rendered":"https:\/\/archiviogioia.lavocedelpaese.info\/?p=32539"},"modified":"2012-12-22T06:43:28","modified_gmt":"2012-12-22T06:43:28","slug":"parte-la-i-edizione-di-natale-fatto-ad-arte-2","status":"publish","type":"post","link":"https:\/\/archiviogioia.lavocedelpaese.info\/?p=32539","title":{"rendered":"PARTE LA I^ EDIZIONE DI \u201cNATALE FATTO AD ARTE\u201d"},"content":{"rendered":"<p><img loading=\"lazy\" decoding=\"async\" class=\" size-full wp-image-32534\" style=\"margin-right: 2px; margin-left: 2px;\" alt=\"albero-di-natale-piazza-pp\" src=\"https:\/\/archiviogioia.lavocedelpaese.info\/wp-content\/uploads\/2012\/12\/albero-di-natale-piazza-pp.png\" height=\"150\" width=\"320\" srcset=\"https:\/\/archiviogioia.lavocedelpaese.info\/wp-content\/uploads\/2012\/12\/albero-di-natale-piazza-pp.png 640w, https:\/\/archiviogioia.lavocedelpaese.info\/wp-content\/uploads\/2012\/12\/albero-di-natale-piazza-pp-300x141.png 300w\" sizes=\"auto, (max-width: 320px) 100vw, 320px\" \/><\/p>\n<p><!--more--><\/p>\n<p style=\"text-align: justify;\"><img loading=\"lazy\" decoding=\"async\" class=\" alignleft size-full wp-image-32535\" style=\"margin: 4px; float: left;\" alt=\"natale fatto ad arte\" src=\"https:\/\/archiviogioia.lavocedelpaese.info\/wp-content\/uploads\/2012\/12\/natale_fatto_ad_arte.jpg\" height=\"429\" width=\"300\" srcset=\"https:\/\/archiviogioia.lavocedelpaese.info\/wp-content\/uploads\/2012\/12\/natale_fatto_ad_arte.jpg 1417w, https:\/\/archiviogioia.lavocedelpaese.info\/wp-content\/uploads\/2012\/12\/natale_fatto_ad_arte-210x300.jpg 210w, https:\/\/archiviogioia.lavocedelpaese.info\/wp-content\/uploads\/2012\/12\/natale_fatto_ad_arte-717x1024.jpg 717w, https:\/\/archiviogioia.lavocedelpaese.info\/wp-content\/uploads\/2012\/12\/natale_fatto_ad_arte-768x1098.jpg 768w, https:\/\/archiviogioia.lavocedelpaese.info\/wp-content\/uploads\/2012\/12\/natale_fatto_ad_arte-1075x1536.jpg 1075w\" sizes=\"auto, (max-width: 300px) 100vw, 300px\" \/>\u201cIl Borgo Antico di Gioia del Colle si anima di festa, <b>una giornata dedicata alla creativit\u00e0<\/b> e alla spensieratezza.<br \/> <b>Musica, pittura, scultura, artigianato, prodotti tipici locali ed internazionali<\/b>, <b>canti, danze, teatro, face painting, spettacoli<\/b> per adulti e bambini, book crossing e fotografia.<\/p>\n<p style=\"text-align: justify;\"><b>Tanti gli artisti impegnati e tante le associazioni che vi allieteranno<\/b> <b>in una giornata briosa e dal clima completamente natalizio<\/b>: Ass.Cult.Petali di Pietra, le associazioni appartenenti al Collettivo Culturale, la societ\u00e0 Arte in Scatola, Artensione e Spazio Uno Tre, le Radici Ritrovate onlus, UIC sezione di Gioia del Colle, Ist. Prov. Centro Educativo Riabilitativo per videolesi \u201cGino Messeni Localzo\u201d,&nbsp;&nbsp;WWF Gioia Acquaviva Santeramo, Diversa Mente, A.so.tu.dis. Onlus, Solidariet\u00e0 societ\u00e0 cooperativa sociale, Ass. Le Ombre, Etnie, Universit\u00e0 Terza Et\u00e0, le Vincenziane, P.A. Gioia Soccorso Onlus, Presidio del Libro Gioia, Polifonie, Ass. Meridiana Onlus, Rockerella, la PrimaVera Gioia.<\/p>\n<p style=\"text-align: justify;\"><b>Un programma ricco di appuntamenti che vedr\u00e0 il Borgo Antico animato sin dalle ore 11.00 del mattino<\/b>. Il mercatino dell\u2019artigianato, con oggetti frutto della propria fantasia e creativit\u00e0, sar\u00e0 attorniato dagli splendidi quadri di Pittori locali per conquistarvi con i loro meravigliosi colori. Via Piottola sar\u00e0 magicamente trasformata in una piccola Montmartre grazie all\u2019artistica fantasia della pittrice <b>Antonella Lozito<\/b>.<\/p>\n<p style=\"text-align: justify;\"><b>I nostri Scultori incideranno nelle vostre menti il proprio tocco<\/b> da Maestri del settore. Per l\u2019occasione, il Maestro <b>Mario Vacca presenter\u00e0 i suoi splendidi bassorilievi<\/b> incisi in pietra calcarea, rappresentanti volti e scene dell\u2019epoca federiciana.<b><img loading=\"lazy\" decoding=\"async\" class=\" alignright size-full wp-image-32536\" style=\"margin: 4px; float: right;\" alt=\"276416 524446347567794 257575922 n\" src=\"https:\/\/archiviogioia.lavocedelpaese.info\/wp-content\/uploads\/2012\/12\/276416_524446347567794_257575922_n.jpg\" height=\"141\" width=\"200\" \/><\/b><\/p>\n<p style=\"text-align: justify;\"><b>Le voci angeliche di Hill\u2019s Joy Choir<\/b>, <b>guidate da Ilaria Stoppini<\/b>, vi faranno sognare coinvolgendovi nei tradizionali cori natalizi. <b>Le danze delle nostre terre del Laboratorio del Movimento di Mirella Resta<\/b> e la voce imponente di <b>Vito Osvaldo per Diversa Mente Teatro<\/b> vi accoglieranno nelle loro suggestive atmosfere.<\/p>\n<p style=\"text-align: justify;\"><b>Fatevi trasformare in un bell\u2019aiutante di Babbo Natale dalle graziose mani di Maril\u00f9 Cardascia<\/b> e poi immortalare in una simpatica <b>foto da Elfo con Angela Tamborrino<\/b>.<\/p>\n<p style=\"text-align: justify;\">Ed ancora, <b>portate con voi <\/b><img loading=\"lazy\" decoding=\"async\" class=\" alignleft size-full wp-image-31649\" style=\"margin: 4px; float: left;\" alt=\"BOOKCROSSING-a-natale-pp\" src=\"https:\/\/archiviogioia.lavocedelpaese.info\/wp-content\/uploads\/2012\/11\/BOOKCROSSING-a-natale-pp.png\" height=\"150\" width=\"320\" srcset=\"https:\/\/archiviogioia.lavocedelpaese.info\/wp-content\/uploads\/2012\/11\/BOOKCROSSING-a-natale-pp.png 320w, https:\/\/archiviogioia.lavocedelpaese.info\/wp-content\/uploads\/2012\/11\/BOOKCROSSING-a-natale-pp-300x141.png 300w\" sizes=\"auto, (max-width: 320px) 100vw, 320px\" \/><b>un libro da poter scambiare, troverete sicuramente un piccolo principe<\/b>\u2026 <b>Il Presidio del Libro organizza infatti la I edizione del Book Crossing<\/b> a Gioia del Colle. E\u2019 possibile gi\u00e0 prenotarsi portando un libro presso la Biblioteca Comunale aperta tutti i giorni al mattino e luned\u00ec, marted\u00ec e gioved\u00ec di pomeriggio, o presso la sede di Petali di Pietra in via Fontana, 44 il mercoled\u00ec dalle 18.00 alle 19.30.<\/p>\n<p style=\"text-align: justify;\">Il tutto sar\u00e0 condito dalla fioccante <b>musica delle Band dell\u2019album Rockerella: The Cleverness, Rocksteady Niners, Black Truck e Riccardo Lozito<\/b>.<\/p>\n<p style=\"text-align: justify;\"><img loading=\"lazy\" decoding=\"async\" class=\" alignright size-full wp-image-32537\" style=\"margin: 4px; float: right;\" alt=\"c entro storico gioia\" src=\"https:\/\/archiviogioia.lavocedelpaese.info\/wp-content\/uploads\/2012\/12\/c_entro_storico_gioia.jpg\" height=\"199\" width=\"300\" srcset=\"https:\/\/archiviogioia.lavocedelpaese.info\/wp-content\/uploads\/2012\/12\/c_entro_storico_gioia.jpg 900w, https:\/\/archiviogioia.lavocedelpaese.info\/wp-content\/uploads\/2012\/12\/c_entro_storico_gioia-300x199.jpg 300w, https:\/\/archiviogioia.lavocedelpaese.info\/wp-content\/uploads\/2012\/12\/c_entro_storico_gioia-768x510.jpg 768w\" sizes=\"auto, (max-width: 300px) 100vw, 300px\" \/>Bambini!!! <b>I divertenti clown a bordo del Ludobus vi attendono<\/b> e\u2026.ricordatevi di visitare <b>la casetta di Babbo Natale<\/b>!<\/p>\n<p style=\"text-align: justify;\">Queste e tantissime altre sorprese vi attendono: <b>la pesca di beneficenza, il mercatino equosolidale<\/b> e tanti odori e sapori di una terra che non ha confini.<\/p>\n<p style=\"text-align: justify;\"><b>Vi aspettiamo<\/b> con un programma ancor pi\u00f9 ricco (non possiamo svelarvi tutto!), <b>domenica 23 dicembre dalle 11.00 nel fantastico Borgo Antico<\/b> di Gioia del Colle, adornato per l\u2019occasione con luccicanti decorazioni con materiale da riciclo. <b>E alle 22.00<\/b> tutti insieme a far volare i nostri desideri con le sognanti <b>lanterne volanti!<\/b><\/p>\n<p style=\"text-align: justify;\"><b>Accorrete numerosi e\u2026 BUON NATALE<\/b>!!!<\/p>\n<p style=\"text-align: right;\" align=\"right\"><em><b>Ass.Cult.Petali di Pietra<\/b><\/em><em><span style=\"font-style: normal;\">\u201d<b> <\/b><\/span><\/em><\/p>\n<p>&nbsp;<\/p>\n","protected":false},"excerpt":{"rendered":"","protected":false},"author":1,"featured_media":32534,"comment_status":"open","ping_status":"closed","sticky":false,"template":"","format":"standard","meta":{"colormag_page_container_layout":"default_layout","colormag_page_sidebar_layout":"default_layout","footnotes":""},"categories":[7],"tags":[],"class_list":["post-32539","post","type-post","status-publish","format-standard","has-post-thumbnail","hentry","category-attualita"],"_links":{"self":[{"href":"https:\/\/archiviogioia.lavocedelpaese.info\/index.php?rest_route=\/wp\/v2\/posts\/32539","targetHints":{"allow":["GET"]}}],"collection":[{"href":"https:\/\/archiviogioia.lavocedelpaese.info\/index.php?rest_route=\/wp\/v2\/posts"}],"about":[{"href":"https:\/\/archiviogioia.lavocedelpaese.info\/index.php?rest_route=\/wp\/v2\/types\/post"}],"author":[{"embeddable":true,"href":"https:\/\/archiviogioia.lavocedelpaese.info\/index.php?rest_route=\/wp\/v2\/users\/1"}],"replies":[{"embeddable":true,"href":"https:\/\/archiviogioia.lavocedelpaese.info\/index.php?rest_route=%2Fwp%2Fv2%2Fcomments&post=32539"}],"version-history":[{"count":0,"href":"https:\/\/archiviogioia.lavocedelpaese.info\/index.php?rest_route=\/wp\/v2\/posts\/32539\/revisions"}],"wp:featuredmedia":[{"embeddable":true,"href":"https:\/\/archiviogioia.lavocedelpaese.info\/index.php?rest_route=\/wp\/v2\/media\/32534"}],"wp:attachment":[{"href":"https:\/\/archiviogioia.lavocedelpaese.info\/index.php?rest_route=%2Fwp%2Fv2%2Fmedia&parent=32539"}],"wp:term":[{"taxonomy":"category","embeddable":true,"href":"https:\/\/archiviogioia.lavocedelpaese.info\/index.php?rest_route=%2Fwp%2Fv2%2Fcategories&post=32539"},{"taxonomy":"post_tag","embeddable":true,"href":"https:\/\/archiviogioia.lavocedelpaese.info\/index.php?rest_route=%2Fwp%2Fv2%2Ftags&post=32539"}],"curies":[{"name":"wp","href":"https:\/\/api.w.org\/{rel}","templated":true}]}}