{"id":32674,"date":"2012-12-24T08:10:03","date_gmt":"2012-12-24T08:10:03","guid":{"rendered":"https:\/\/archiviogioia.lavocedelpaese.info\/?p=32674"},"modified":"2012-12-24T08:10:03","modified_gmt":"2012-12-24T08:10:03","slug":"pranzo-di-natale-per-20-ospiti-centro-di-ascolto-foto","status":"publish","type":"post","link":"https:\/\/archiviogioia.lavocedelpaese.info\/?p=32674","title":{"rendered":"PRANZO DI NATALE PER 20 OSPITI CENTRO DI ASCOLTO-foto"},"content":{"rendered":"<p><img loading=\"lazy\" decoding=\"async\" class=\" size-full wp-image-32666\" style=\"margin-right: 2px; margin-left: 2px;\" alt=\"pranzo-poveri-pp-mario\" src=\"https:\/\/archiviogioia.lavocedelpaese.info\/wp-content\/uploads\/2012\/12\/pranzo-poveri-pp-mario.jpg\" height=\"150\" width=\"320\" srcset=\"https:\/\/archiviogioia.lavocedelpaese.info\/wp-content\/uploads\/2012\/12\/pranzo-poveri-pp-mario.jpg 640w, https:\/\/archiviogioia.lavocedelpaese.info\/wp-content\/uploads\/2012\/12\/pranzo-poveri-pp-mario-300x141.jpg 300w\" sizes=\"auto, (max-width: 320px) 100vw, 320px\" \/><\/p>\n<p><!--more--><\/p>\n<p style=\"margin-bottom: 0.0001pt; text-align: justify; line-height: normal;\"><span style=\"font-size: 8pt;\"><b><img loading=\"lazy\" decoding=\"async\" class=\" alignleft size-full wp-image-32669\" style=\"margin: 4px; float: left;\" alt=\"15-DSC04346\" src=\"https:\/\/archiviogioia.lavocedelpaese.info\/wp-content\/uploads\/2012\/12\/15-DSC04346.JPG\" height=\"213\" width=\"320\" srcset=\"https:\/\/archiviogioia.lavocedelpaese.info\/wp-content\/uploads\/2012\/12\/15-DSC04346.JPG 900w, https:\/\/archiviogioia.lavocedelpaese.info\/wp-content\/uploads\/2012\/12\/15-DSC04346-300x199.jpg 300w, https:\/\/archiviogioia.lavocedelpaese.info\/wp-content\/uploads\/2012\/12\/15-DSC04346-768x510.jpg 768w\" sizes=\"auto, (max-width: 320px) 100vw, 320px\" \/><\/b><\/span><b>Rosanna D\u2019Aprile<\/b>, affiancata dalle volontarie <b>Alessia Surico<\/b> e <b>Teresa L\u2019Abbate<\/b>, <b>ha accolto come \u201cmadre adottiva\u201d circa 20 ospiti <\/b>del Centro d\u2019ascolto <b>al consueto pranzo di Natale<\/b>.<\/p>\n<p style=\"margin-bottom: 0.0001pt; text-align: justify; line-height: normal;\">Alle 13 <b>don Tonino Posa ha salutato i presenti<\/b> con una breve riflessione sul Natale, guidato l\u2019angelus al canto di \u201cTu scendi dalle stelle\u201d e portato in processione il \u201cBambinello\u201d affinch\u00e9 tutti potessero baciarlo.<\/p>\n<p style=\"margin-bottom: 0.0001pt; text-align: justify; line-height: normal;\">Le novit\u00e0 introdotte quest\u2019anno sono state due. <b>Un signore anziano si \u00e8 offerto di allietare e accompagnare la giornata suonando <\/b>con una tastiera elettronica e permettendo <b>ad una signora<\/b>, \u201cadottata\u201d dal centro, <b>di cantare<\/b>. Cos\u00ec tanta allegria si \u00e8 diffusa tra tutti ed \u00e8 stato bello cantare insieme alcuni ritornelli famosi.<\/p>\n<p style=\"margin-bottom: 0.0001pt; text-align: justify; line-height: normal;\">Sul finire del pranzo ci ha raggiunti <b>un <\/b><img loading=\"lazy\" decoding=\"async\" class=\" alignright size-full wp-image-32670\" style=\"margin: 4px; float: right;\" alt=\"pranzo-poveri-attolico-donazione\" src=\"https:\/\/archiviogioia.lavocedelpaese.info\/wp-content\/uploads\/2012\/12\/pranzo-poveri-attolico-donazione.jpg\" height=\"213\" width=\"320\" srcset=\"https:\/\/archiviogioia.lavocedelpaese.info\/wp-content\/uploads\/2012\/12\/pranzo-poveri-attolico-donazione.jpg 900w, https:\/\/archiviogioia.lavocedelpaese.info\/wp-content\/uploads\/2012\/12\/pranzo-poveri-attolico-donazione-300x199.jpg 300w, https:\/\/archiviogioia.lavocedelpaese.info\/wp-content\/uploads\/2012\/12\/pranzo-poveri-attolico-donazione-768x510.jpg 768w\" sizes=\"auto, (max-width: 320px) 100vw, 320px\" \/><b>gruppo di ragazzi della parrocchia San Vito Martire<\/b>, di primo e secondo superiore che, invece, <b>ha animato la tombolata<\/b>.<\/p>\n<p style=\"margin-bottom: 0.0001pt; text-align: justify; line-height: normal;\">Sono stati <b>distribuiti tanti premi<\/b>, anche se purtroppo non tutti gli ospiti sono stati accontentati. L\u2019importante \u00e8 stato comunque divertirci molto, grazie alla compagnia dei ragazzi presenti che hanno portato <b>una ventata di freschezza e vitalit\u00e0,<\/b><b> allegria e spensieratezza<\/b>.<\/p>\n<p style=\"margin-bottom: 0.0001pt; text-align: justify; line-height: normal;\">Non sono stati affrontati discorsi seriosi n\u00e9 qualcuno ha parlato delle proprie problematiche. <b>Per la prima volta il pensiero \u00e8 andato solo alla giornata di festa da trascorrere insieme<\/b>, che ha riunito persone religiosamente diverse tra loro.<\/p>\n<p style=\"margin-bottom: 0.0001pt; text-align: justify; line-height: normal;\"><b>Tra i tanti ringraziamenti<\/b> <b>uno<\/b>, in particolare, <b>\u00e8 da rivolgere al dirigente<\/b> del Liceo classico \u201cP.V. Marone\u201d, il professor <b>Rocco Fazio<\/b> che ha condiviso con il <img loading=\"lazy\" decoding=\"async\" class=\" alignleft size-full wp-image-32672\" style=\"margin: 4px; float: left;\" alt=\"pranzo ragazzi parrocchia\" src=\"https:\/\/archiviogioia.lavocedelpaese.info\/wp-content\/uploads\/2012\/12\/pranzo_ragazzi_parrocchia.JPG\" height=\"240\" width=\"320\" srcset=\"https:\/\/archiviogioia.lavocedelpaese.info\/wp-content\/uploads\/2012\/12\/pranzo_ragazzi_parrocchia.JPG 640w, https:\/\/archiviogioia.lavocedelpaese.info\/wp-content\/uploads\/2012\/12\/pranzo_ragazzi_parrocchia-300x225.jpg 300w\" sizes=\"auto, (max-width: 320px) 100vw, 320px\" \/>Centro di Ascolto il buffet di beneficienza allestito il 22 dicembre in occasione dell\u2019incontro con il dottor Gaetano Logrieco, dal titolo \u201cVolontariaMente\u201d. <b>Un grazie di cuore anche al professor Leopoldo Attolico<\/b> <b>che<\/b>, accompagnato da due studentesse del 5\u00b0 anno, <b>ha donato al centro le offerte raccolte in occasione della manifestazione<\/b>.<\/p>\n<p style=\"margin-bottom: 0.0001pt; text-align: justify; line-height: normal;\"><b>Un risultato inaspettato che ha suscitato in noi grande stupore, piacere e riconoscenza<\/b>, segno evidente il mondo del volontariato inizia fare breccia nella vita dei ragazzi, <b>sensibilizzandoli all\u2019aiuto dei pi\u00f9 bisognosi e delle persone in difficolt\u00e0<\/b>.<\/p>\n<p style=\"margin-bottom: 0.0001pt; text-align: justify; line-height: normal;\"><b>\u00c8 davvero una grande famiglia quella del Centro d\u2019Ascolto<\/b>!<\/p>\n<p style=\"margin-bottom: 0.0001pt; text-align: justify; line-height: normal;\">Ringraziamo <strong>Mario Di Giuseppe<\/strong>, sempre presente con i suoi scatti fotografici.<\/p>\n<p style=\"margin-bottom: 0.0001pt; text-align: right; line-height: normal;\" align=\"right\"><strong><span style=\"font-size: 8pt;\">Una volontaria del Centro di Ascolto<\/span><\/strong><\/p>\n<p><object type=\"application\/x-shockwave-flash\" width=\"660\" height=\"660\" flashvars=\"host=picasaweb.google.com&amp;hl=it&amp;feat=flashalbum&amp;RGB=0x000000&amp;feed=https:\/\/picasaweb.google.com\/data\/feed\/api\/user\/104626251937098962566\/albumid\/5825612276780874033?alt=rss&amp;kind=photo&amp;authkey=Gv1sRgCK2chJX76oDBeA&amp;hl=it\" pluginspage=\"http:\/\/www.macromedia.com\/go\/getflashplayer\" data=\"https:\/\/picasaweb.google.com\/s\/c\/bin\/slideshow.swf\"><param name=\"movie\" value=\"https:\/\/picasaweb.google.com\/s\/c\/bin\/slideshow.swf\" \/><\/object><\/p>\n","protected":false},"excerpt":{"rendered":"","protected":false},"author":1,"featured_media":32666,"comment_status":"open","ping_status":"closed","sticky":false,"template":"","format":"standard","meta":{"colormag_page_container_layout":"default_layout","colormag_page_sidebar_layout":"default_layout","footnotes":""},"categories":[7],"tags":[],"class_list":["post-32674","post","type-post","status-publish","format-standard","has-post-thumbnail","hentry","category-attualita"],"_links":{"self":[{"href":"https:\/\/archiviogioia.lavocedelpaese.info\/index.php?rest_route=\/wp\/v2\/posts\/32674","targetHints":{"allow":["GET"]}}],"collection":[{"href":"https:\/\/archiviogioia.lavocedelpaese.info\/index.php?rest_route=\/wp\/v2\/posts"}],"about":[{"href":"https:\/\/archiviogioia.lavocedelpaese.info\/index.php?rest_route=\/wp\/v2\/types\/post"}],"author":[{"embeddable":true,"href":"https:\/\/archiviogioia.lavocedelpaese.info\/index.php?rest_route=\/wp\/v2\/users\/1"}],"replies":[{"embeddable":true,"href":"https:\/\/archiviogioia.lavocedelpaese.info\/index.php?rest_route=%2Fwp%2Fv2%2Fcomments&post=32674"}],"version-history":[{"count":0,"href":"https:\/\/archiviogioia.lavocedelpaese.info\/index.php?rest_route=\/wp\/v2\/posts\/32674\/revisions"}],"wp:featuredmedia":[{"embeddable":true,"href":"https:\/\/archiviogioia.lavocedelpaese.info\/index.php?rest_route=\/wp\/v2\/media\/32666"}],"wp:attachment":[{"href":"https:\/\/archiviogioia.lavocedelpaese.info\/index.php?rest_route=%2Fwp%2Fv2%2Fmedia&parent=32674"}],"wp:term":[{"taxonomy":"category","embeddable":true,"href":"https:\/\/archiviogioia.lavocedelpaese.info\/index.php?rest_route=%2Fwp%2Fv2%2Fcategories&post=32674"},{"taxonomy":"post_tag","embeddable":true,"href":"https:\/\/archiviogioia.lavocedelpaese.info\/index.php?rest_route=%2Fwp%2Fv2%2Ftags&post=32674"}],"curies":[{"name":"wp","href":"https:\/\/api.w.org\/{rel}","templated":true}]}}