{"id":3320,"date":"2010-07-19T06:32:12","date_gmt":"2010-07-19T06:32:12","guid":{"rendered":"https:\/\/archiviogioia.lavocedelpaese.info\/?p=3320"},"modified":"2010-07-19T06:32:12","modified_gmt":"2010-07-19T06:32:12","slug":"il-pd-vittima-di-dispetti-alla-peppone-e-don-camillo","status":"publish","type":"post","link":"https:\/\/archiviogioia.lavocedelpaese.info\/?p=3320","title":{"rendered":"IL PD E I DISPETTI ALLA \u201cPEPPONE E DON CAMILLO\u201d"},"content":{"rendered":"<p><img loading=\"lazy\" decoding=\"async\" class=\" size-full wp-image-3313\" alt=\"38022_1396425074028_1334263\" src=\"https:\/\/archiviogioia.lavocedelpaese.info\/wp-content\/uploads\/2010\/07\/38022_1396425074028_1334263.jpg\" width=\"320\" height=\"150\" srcset=\"https:\/\/archiviogioia.lavocedelpaese.info\/wp-content\/uploads\/2010\/07\/38022_1396425074028_1334263.jpg 640w, https:\/\/archiviogioia.lavocedelpaese.info\/wp-content\/uploads\/2010\/07\/38022_1396425074028_1334263-300x141.jpg 300w\" sizes=\"auto, (max-width: 320px) 100vw, 320px\" \/> <\/p>\n<p><!--more--><\/p>\n<p><\/p>\n<div style=\"text-align: justify;\"><\/div>\n<p style=\"text-align: justify;\"><img loading=\"lazy\" decoding=\"async\" class=\" alignleft size-full wp-image-2628\" style=\"margin: 4px; float: left;\" alt=\"panoramica\" src=\"https:\/\/archiviogioia.lavocedelpaese.info\/wp-content\/uploads\/2010\/06\/panoramica.jpg\" width=\"250\" height=\"167\" \/>Dopo averlo presentato, <strong>avremmo voluto scrivere del dibattito organizzato dal PD<\/strong> locale, <strong>tenutosi venerd\u00ec 16 luglio <\/strong>in via Roma.<\/p>\n<div style=\"text-align: justify;\"><\/div>\n<p style=\"text-align: justify;\"><strong>Un incontro che ha visto slittare l\u2019orario di inizio<\/strong>, programmato per le 19.30, <strong>di oltre mezz\u2019ora<\/strong>, non per l\u2019assenza o il ritardo dei relatori, per gli schiamazzi o lo scorazzare dei fin troppo \u201cesuberanti\u201d ragazzi che frequentano abitualmente via Roma, ma, e <strong>questo \u00e8 <\/strong><img loading=\"lazy\" decoding=\"async\" class=\" size-full wp-image-3314\" style=\"margin: 4px; float:  right;\" alt=\"GIRADISCHI_filtered2BNS\" src=\"https:\/\/archiviogioia.lavocedelpaese.info\/wp-content\/uploads\/2010\/07\/GIRADISCHI_filtered2BNS.jpg\" width=\"120\" height=\"160\" srcset=\"https:\/\/archiviogioia.lavocedelpaese.info\/wp-content\/uploads\/2010\/07\/GIRADISCHI_filtered2BNS.jpg 601w, https:\/\/archiviogioia.lavocedelpaese.info\/wp-content\/uploads\/2010\/07\/GIRADISCHI_filtered2BNS-225x300.jpg 225w\" sizes=\"auto, (max-width: 120px) 100vw, 120px\" \/><strong>davvero sconvolgente<\/strong>, <strong>a causa di canzonette trasm<\/strong><strong>esse ad altissimo volume<\/strong>, non dai negozi o dai locali commerciali presenti nella zona, bens\u00ec provenienti <strong>dall\u2019impianto di filodiffusione di propriet\u00e0 comunale<\/strong>, che il sindaco Piero Longo aveva provveduto a far potenziare con i soldi di tutti i cittadini.<\/p>\n<div style=\"text-align: justify;\"><\/div>\n<p style=\"text-align: justify;\"><strong>Un impianto da utilizzare<\/strong>, era stato precisato fin dagli inizi, <strong>solo ed esclusivamente durante le festivit\u00e0 natalizie<\/strong>. Ma cos\u00ec non \u00e8 se <strong>l\u2019attuale sindaco ha pensato bene di utilizzarlo<\/strong> anche in occasione della <strong>commemorazione dei defunti e della sua andata a Roma<\/strong> per i festeggiamenti in onore San Filippo.<\/p>\n<div style=\"text-align: justify;\"><\/div>\n<p style=\"text-align: justify;\"><strong><img loading=\"lazy\" decoding=\"async\" class=\" alignleft size-full wp-image-3315\" style=\"margin: 4px; float: left;\" alt=\"vigili_g\" src=\"https:\/\/archiviogioia.lavocedelpaese.info\/wp-content\/uploads\/2010\/07\/vigili_g.jpg\" width=\"170\" height=\"131\" \/>Nulla<\/strong>,<strong> per\u00f2<\/strong>,<strong> faceva presagire il suo utilizzo in questa circostanza<\/strong>. <strong>Per rendere onore<\/strong> ed importanza agli ospiti partecipanti al dibattito, <strong>o per sabotarlo<\/strong>?<\/p>\n<div style=\"text-align: justify;\"><\/div>\n<p style=\"text-align: justify;\"><strong>Sta di fatto che una musica cos\u00ec assordante<\/strong>, oltre a non consentire l\u2019inizio dell\u2019incontro, <strong>ha infastidito e fatto infuriare<\/strong> a tal punto <strong>i residenti<\/strong>, di via Carducci in modo particolare, <strong>da costringerli a chiamare il comando della Polizia Municipale<\/strong> chiedendo un intervento dei vigili. Una richiesta sollecitata anche da <strong>Paolo Covella<\/strong> a cui gli ignari vigili presenti non sapevano come far fronte.<\/p>\n<div style=\"text-align: justify;\"><\/div>\n<p style=\"text-align: justify;\"><strong><img loading=\"lazy\" decoding=\"async\" class=\" alignright size-full wp-image-3316\" style=\"margin: 4px; float: right;\" alt=\"don-camillo-e-peppone\" src=\"https:\/\/archiviogioia.lavocedelpaese.info\/wp-content\/uploads\/2010\/07\/don-camillo-e-peppone.jpg\" width=\"200\" height=\"140\" srcset=\"https:\/\/archiviogioia.lavocedelpaese.info\/wp-content\/uploads\/2010\/07\/don-camillo-e-peppone.jpg 400w, https:\/\/archiviogioia.lavocedelpaese.info\/wp-content\/uploads\/2010\/07\/don-camillo-e-peppone-300x210.jpg 300w\" sizes=\"auto, (max-width: 200px) 100vw, 200px\" \/>Il tutto \u00e8 stato risolto grazie all\u2019intervento di un cittadino<\/strong> <strong>che<\/strong> senza indugio <strong>si \u00e8 recato presso<\/strong> <strong>la sede<\/strong> della locale sezione<strong> del PdL<\/strong>. <strong>Perch\u00e9 <\/strong>recarsi<strong> proprio l\u00ec?<\/strong>, si domander\u00e0 qualcuno. Semplice, <strong>perch\u00e9 il pannello di controllo dell\u2019impianto di filodiffusione<\/strong> che, lo ricordiamo, \u00e8 di propriet\u00e0 comunale, era sistemato, e questo \u00e8 davvero di una gravit\u00e0 inaudita, in quella sede, per l\u2019appunto del partito del Popolo delle Libert\u00e0, <strong>dove alcuni \u201cmilitanti\u201d hanno pensato bene<\/strong>, con questo dispetto <strong>alla<\/strong> <strong>Peppone e Don Camillo<\/strong>, <strong>di divertirsi alle spalle degli inconsapevoli organizzatori<\/strong>.<\/p>\n<div style=\"text-align: justify;\"><\/div>\n<p style=\"text-align: justify;\"><strong><img loading=\"lazy\" decoding=\"async\" class=\" alignleft size-full wp-image-3317\" style=\"margin: 4px; float: left;\" alt=\"toto\" src=\"https:\/\/archiviogioia.lavocedelpaese.info\/wp-content\/uploads\/2010\/07\/toto.jpeg\" width=\"200\" height=\"172\" srcset=\"https:\/\/archiviogioia.lavocedelpaese.info\/wp-content\/uploads\/2010\/07\/toto.jpeg 437w, https:\/\/archiviogioia.lavocedelpaese.info\/wp-content\/uploads\/2010\/07\/toto-300x258.jpeg 300w\" sizes=\"auto, (max-width: 200px) 100vw, 200px\" \/>Un gioco<\/strong> in cui qualcuno rischia di farsi veramente male, <strong>durato fino alle 20.10<\/strong> circa, <strong>salvo poi riprendere, per alcuni minuti, con le note di una marcetta<\/strong>.<\/p>\n<div style=\"text-align: justify;\"><\/div>\n<p style=\"text-align: justify;\">Scherzi a parte, ci si chiede: <strong>pu\u00f2 un bene propagandistico pubblico cos\u00ec importante essere localizzato nella sede del partito di appartenenza del sindaco in carica?<\/strong> Chi lo ha deciso? Perch\u00e9 l\u00ec <strong>e non sul Palazzo Municipale?<\/strong> C\u2019\u00e8 un responsabile che controlla il suo utilizzo e il suo stato d\u2019uso?<\/p>\n<div style=\"text-align: justify;\"><\/div>\n<p style=\"text-align: justify;\"><strong>Nel mentre qualcuno<\/strong>, si spera, <strong>provveder\u00e0 ad effettuare gli opportuni accertamenti<\/strong> con relativi provvedimenti del caso, concludiamo con un<img loading=\"lazy\" decoding=\"async\" class=\" size-full wp-image-3318\" style=\"margin: 4px; float:  left;\" alt=\"intervento-boccia2\" src=\"https:\/\/archiviogioia.lavocedelpaese.info\/wp-content\/uploads\/2010\/07\/intervento-boccia2.jpg\" width=\"200\" height=\"134\" srcset=\"https:\/\/archiviogioia.lavocedelpaese.info\/wp-content\/uploads\/2010\/07\/intervento-boccia2.jpg 720w, https:\/\/archiviogioia.lavocedelpaese.info\/wp-content\/uploads\/2010\/07\/intervento-boccia2-300x201.jpg 300w\" sizes=\"auto, (max-width: 200px) 100vw, 200px\" \/>a <strong>breve sintesi sull\u2019incontro<\/strong>.<\/p>\n<div style=\"text-align: justify;\"><\/div>\n<p style=\"text-align: justify;\">L\u2019On. <strong>Francesco Boccia<\/strong> ha elencato la consistenza dei tagli della finanziaria, soprattutto alle categorie pi\u00f9 deboli e povere, che <strong>secondo gli esperti produrr\u00e0 un<\/strong> <strong>aumento delle tasse locali<\/strong> ed una diminuzione dei servizi al cittadino.<\/p>\n<p style=\"text-align: justify;\"><img loading=\"lazy\" decoding=\"async\" class=\" size-full wp-image-3319\" style=\"margin: 4px; float:  right;\" alt=\"pubblico-PD\" src=\"https:\/\/archiviogioia.lavocedelpaese.info\/wp-content\/uploads\/2010\/07\/pubblico-PD.jpg\" width=\"200\" height=\"134\" srcset=\"https:\/\/archiviogioia.lavocedelpaese.info\/wp-content\/uploads\/2010\/07\/pubblico-PD.jpg 591w, https:\/\/archiviogioia.lavocedelpaese.info\/wp-content\/uploads\/2010\/07\/pubblico-PD-300x201.jpg 300w\" sizes=\"auto, (max-width: 200px) 100vw, 200px\" \/><\/p>\n<div style=\"text-align: justify;\"><\/div>\n<p style=\"text-align: justify;\"><strong>E\u2019 stata poi la volta del <\/strong>Sindaco di Casamassima<strong>, Prof. Domenico Vito De Tommaso<\/strong>, che ha insistito sugli effetti della finanziaria sugli Enti Locali. <strong>Quindi di Aldo Pugliese<\/strong>, Segretario Regionale UIL, che ha criticato la manovra per i tagli ai lavoratori dipendenti.<\/p>\n<div style=\"text-align: justify;\"><\/div>\n<p style=\"text-align: justify;\"><strong>Infine<\/strong> c\u2019\u00e8 stato l\u2019intervento di <strong>Antonio Marella<\/strong>, imprenditore, che invece <strong>ha contestato come spesso si dimentichi che <\/strong>\u201c<strong>anche gli imprenditori sono dipendenti<\/strong>\u201d e che \u201cla politica deve fare in modo che le imprese, per tutelare i lavoratori, abbiano facile accesso ai prestiti e ad una tassazione agevolata\u201d.<\/p>\n","protected":false},"excerpt":{"rendered":"","protected":false},"author":1,"featured_media":3313,"comment_status":"open","ping_status":"closed","sticky":false,"template":"","format":"standard","meta":{"colormag_page_container_layout":"default_layout","colormag_page_sidebar_layout":"default_layout","footnotes":""},"categories":[4],"tags":[],"class_list":["post-3320","post","type-post","status-publish","format-standard","has-post-thumbnail","hentry","category-politica"],"_links":{"self":[{"href":"https:\/\/archiviogioia.lavocedelpaese.info\/index.php?rest_route=\/wp\/v2\/posts\/3320","targetHints":{"allow":["GET"]}}],"collection":[{"href":"https:\/\/archiviogioia.lavocedelpaese.info\/index.php?rest_route=\/wp\/v2\/posts"}],"about":[{"href":"https:\/\/archiviogioia.lavocedelpaese.info\/index.php?rest_route=\/wp\/v2\/types\/post"}],"author":[{"embeddable":true,"href":"https:\/\/archiviogioia.lavocedelpaese.info\/index.php?rest_route=\/wp\/v2\/users\/1"}],"replies":[{"embeddable":true,"href":"https:\/\/archiviogioia.lavocedelpaese.info\/index.php?rest_route=%2Fwp%2Fv2%2Fcomments&post=3320"}],"version-history":[{"count":0,"href":"https:\/\/archiviogioia.lavocedelpaese.info\/index.php?rest_route=\/wp\/v2\/posts\/3320\/revisions"}],"wp:featuredmedia":[{"embeddable":true,"href":"https:\/\/archiviogioia.lavocedelpaese.info\/index.php?rest_route=\/wp\/v2\/media\/3313"}],"wp:attachment":[{"href":"https:\/\/archiviogioia.lavocedelpaese.info\/index.php?rest_route=%2Fwp%2Fv2%2Fmedia&parent=3320"}],"wp:term":[{"taxonomy":"category","embeddable":true,"href":"https:\/\/archiviogioia.lavocedelpaese.info\/index.php?rest_route=%2Fwp%2Fv2%2Fcategories&post=3320"},{"taxonomy":"post_tag","embeddable":true,"href":"https:\/\/archiviogioia.lavocedelpaese.info\/index.php?rest_route=%2Fwp%2Fv2%2Ftags&post=3320"}],"curies":[{"name":"wp","href":"https:\/\/api.w.org\/{rel}","templated":true}]}}