{"id":33524,"date":"2013-01-14T06:04:44","date_gmt":"2013-01-14T06:04:44","guid":{"rendered":"https:\/\/archiviogioia.lavocedelpaese.info\/?p=33524"},"modified":"2013-01-14T06:04:44","modified_gmt":"2013-01-14T06:04:44","slug":"comune-continua-qsagraq-delle-spese-e-che-spese-foto-2","status":"publish","type":"post","link":"https:\/\/archiviogioia.lavocedelpaese.info\/?p=33524","title":{"rendered":"COMUNE: CONTINUA &#8220;SAGRA&#8221; DELLE SPESE. E CHE SPESE-foto"},"content":{"rendered":"<p><img loading=\"lazy\" decoding=\"async\" class=\" size-full wp-image-7276\" style=\"margin-right: 2px; margin-left: 2px;\" alt=\"municipio-di-notte\" src=\"https:\/\/archiviogioia.lavocedelpaese.info\/wp-content\/uploads\/2011\/01\/municipio-di-notte.jpg\" height=\"150\" width=\"320\" srcset=\"https:\/\/archiviogioia.lavocedelpaese.info\/wp-content\/uploads\/2011\/01\/municipio-di-notte.jpg 640w, https:\/\/archiviogioia.lavocedelpaese.info\/wp-content\/uploads\/2011\/01\/municipio-di-notte-300x141.jpg 300w\" sizes=\"auto, (max-width: 320px) 100vw, 320px\" \/><\/p>\n<p><!--more--><\/p>\n<p style=\"text-align: justify;\"><img loading=\"lazy\" decoding=\"async\" class=\" alignleft size-full wp-image-31771\" style=\"margin: 4px; float: left;\" alt=\"soldi 8\" src=\"https:\/\/archiviogioia.lavocedelpaese.info\/wp-content\/uploads\/2012\/12\/soldi_8.jpg\" height=\"225\" width=\"300\" \/>Finite le feste, <b>facciamo i conti della campagna \u201cacquisti &amp; appalti\u201d<\/b> avviata a fine anno dall\u2019Amministrazione, che vede <b>impegnati fondi della spesa pubblica per chiudere buche, arredare scuole, rinnovare attrezzature informatiche, prorogare contratti ed altro ancora<\/b>.<\/p>\n<p style=\"text-align: justify;\"><b>Spese al momento non ancora soggette, sembrerebbe, ai saldi <\/b>\u2013 sono gli stessi importi a farlo pensare \u2013 e <b>probabilmente sovradimensionate rispetto ai lavori da farsi<\/b>, il riferimento ai contestati attraversamenti pedonali \u00e8 d&#8217;obbligo (<a href=\"politica\/6272-spesi-17319-euro-per-attraversamenti-non-a-norma-foto.html\" class=\"contentpagetitle\">SPESI 17.319 EURO PER ATTRAVERSAMENTI NON A NORMA?<\/a>).<br data-mce-bogus=\"1\" \/><b>Quindi nessuna austerity applicata alla spesa pubblica neanche a fine anno<\/b>, come invece \u201csperato\u201d da pi\u00f9 parti.<\/p>\n<p style=\"text-align: justify;\"><b>Di seguito lo spese deliberate per un totale di euro 233.814,94 cos\u00ec suddiviso<\/b>:<b><img loading=\"lazy\" decoding=\"async\" class=\" alignright size-full wp-image-32730\" style=\"margin: 4px; float: right;\" alt=\"buche o voragini3\" src=\"https:\/\/archiviogioia.lavocedelpaese.info\/wp-content\/uploads\/2012\/12\/buche_o_voragini3.JPG\" height=\"241\" width=\"320\" srcset=\"https:\/\/archiviogioia.lavocedelpaese.info\/wp-content\/uploads\/2012\/12\/buche_o_voragini3.JPG 640w, https:\/\/archiviogioia.lavocedelpaese.info\/wp-content\/uploads\/2012\/12\/buche_o_voragini3-300x226.jpg 300w\" sizes=\"auto, (max-width: 320px) 100vw, 320px\" \/><\/b><\/p>\n<p style=\"text-align: justify;\"><b>12.615,00<\/b> euro per la <b>manutenzione di strade extraurbane<\/b> (determina n. 439 del 27\/12\/12);<\/p>\n<p style=\"text-align: justify;\"><b>40.590,00<\/b> euro per colmare <b>alcune buche in citt\u00e0<\/b> (determina n. 438 del 27\/12\/12) cui si aggiungono <b>20.000,00<\/b> euro iva inclusa <b>per l\u2019acquisto di materiale e l\u2019esecuzione di lavori in economia diretta<\/b> (determina n. 428 del 20\/12\/12) spesi per la fornitura di materiale edile alla ditta COLAPIETRO Giovanni &amp; Figli (euro 5.000,00); per il materiale elettrico fornito dalla ditta CUSCITO Leonardo (euro 4.000,00); per materiale per pitturazione e vario alla ditta DEPA di De Carlo Angelo &amp; C. s.a.s., (euro 4.000,00). Il materiale edile della ditta EDILCASA s.r.l., costa 3.500,00; quello da ferramenta etc. comprato dalla ditta LASSANDRO Angelo Sante, euro 1.000,00; il materiale lapideo della GIOIA MARMI di Fiore Carlo &amp; C. s.a.s. euro 1.000,00, lo stesso frantumato <img loading=\"lazy\" decoding=\"async\" class=\" alignleft size-full wp-image-15562\" style=\"margin: 4px; float: left;\" alt=\"municipio bandiere\" src=\"https:\/\/archiviogioia.lavocedelpaese.info\/wp-content\/uploads\/2011\/10\/municipio_bandiere.jpg\" height=\"301\" width=\"200\" srcset=\"https:\/\/archiviogioia.lavocedelpaese.info\/wp-content\/uploads\/2011\/10\/municipio_bandiere.jpg 1276w, https:\/\/archiviogioia.lavocedelpaese.info\/wp-content\/uploads\/2011\/10\/municipio_bandiere-199x300.jpg 199w, https:\/\/archiviogioia.lavocedelpaese.info\/wp-content\/uploads\/2011\/10\/municipio_bandiere-681x1024.jpg 681w, https:\/\/archiviogioia.lavocedelpaese.info\/wp-content\/uploads\/2011\/10\/municipio_bandiere-768x1156.jpg 768w, https:\/\/archiviogioia.lavocedelpaese.info\/wp-content\/uploads\/2011\/10\/municipio_bandiere-1021x1536.jpg 1021w\" sizes=\"auto, (max-width: 200px) 100vw, 200px\" \/>dalla ditta P.S.C. s.r.l., costa altri 1.000,00 euro ed infine per i semilavorati in legno della ditta MANCINO Rocco euro 500,00, <strong>per un totale, tra messa in opera e materiale vario, di euro 60.590,00<\/strong>;<\/p>\n<p style=\"text-align: justify;\"><b>43.960,33<\/b> euro \u00e8 invece il costo di <b>sei mesi di retribuzione del dirigente dell\u2019U.T.C.<\/b> (delibera n. 149 del 28\/12\/12);<\/p>\n<p style=\"text-align: justify;\"><b>11.080,00<\/b> euro \u00e8 il costo di <b>cinque mesi di retribuzione delle segretarie del sindaco<\/b> (stessa delibera);<\/p>\n<p style=\"text-align: justify;\"><b>30.146,91<\/b> euro risultano spesi per il pacchetto di <b>fornitura e installazione di attrezzature informatiche<\/b> (determina n. 192 del 27\/12\/12);<\/p>\n<p style=\"text-align: justify;\"><b>5.989,20<\/b> euro per gli <b>arredi degli uffici<\/b> (armadi, poltrone ecc.), (determina n. 173 del 03\/12\/12);<\/p>\n<p style=\"text-align: justify;\"><b>24.907,50<\/b> euro per <b>manutenzioni e pitturazione delle scuole materne<\/b> da affidare a ditte di fiducia locali (determina n. 442 del 28\/12\/12) e <b>44.526,00<\/b> euro per manutenzioni e pitturazione <img loading=\"lazy\" decoding=\"async\" class=\" alignright size-full wp-image-33522\" style=\"margin: 4px; float: right;\" alt=\"buche caserma carabinieri\" src=\"https:\/\/archiviogioia.lavocedelpaese.info\/wp-content\/uploads\/2013\/01\/buche_caserma_carabinieri.JPG\" height=\"333\" width=\"250\" srcset=\"https:\/\/archiviogioia.lavocedelpaese.info\/wp-content\/uploads\/2013\/01\/buche_caserma_carabinieri.JPG 384w, https:\/\/archiviogioia.lavocedelpaese.info\/wp-content\/uploads\/2013\/01\/buche_caserma_carabinieri-225x300.jpg 225w\" sizes=\"auto, (max-width: 250px) 100vw, 250px\" \/>delle <b>scuole medie<\/b> (determina n. 443 del 28\/12\/12).<\/p>\n<p style=\"text-align: justify;\"><b>A questi importi andranno a sommarsi le spese da sostenere per<\/b> le pulizie e la messa a norma della <b>San Filippo Neri<\/b>, dopo i lavori effettuati di smantellamento dei pannelli della controsoffittatura esistente, <b>pi\u00f9 le spese per la \u201cfornitura di stampanti di varie tipologie per vari uffici comunali\u201d<\/b>, <b>gi\u00e0 deliberate<\/b> (determina del 27\/12\/2012 pubblicata nell\u2019albo on-line ma non visibile).<\/p>\n<p style=\"text-align: justify;\"><b>Un 2012 conclusosi male ed iniziato ancor peggio<\/b>, \u00e8 proprio il caso di dire, magari non per tutti (alcune ditte vedranno incrementato il proprio volume di affari) ma <b>per quei tanti cittadini che continuano a sperare di veder investite le proprie tasse in lavori fatti \u201cad arte\u201d<\/b> tenendo conto del rapporto qualit\u00e0 prezzo!<\/p>\n<p style=\"text-align: justify;\">Nelle foto alcune delle <b>buche segnalate da Cataldo Liuzzi, che si spera siano tra quelle individuate<\/b> dagli addetti <b>per i lavori di cui sopra<\/b>. Tra queste si evidenziano quelle insistenti sul <strong>marciapiedi del Comando Compagnia Carabinieri<\/strong> la cui gravit\u00e0 \u00e8 divenuta fin troppo insostenibile e pericolosa per l&#8217;incolumit\u00e0 pubblica.<\/p>\n<p><object type=\"application\/x-shockwave-flash\" width=\"660\" height=\"660\" flashvars=\"host=picasaweb.google.com&amp;hl=it&amp;feat=flashalbum&amp;RGB=0x000000&amp;feed=https:\/\/picasaweb.google.com\/data\/feed\/api\/user\/104626251937098962566\/albumid\/5833042822411823137?alt=rss&amp;kind=photo&amp;authkey=Gv1sRgCPaUp62RqcGOVQ&amp;hl=it\" pluginspage=\"http:\/\/www.macromedia.com\/go\/getflashplayer\" data=\"https:\/\/picasaweb.google.com\/s\/c\/bin\/slideshow.swf\"><param name=\"movie\" value=\"https:\/\/picasaweb.google.com\/s\/c\/bin\/slideshow.swf\" \/><\/object><\/p>\n","protected":false},"excerpt":{"rendered":"","protected":false},"author":1,"featured_media":7276,"comment_status":"open","ping_status":"closed","sticky":false,"template":"","format":"standard","meta":{"colormag_page_container_layout":"default_layout","colormag_page_sidebar_layout":"default_layout","footnotes":""},"categories":[4],"tags":[],"class_list":["post-33524","post","type-post","status-publish","format-standard","has-post-thumbnail","hentry","category-politica"],"_links":{"self":[{"href":"https:\/\/archiviogioia.lavocedelpaese.info\/index.php?rest_route=\/wp\/v2\/posts\/33524","targetHints":{"allow":["GET"]}}],"collection":[{"href":"https:\/\/archiviogioia.lavocedelpaese.info\/index.php?rest_route=\/wp\/v2\/posts"}],"about":[{"href":"https:\/\/archiviogioia.lavocedelpaese.info\/index.php?rest_route=\/wp\/v2\/types\/post"}],"author":[{"embeddable":true,"href":"https:\/\/archiviogioia.lavocedelpaese.info\/index.php?rest_route=\/wp\/v2\/users\/1"}],"replies":[{"embeddable":true,"href":"https:\/\/archiviogioia.lavocedelpaese.info\/index.php?rest_route=%2Fwp%2Fv2%2Fcomments&post=33524"}],"version-history":[{"count":0,"href":"https:\/\/archiviogioia.lavocedelpaese.info\/index.php?rest_route=\/wp\/v2\/posts\/33524\/revisions"}],"wp:featuredmedia":[{"embeddable":true,"href":"https:\/\/archiviogioia.lavocedelpaese.info\/index.php?rest_route=\/wp\/v2\/media\/7276"}],"wp:attachment":[{"href":"https:\/\/archiviogioia.lavocedelpaese.info\/index.php?rest_route=%2Fwp%2Fv2%2Fmedia&parent=33524"}],"wp:term":[{"taxonomy":"category","embeddable":true,"href":"https:\/\/archiviogioia.lavocedelpaese.info\/index.php?rest_route=%2Fwp%2Fv2%2Fcategories&post=33524"},{"taxonomy":"post_tag","embeddable":true,"href":"https:\/\/archiviogioia.lavocedelpaese.info\/index.php?rest_route=%2Fwp%2Fv2%2Ftags&post=33524"}],"curies":[{"name":"wp","href":"https:\/\/api.w.org\/{rel}","templated":true}]}}