{"id":33539,"date":"2013-01-14T05:33:10","date_gmt":"2013-01-14T05:33:10","guid":{"rendered":"https:\/\/archiviogioia.lavocedelpaese.info\/?p=33539"},"modified":"2013-01-14T05:33:10","modified_gmt":"2013-01-14T05:33:10","slug":"forme-di-gusto-tra-applausi-e-ammirazione-foto-2","status":"publish","type":"post","link":"https:\/\/archiviogioia.lavocedelpaese.info\/?p=33539","title":{"rendered":"\u201cFORME DI GUSTO\u201d: TRA APPLAUSI E AMMIRAZIONE-foto"},"content":{"rendered":"<p><img loading=\"lazy\" decoding=\"async\" class=\" size-full wp-image-33529\" style=\"margin-right: 2px; margin-left: 2px;\" height=\"150\" alt=\"forme-di-gusto-sfilata\" src=\"https:\/\/archiviogioia.lavocedelpaese.info\/wp-content\/uploads\/2013\/01\/forme-di-gusto-sfilata.png\" width=\"320\" srcset=\"https:\/\/archiviogioia.lavocedelpaese.info\/wp-content\/uploads\/2013\/01\/forme-di-gusto-sfilata.png 640w, https:\/\/archiviogioia.lavocedelpaese.info\/wp-content\/uploads\/2013\/01\/forme-di-gusto-sfilata-300x141.png 300w\" sizes=\"auto, (max-width: 320px) 100vw, 320px\" \/><\/p>\n<p><!--more--><\/p>\n<p style=\"text-align: justify;\"><img loading=\"lazy\" decoding=\"async\" class=\" alignleft size-full wp-image-33147\" style=\"margin: 4px; float: left;\" height=\"330\" alt=\"SOTTO-IL-SEGNO-DELLA-BILANCIA\" src=\"https:\/\/archiviogioia.lavocedelpaese.info\/wp-content\/uploads\/2013\/01\/SOTTO-IL-SEGNO-DELLA-BILANCIA.jpg\" width=\"220\" srcset=\"https:\/\/archiviogioia.lavocedelpaese.info\/wp-content\/uploads\/2013\/01\/SOTTO-IL-SEGNO-DELLA-BILANCIA.jpg 480w, https:\/\/archiviogioia.lavocedelpaese.info\/wp-content\/uploads\/2013\/01\/SOTTO-IL-SEGNO-DELLA-BILANCIA-200x300.jpg 200w\" sizes=\"auto, (max-width: 220px) 100vw, 220px\" \/>\u201c<b>Forme di gusto<\/b>\u201d, non solo sfilata con modelle di ogni et\u00e0 e taglia, <b>a conferma che la bellezza \u00e8 senza tempo e \u201cnon misurabile\u201d in centimetri<\/b>, ma anche attenzione al sociale con la presentazione del libro di <b>Corsina Depalo<\/b> \u201c<b>Educare al Consumo. Il commercio Equo e Solidale per una cittadinanza attiva<\/b>\u201d e a problematiche di chi con i chili di troppo convive da sempre, \u00e8 il caso di <b>Fabio De Nunzio (il \u201cbuon Fabio\u201d di \u201cStriscia la notizia\u201d)<\/b>, bloccato a soli 20 minuti di distanza in quanto appostato con le telecamere in attesa di un truffatore.<\/p>\n<p style=\"text-align: justify;\">Rimandata a data da destinarsi la prima presentazione in provincia di Bari del suo libro \u201c<b>Sotto il segno della bilancia<\/b>\u201d.<\/p>\n<p style=\"text-align: justify;\">\u201cNon so come scusarmi &#8211; <b>dichiara Fabio nella sua telefonata in diretta<\/b> -, siamo a difesa del cittadino 24 ore su 24. Le segnalazioni non ci consentono di fissare con certezza appuntamenti, anche se speravo oggi di poter essere con voi. <b>Nel libro racconto la mia esperienza personale con aneddoti divertenti<\/b>, descrivo le barriere che incontra chi \u00e8 obeso e l\u2019importanza di accettarsi per quel che si \u00e8, con allegria\u201d.<\/p>\n<p style=\"text-align: justify;\">E brilla di allegria sulla passerella inondata di luce anche <b>Rossana Prisciantelli<\/b>, circondata da amici e conoscenti, accanto ad un buffet da favola con torte cos\u00ec artistiche (design di <b>Rossella Trapani<\/b>) da non osare assaggiarle.<\/p>\n<p style=\"text-align: justify;\"><img loading=\"lazy\" decoding=\"async\" class=\" alignright size-full wp-image-33531\" style=\"margin: 4px; float: right;\" height=\"240\" alt=\"forme di gusto sfilata7\" src=\"https:\/\/archiviogioia.lavocedelpaese.info\/wp-content\/uploads\/2013\/01\/forme_di_gusto_sfilata7.JPG\" width=\"320\" srcset=\"https:\/\/archiviogioia.lavocedelpaese.info\/wp-content\/uploads\/2013\/01\/forme_di_gusto_sfilata7.JPG 640w, https:\/\/archiviogioia.lavocedelpaese.info\/wp-content\/uploads\/2013\/01\/forme_di_gusto_sfilata7-300x225.jpg 300w\" sizes=\"auto, (max-width: 320px) 100vw, 320px\" \/>Su vassoi &#8211; specchio a forma di petali una miriade di oggetti in cioccolata. Sono creazioni di <b>Filippo D\u2019Onghia<\/b>, titolare dell\u2019<b>Aldebaran<\/b>, storico bar gioiese che di recente ha ospitato artisti e musicisti per raccogliere fondi per i cani randagi (<a href=\"attualita\/5606-inmagia-eventi-del-mercoledi-allaldebaran-foto.html\">\u201cINMAGIA\u201d, EVENTI DEL MERCOLED\u00cd ALL\u2019ALDEBARAN-foto<\/a> e <a href=\"attualita\/5632-inmagia-larte-al-servizio-di-una-buona-opera-foto.html\">\u201cINMAGIA\u201d, L\u2019ARTE AL SERVIZIO DI UNA BUONA OPERA-foto<\/a>).<\/p>\n<p style=\"text-align: justify;\"><b>Sculture perfette, levigate e gustosissime<\/b>: dal cucchiaino alla \u201cmoka\u201d, dalla teiera in rame alla scacchiera, a tenaglie, martelli, piramidi e pupazzetti decorati ad arte.<\/p>\n<p style=\"text-align: justify;\">Questa la cornice che ha accolto il 10 gennaio presso l\u2019Hotel Svevo \u201c<b>Forme di gusto<\/b>\u201d, evento organizzato dalla <b>Sartoria Prisciantelli<\/b> giunto alla sua seconda edizione (<a href=\"attualita\/2445-forme-di-gusto-bellezza-e-armonia-in-un-corpo-foto-.html\">\u201cFORME DI GUSTO\u201d, LA BELLEZZA E L&#8217;ARMONIA IN UN CORPO \u2013foto-<\/a>).<b><img loading=\"lazy\" decoding=\"async\" class=\" alignleft size-full wp-image-33532\" style=\"margin: 4px; float: left;\" height=\"240\" alt=\"forme di gusto sfilata2\" src=\"https:\/\/archiviogioia.lavocedelpaese.info\/wp-content\/uploads\/2013\/01\/forme_di_gusto_sfilata2.JPG\" width=\"320\" srcset=\"https:\/\/archiviogioia.lavocedelpaese.info\/wp-content\/uploads\/2013\/01\/forme_di_gusto_sfilata2.JPG 640w, https:\/\/archiviogioia.lavocedelpaese.info\/wp-content\/uploads\/2013\/01\/forme_di_gusto_sfilata2-300x225.jpg 300w\" sizes=\"auto, (max-width: 320px) 100vw, 320px\" \/><\/b><\/p>\n<p style=\"text-align: justify;\"><b>Saltata la \u201cscaletta\u201d e con un leggero ritardo, la serata ha avuto inizio<\/b> con la sfilata degli abiti da sera e da sposa. <b>In passerella Alessandra, Giovanna, Annamaria, Vittoria, Luciana, la piccola Francesca, Maria, Alessia e Angela.<\/b><\/p>\n<p style=\"text-align: justify;\">Davvero molto belli gli abiti indossati con disinvoltura e grazia. Su raso, seta e laminati, colori vivaci quali fucsia, champagne, turchese, rame, grigio argento, n\u00e9 potevano mancare il nero bordato di rosso e bianco, <b>ricami in perle e Swarovski<\/b>, cappellini sfiziosi, con <b>tocchi di stilistica, geniale intuizione<\/b>.<\/p>\n<p style=\"text-align: justify;\"><b>Spalline di pietre dure o ingioiellate di strass, drappi \u201ctransformers\u201d che annodati o elegantemente drappeggiati su spalle e braccia, da dettaglio di classe divengono alternativa di moda.<\/b><img loading=\"lazy\" decoding=\"async\" class=\" alignright size-full wp-image-33533\" style=\"margin: 4px; float: right;\" height=\"240\" alt=\"forme di gusto sfilata1\" src=\"https:\/\/archiviogioia.lavocedelpaese.info\/wp-content\/uploads\/2013\/01\/forme_di_gusto_sfilata1.JPG\" width=\"320\" srcset=\"https:\/\/archiviogioia.lavocedelpaese.info\/wp-content\/uploads\/2013\/01\/forme_di_gusto_sfilata1.JPG 640w, https:\/\/archiviogioia.lavocedelpaese.info\/wp-content\/uploads\/2013\/01\/forme_di_gusto_sfilata1-300x225.jpg 300w\" sizes=\"auto, (max-width: 320px) 100vw, 320px\" \/><\/p>\n<p style=\"text-align: justify;\">Ed ecco che <b>un tubino nero bordato con corpetto bianco<\/b> ad una spalla <b>diviene sottoveste di un abito bianco con corpetto in pizzo<\/b> <b>e sbarazzino&nbsp;chiffon bordato di raso<\/b>. Due abiti in uno, diversi ed eleganti, cos\u00ec come le <b>sciarpe annodate che sciolte con seducente charme, rendono freschi e briosi classici di alta moda<\/b>.<\/p>\n<p style=\"text-align: justify;\"><b>Poesia negli abiti da sposa, lineari nel design, complessi nei drappeggi, raffinati nei dettagli.<\/b> Particolare la scelta di tessuti diversi per esaltare corpetti o fasciare fianchi. Anche in questa occasione <b>si sciolgono nodi e sbocciano fiabeschi strascichi<\/b>. Abiti dal taglio \u201cstile impero\u201d per spose giunoniche, a vita bassa o con cinture rosso fuoco per esaltare le pi\u00f9 sottili, colore che torna a sbocciare tra i capelli acconciati da Betty.<\/p>\n<p style=\"text-align: justify;\">Mentre la piccola e bionda Francesca sparge petali di rose e accompagna da perfetta damigella la sua sposa, <b>lo s<\/b><img loading=\"lazy\" decoding=\"async\" class=\" alignleft size-full wp-image-33534\" style=\"margin: 4px; float: left;\" height=\"240\" alt=\"forme di gusto sfilata5\" src=\"https:\/\/archiviogioia.lavocedelpaese.info\/wp-content\/uploads\/2013\/01\/forme_di_gusto_sfilata5.JPG\" width=\"320\" srcset=\"https:\/\/archiviogioia.lavocedelpaese.info\/wp-content\/uploads\/2013\/01\/forme_di_gusto_sfilata5.JPG 640w, https:\/\/archiviogioia.lavocedelpaese.info\/wp-content\/uploads\/2013\/01\/forme_di_gusto_sfilata5-300x225.jpg 300w\" sizes=\"auto, (max-width: 320px) 100vw, 320px\" \/><b>plendido<\/b> <b>bouquet diviene gustosa sorpresa da assaggiare, con fiori d\u2019arancio\u2026 di cioccolata<\/b>.<\/p>\n<p style=\"text-align: justify;\">Stupisce di Rossana la <b>capacit\u00e0 di coniugare freschezza e originalit\u00e0 a linee classiche<\/b>, anche severe, <b>giocando con drappi e veli<\/b> che di volta in volta si rivelano <b>determinanti e travolgenti sottolineature di stile<\/b>.<\/p>\n<p style=\"text-align: justify;\">Tra applausi e sincera ammirazione la sfilata si conclude per lasciar spazio alla presentazione del libro di <b>Corsina Depalo<\/b>, presentato dal giornalista e scrittore <b>Gianni Spinelli<\/b>.<\/p>\n<p style=\"text-align: justify;\"><b>La scrittrice<\/b> &#8211; docente di sostegno presso&nbsp;la scuola primaria, pedagogista e volontaria presso una comunit\u00e0 Rom barese &#8211; <b>invita ad un consumo critico<\/b>, che educhi fin dalla pi\u00f9 tenera et\u00e0 a fare a meno di ci\u00f2 che non serve.<\/p>\n<p style=\"text-align: justify;\">\u201c<b>Bisogna vivere in modo pi\u00f9 semplice<\/b>, senza affannars<img loading=\"lazy\" decoding=\"async\" class=\" alignright size-full wp-image-33535\" style=\"margin: 4px; float: right;\" height=\"255\" alt=\"books\" src=\"https:\/\/archiviogioia.lavocedelpaese.info\/wp-content\/uploads\/2013\/01\/books.jpg\" width=\"155\" \/>i per avere pi\u00f9 di quel che necessita. <b>Si confonde la parola consumo co<\/b><b>n<\/b><b> consumismo. Consumare con un certo criterio indica consapevolezza.<\/b> Ci sono varie forme di consumo, quel che \u00e8 importante \u00e8 rendersi conto di chi ci \u00e8 accanto, che non pu\u00f2 permettersi lo stesso stile di vita, ricordando che <b>dietro molti prodotti e griffe c\u2019\u00e8 lo sfruttamento del lavoro minorile<\/b>. <b>Il consumatore compra a prescindere<\/b>, rincorre le promozioni, poi ci sono gli spot pubblicitari in televisione che invitano al superfluo\u201d.<\/p>\n<p style=\"text-align: justify;\">Tra i progetti seguiti da Corsina &#8211; madre di tre figli ed esperta in pedagogismo interculturale -, <b>il laboratorio di sartoria \u201cArtezian\u201d gestito da donne Rom cui \u00e8 devoluto il ricavato della vendita del suo libro.<\/b><\/p>\n<p style=\"text-align: justify;\">\u201cSono donne che sto seguendo in questo percorso. Vogliono lavorare e studiano per conseguire la licenza media, vengono anche a scuola ed insegnano ai bambini a cucire\u2026\u201d.<\/p>\n<p style=\"text-align: justify;\">Quindi sollecitata dalle domande di <b>Gianni Spinelli<\/b> e <b>Rossana<\/b>, la scrittrice accenna alle botteghe equosolidali, in Italia pi\u00f9 di 50<img loading=\"lazy\" decoding=\"async\" class=\" alignleft size-full wp-image-33536\" style=\"margin: 4px; float: left;\" height=\"240\" alt=\"forme di gusto spinelli\" src=\"https:\/\/archiviogioia.lavocedelpaese.info\/wp-content\/uploads\/2013\/01\/forme_di_gusto_spinelli.JPG\" width=\"320\" srcset=\"https:\/\/archiviogioia.lavocedelpaese.info\/wp-content\/uploads\/2013\/01\/forme_di_gusto_spinelli.JPG 640w, https:\/\/archiviogioia.lavocedelpaese.info\/wp-content\/uploads\/2013\/01\/forme_di_gusto_spinelli-300x225.jpg 300w\" sizes=\"auto, (max-width: 320px) 100vw, 320px\" \/>0, all\u2019obesit\u00e0 infantile determinata da errate abitudini alimentari e da eccessiva sedentariet\u00e0.<\/p>\n<p style=\"text-align: justify;\">\u201cNelle scuole non ci sono fondi &#8211; conclude la Depalo -, <b>abbiamo organizzato mercatini con oggetti confezionati dai bambini per sostenere altri bambini meno fortunati<\/b>, anche cos\u00ec si educa alla solidariet\u00e0\u2026 <b>La famiglia, la scuola e tutte le agenzie di socializzazione frequentate dai bambini devono collaborare alla formazione di piccoli cittadini attivi<\/b>\u201d.<\/p>\n<p style=\"text-align: justify;\">\u201cIn molte case ci sono quattro, cinque TV &#8211; commenta <b>Spinelli<\/b> -, nessuno legge pi\u00f9 i giornali\u2026 Comprate questo libro, aiuta a comprendere l&#8217;importanza dell&#8217;acquisto consapevole, della riflessione sulla provenienza dei beni comprati. <b>E\u2019 un libro che si legge con la ment<\/b><b><img loading=\"lazy\" decoding=\"async\" class=\" alignright size-full wp-image-33537\" style=\"margin: 4px; float: right;\" height=\"240\" alt=\"forme di gusto sfilata0\" src=\"https:\/\/archiviogioia.lavocedelpaese.info\/wp-content\/uploads\/2013\/01\/forme_di_gusto_sfilata0.JPG\" width=\"320\" srcset=\"https:\/\/archiviogioia.lavocedelpaese.info\/wp-content\/uploads\/2013\/01\/forme_di_gusto_sfilata0.JPG 640w, https:\/\/archiviogioia.lavocedelpaese.info\/wp-content\/uploads\/2013\/01\/forme_di_gusto_sfilata0-300x225.jpg 300w\" sizes=\"auto, (max-width: 320px) 100vw, 320px\" \/><\/b><b>e e con il cuore<\/b>\u201d.<\/p>\n<p style=\"text-align: justify;\">Rossana &#8211; fasciata nel suo bellissimo abito in pizzo -, a fine serata saluta i presenti e ringrazia gli sponsor: la <b>Agos,<\/b> l\u2019erboristeria \u201c<b>Il germoglio<\/b>\u201d,<b> GCosmetici<\/b>, <b>Loredana Milano Gioielli, l\u2019Aldebaran<\/b> e la <b>Farmacia del Portico<\/b>.<\/p>\n<p style=\"text-align: justify;\">\u201cRingrazio tutti coloro che mi sono stati vicini e credono in me, <b>il loro incoraggiamento \u00e8 prezioso!<\/b>\u201d.<\/p>\n<p style=\"text-align: justify;\"><b>Ancor di pi\u00f9 il suo coraggio nel proporre \u201calta moda\u201d in tempi di crisi<\/b>, dando valore e promuovendo progetti di solidariet\u00e0 quali il laboratorio Artezian, <b>sfidando le logiche filiformi e il dorato esclusivismo del fashion marketing dell\u2019haute couture<\/b> &#8211; davvero <b>lontano anni luce dalla realt\u00e0 di forme, gusto e di una sostenibile, solidale quotidianit\u00e0.<\/b><\/p>\n<p><object type=\"application\/x-shockwave-flash\" width=\"660\" height=\"660\" flashvars=\"host=picasaweb.google.com&amp;hl=it&amp;feat=flashalbum&amp;RGB=0x000000&amp;feed=https:\/\/picasaweb.google.com\/data\/feed\/api\/user\/104626251937098962566\/albumid\/5833093963300148145?alt=rss&amp;kind=photo&amp;authkey=Gv1sRgCPmO-42xrOL89AE&amp;hl=it\" pluginspage=\"http:\/\/www.macromedia.com\/go\/getflashplayer\" data=\"https:\/\/picasaweb.google.com\/s\/c\/bin\/slideshow.swf\"><param name=\"movie\" value=\"https:\/\/picasaweb.google.com\/s\/c\/bin\/slideshow.swf\" \/><\/object><\/p>\n","protected":false},"excerpt":{"rendered":"","protected":false},"author":1,"featured_media":33529,"comment_status":"open","ping_status":"closed","sticky":false,"template":"","format":"standard","meta":{"colormag_page_container_layout":"default_layout","colormag_page_sidebar_layout":"default_layout","footnotes":""},"categories":[7],"tags":[],"class_list":["post-33539","post","type-post","status-publish","format-standard","has-post-thumbnail","hentry","category-attualita"],"_links":{"self":[{"href":"https:\/\/archiviogioia.lavocedelpaese.info\/index.php?rest_route=\/wp\/v2\/posts\/33539","targetHints":{"allow":["GET"]}}],"collection":[{"href":"https:\/\/archiviogioia.lavocedelpaese.info\/index.php?rest_route=\/wp\/v2\/posts"}],"about":[{"href":"https:\/\/archiviogioia.lavocedelpaese.info\/index.php?rest_route=\/wp\/v2\/types\/post"}],"author":[{"embeddable":true,"href":"https:\/\/archiviogioia.lavocedelpaese.info\/index.php?rest_route=\/wp\/v2\/users\/1"}],"replies":[{"embeddable":true,"href":"https:\/\/archiviogioia.lavocedelpaese.info\/index.php?rest_route=%2Fwp%2Fv2%2Fcomments&post=33539"}],"version-history":[{"count":0,"href":"https:\/\/archiviogioia.lavocedelpaese.info\/index.php?rest_route=\/wp\/v2\/posts\/33539\/revisions"}],"wp:featuredmedia":[{"embeddable":true,"href":"https:\/\/archiviogioia.lavocedelpaese.info\/index.php?rest_route=\/wp\/v2\/media\/33529"}],"wp:attachment":[{"href":"https:\/\/archiviogioia.lavocedelpaese.info\/index.php?rest_route=%2Fwp%2Fv2%2Fmedia&parent=33539"}],"wp:term":[{"taxonomy":"category","embeddable":true,"href":"https:\/\/archiviogioia.lavocedelpaese.info\/index.php?rest_route=%2Fwp%2Fv2%2Fcategories&post=33539"},{"taxonomy":"post_tag","embeddable":true,"href":"https:\/\/archiviogioia.lavocedelpaese.info\/index.php?rest_route=%2Fwp%2Fv2%2Ftags&post=33539"}],"curies":[{"name":"wp","href":"https:\/\/api.w.org\/{rel}","templated":true}]}}