{"id":337,"date":"2010-02-09T23:30:42","date_gmt":"2010-02-09T23:30:42","guid":{"rendered":"https:\/\/archiviogioia.lavocedelpaese.info\/?p=337"},"modified":"2010-02-09T23:30:42","modified_gmt":"2010-02-09T23:30:42","slug":"parcheggi-gratis-nel-centro-storico-ma-non-per-tutti","status":"publish","type":"post","link":"https:\/\/archiviogioia.lavocedelpaese.info\/?p=337","title":{"rendered":"PARCHEGGI GRATIS NEL CENTRO STORICO MA NON PER TUTTI"},"content":{"rendered":"<p><img loading=\"lazy\" decoding=\"async\" class=\" size-full wp-image-334\" alt=\"SDC11596.jpginps2\" src=\"https:\/\/archiviogioia.lavocedelpaese.info\/wp-content\/uploads\/2010\/02\/SDC11596.jpginps2.jpg\" width=\"320\" height=\"150\" srcset=\"https:\/\/archiviogioia.lavocedelpaese.info\/wp-content\/uploads\/2010\/02\/SDC11596.jpginps2.jpg 640w, https:\/\/archiviogioia.lavocedelpaese.info\/wp-content\/uploads\/2010\/02\/SDC11596.jpginps2-300x141.jpg 300w\" sizes=\"auto, (max-width: 320px) 100vw, 320px\" \/> <\/p>\n<p><!--more--><\/p>\n<p style=\"text-align: justify;\"><img loading=\"lazy\" decoding=\"async\" class=\" alignleft size-full wp-image-335\" style=\"margin: 5px; float: left;\" alt=\"SDC11594.jpg1gratis\" src=\"https:\/\/archiviogioia.lavocedelpaese.info\/wp-content\/uploads\/2010\/02\/SDC11594.jpg1gratis.jpg\" width=\"171\" height=\"232\" \/>Sar\u00e0 capitato anche a voi di vedere esposti per alcune strade del centro storico di Gioia, via <strong>Antonio Spada<\/strong> ad esempio, ma anche su corso <strong>Garibaldi<\/strong> e corso <strong>Cavour<\/strong>, dei piccoli manifesti in cui spiccano le parole \u201c<strong>GRATIS<\/strong>\u201d e \u201c<strong>AGEVOLATO<\/strong>\u201d. Se vi siete soffermati a leggere avrete notato che per i residenti di quelle strade c\u2019\u00e8 la possibilit\u00e0 di parcheggiare la propria auto nello spazio affianco all\u2019<strong>INPS<\/strong>.<\/p>\n<div style=\"text-align: justify;\"><\/div>\n<p style=\"text-align: justify;\">L\u2019area \u00e8 stata segnata da linee gialle, proprio per segnalare che in quella zona parcheggeranno solo i residenti, i quali devono far domanda al Comune per ottenere un talloncino che servir\u00e0 a contraddistinguere coloro che davvero sono residenti da coloro che non lo sono.<\/p>\n<div style=\"text-align: justify;\"><\/div>\n<p style=\"text-align: justify;\">Questa possibilit\u00e0 \u00e8 gratuita per chi vive nel centro storico, mentre i residenti di altre strade in cui sono presenti quei manifesti, dovranno pagare un ticket mensile di 1,50 euro per usufruire di questo servizio.<\/p>\n<p style=\"text-align: justify;\"><img loading=\"lazy\" decoding=\"async\" class=\" alignright size-full wp-image-336\" style=\"margin: 5px; float: right;\" alt=\"SDC11597.jpgagevolato\" src=\"https:\/\/archiviogioia.lavocedelpaese.info\/wp-content\/uploads\/2010\/02\/SDC11597.jpgagevolato.jpg\" width=\"173\" height=\"253\" srcset=\"https:\/\/archiviogioia.lavocedelpaese.info\/wp-content\/uploads\/2010\/02\/SDC11597.jpgagevolato.jpg 372w, https:\/\/archiviogioia.lavocedelpaese.info\/wp-content\/uploads\/2010\/02\/SDC11597.jpgagevolato-205x300.jpg 205w\" sizes=\"auto, (max-width: 173px) 100vw, 173px\" \/><\/p>\n<div style=\"text-align: justify;\"><\/div>\n<p style=\"text-align: justify;\">Una buona trovata quella del sindaco <strong>Piero Longo<\/strong> e del dottor <strong>Tommaso<\/strong> <strong>Donvito<\/strong>, assessore al traffico, finalizzata a \u201c<strong>svuotare<\/strong>\u201d le strade del centro storico e quelle ad esso limitrofe, rendendole pi\u00f9 percorribili per i pedoni, migliorando l\u2019impatto visivo.<\/p>\n<div style=\"text-align: justify;\"><\/div>\n<p style=\"text-align: justify;\">Di sicuro non \u00e8 una cattiva idea, certo se non si considerano alcuni fattori. Le auto parcheggiate su via Spada, ogni sera, quando la gente torna nelle proprie case, sono pi\u00f9 di una decina, molte di pi\u00f9 su corso Garibaldi e su corso Cavour, per cui i residenti si chiedono: come potranno essere parcheggiate tutte queste auto in uno spazio che non pu\u00f2 garantire pi\u00f9 di una dozzina di posti auto?<\/p>\n<div style=\"text-align: justify;\"><\/div>\n<p style=\"text-align: justify;\">La procedura di \u201c<strong>liberazione<\/strong>\u201d del centro \u00e8 comunque appena iniziata, e ci\u00f2 \u00e8 dimostrato dal fatto che i talloncini per i residenti non sono ancora stati consegnati e che dunque molte auto, anche se non sono possedute da residenti, vengono parcheggiate nell\u2019area riservata alle auto del centro storico confinante con l\u2019INPS.<\/p>\n<div style=\"text-align: justify;\"><\/div>\n<p style=\"text-align: justify;\">La speranza \u00e8 che a breve possa essere garantita una gestione ben definita di questi posti auto.<\/p>\n","protected":false},"excerpt":{"rendered":"","protected":false},"author":1,"featured_media":334,"comment_status":"open","ping_status":"closed","sticky":false,"template":"","format":"standard","meta":{"colormag_page_container_layout":"default_layout","colormag_page_sidebar_layout":"default_layout","footnotes":""},"categories":[7],"tags":[],"class_list":["post-337","post","type-post","status-publish","format-standard","has-post-thumbnail","hentry","category-attualita"],"_links":{"self":[{"href":"https:\/\/archiviogioia.lavocedelpaese.info\/index.php?rest_route=\/wp\/v2\/posts\/337","targetHints":{"allow":["GET"]}}],"collection":[{"href":"https:\/\/archiviogioia.lavocedelpaese.info\/index.php?rest_route=\/wp\/v2\/posts"}],"about":[{"href":"https:\/\/archiviogioia.lavocedelpaese.info\/index.php?rest_route=\/wp\/v2\/types\/post"}],"author":[{"embeddable":true,"href":"https:\/\/archiviogioia.lavocedelpaese.info\/index.php?rest_route=\/wp\/v2\/users\/1"}],"replies":[{"embeddable":true,"href":"https:\/\/archiviogioia.lavocedelpaese.info\/index.php?rest_route=%2Fwp%2Fv2%2Fcomments&post=337"}],"version-history":[{"count":0,"href":"https:\/\/archiviogioia.lavocedelpaese.info\/index.php?rest_route=\/wp\/v2\/posts\/337\/revisions"}],"wp:featuredmedia":[{"embeddable":true,"href":"https:\/\/archiviogioia.lavocedelpaese.info\/index.php?rest_route=\/wp\/v2\/media\/334"}],"wp:attachment":[{"href":"https:\/\/archiviogioia.lavocedelpaese.info\/index.php?rest_route=%2Fwp%2Fv2%2Fmedia&parent=337"}],"wp:term":[{"taxonomy":"category","embeddable":true,"href":"https:\/\/archiviogioia.lavocedelpaese.info\/index.php?rest_route=%2Fwp%2Fv2%2Fcategories&post=337"},{"taxonomy":"post_tag","embeddable":true,"href":"https:\/\/archiviogioia.lavocedelpaese.info\/index.php?rest_route=%2Fwp%2Fv2%2Ftags&post=337"}],"curies":[{"name":"wp","href":"https:\/\/api.w.org\/{rel}","templated":true}]}}