{"id":33795,"date":"2013-01-21T07:19:35","date_gmt":"2013-01-21T07:19:35","guid":{"rendered":"https:\/\/archiviogioia.lavocedelpaese.info\/?p=33795"},"modified":"2013-01-21T07:19:35","modified_gmt":"2013-01-21T07:19:35","slug":"angela-donghia-la-classe-dirigente-si-deve-vergognare","status":"publish","type":"post","link":"https:\/\/archiviogioia.lavocedelpaese.info\/?p=33795","title":{"rendered":"ANGELA D&#8217;ONGHIA: &#8220;LA CLASSE DIRIGENTE SI DEVE VERGOGNARE&#8221;"},"content":{"rendered":"<p style=\"text-align: justify;\"><img loading=\"lazy\" decoding=\"async\" src=\"http:\/\/turiweb.it\/images\/Angela-DOnghia-con-Monti.jpg\" alt=\"Angela-DOnghia-con-Monti\" style=\"margin: 0px 3px;\" height=\"150\" width=\"320\" \/><br \/>\n<!--more-->\n<\/p>\n<p style=\"text-align: justify;\"><em>Si avvicina il 24 febbraio, il giorno in cui saremo chiamati alle urne, per dare un nuovo governo all\u2019Italia. Abbiamo deciso di conoscere i nuovi e vecchi volti del nostro territorio. Angela D\u2019Onghia \u00e8 la capolista al Senato per Monti. L\u2019abbiamo contattata e raggiunta presso la sua azienda, la Harry &amp; Sons a Noci per conoscerla.<\/em><\/p>\n<p style=\"text-align: justify;\"><strong>Come prima domanda non possiamo non chiederle come \u00e8 nata la sua candidatura\u2026<\/strong><br \/>Pensare che io abbia avuto santi in paradiso \u00e8 sbagliato, che abbiano portato il mio nome sui tavoli di Roma \u00e8 un errore. Mi ha chiamato Monti e mi ha chiesto la disponibilit\u00e0 ad essere capolista per la Puglia. Ero in auto e ho chiesto al Presidente tre ore per potermi confrontare con la mia famiglia. Mi ha dato solo 20 minuti di tempo. Dopo aver parlato con la mia famiglia, ho richiamato dopo 15 minuti Monti, confermando la mia presenza. Non ho dormito per tre notti.<\/p>\n<p style=\"text-align: justify;\"><strong>Ripensamenti?<\/strong><br \/>Non questo, anzi. La prima notte ho pensato dai punti cardine da cui ripartire e come affrontare questa sfida. Crescita e tagli ai costi inutili della pubblica amministrazione ritengo dovrebbero essere i punti cardine del futuro governo. Negli ultimi trent\u2019anni il pubblico \u00e8 divenuto obeso, non si muove pi\u00f9. Ma \u00e8 sbagliato tagliare le parti vitali di uno stato.<br \/><strong><\/strong><\/p>\n<p style=\"text-align: justify;\"><strong>Cosa non taglierebbe e cosa eliminerebbe?<\/strong><br \/>Non si pu\u00f2 tagliare sulla sanit\u00e0, sulla scuola e sulla ricerca. Non si pu\u00f2 tagliare la cultura perch\u00e9 la cultura \u00e8 l\u2019unica cosa che nessuno pu\u00f2 mai toglierci. La cultura rappresenta la nostra storia, quello che siamo e il futuro dei nostri figli. Bisogna lavorare seriamente e capire cosa va tagliato e cosa va preservato. Eliminerei ad esempio tutti quegli enti e fondazioni che attingono ai finanziamenti pubblici. Deve capire \u2013 <em>la futura senatrice D\u2019Onghia pi\u00f9 rilassata tira fuori la sua passione<\/em> \u2013 anche noi imprenditori quando tagliamo dobbiamo riflettere. Non possiamo sostenere l\u2019associazione che lancia palloncini in aria dimenticando coloro che sostengono la ricerca contro la Sla. Bisogna fare delle scelte. \u00c8 una questione di buon senso. Anche sul tema della crescita ritengo sia necessario agganciare i mercati dei paesi emergenti, bisogna puntare sul turismo e soprattutto le imprese italiane devono fare squadra e affrontare insieme le sfide internazionali. Il Made in Italy \u00e8 un valore e una chiave di successo che dobbiamo saper gestire e rafforzare.<\/p>\n<p style=\"text-align: justify;\"><strong>In una parola cosa pensa di poter offrire di nuovo al nostro Paese?<\/strong><br \/>Onest\u00e0. Perch\u00e9 sono figlia di questa terra.<\/p>\n<p style=\"text-align: justify;\"><strong>La classe dirigente imprenditoriale italiana ha sempre visto con diffidenza il mondo della politica. In politica finivano \u201ci secondi\u201d cos\u00ec come nel medioevo \u201ci secondi\u201d andavano in convento. Cosa cambia oggi? Siamo giunti ad un punto di non ritorno?<\/strong><br \/>Quel che dici ha del vero ma in questo momento dobbiamo fare un passettino indietro, tutti, tutti, tutti. I primi per\u00f2 dovrebbero essere quelli che in questi tren\u2019anni hanno governato. Un passo indietro che va inteso nel significato che serve buon senso e umilt\u00e0, capacit\u00e0 di ascoltare la gente e capacit\u00e0 di fare le cose. La classe politica e dirigente non pu\u00f2 sentirsi pi\u00f9 su un piedistallo e non pu\u00f2 perdere ore ed ore in comizi. Sembra che in Italia si sia perso il senso del fare, ma non siamo al capolinea, possiamo rimettere in moto il Paese. Il politico che deve amministrare il nostro Stato domani non deve perdersi in parole e deve essere esperto come un amministratore di una societ\u00e0.<br \/><strong><\/strong><\/p>\n<p style=\"text-align: justify;\"><strong>Come Monti?<\/strong> <br \/>S\u00ec, come \u00e8 stato Monti.<br \/><strong><\/strong><\/p>\n<p style=\"text-align: justify;\"><strong>Nel futuro governo preferirebbe un Monti alleato con Berlusconi o con Bersani?<\/strong><br \/>In questa fase non \u00e8 un argomento di analisi. Bisogna sedersi insieme a chi le riforme le vuole fare e a chi vuole lavorare seriamente. Non dobbiamo generare lo scontro neanche in questo mese che ci separa dal voto. Tutti coloro che saranno eletti devono mettersi a disposizione della nostra Italia. A Roma sar\u00f2 a disposizione del mio territorio senza guardare in faccia e pensare per chi, per cosa o per quale bandiera si indossa. Abbiamo una sola bandiera bianca ross e verde. Su questo tema vorrei soffermarmi. Dobbiamo finirla di parlare di lotte. \u00c8 una vergogna, facciamo male ai nostri figli. Per raggiungere un obiettivo non dobbiamo scontrarci ma incontrarci, stare insieme per lo stesso fine.<br \/><strong><\/strong><\/p>\n<p style=\"text-align: justify;\"><strong>Come affronter\u00e0 la campagna elettorale?<\/strong><br \/>Non mi piace chiamarla campagna elettorale. Rappresenta per me questo periodo l\u2019inizio di un nuovo percorso di vita e, come giusto che sia, sar\u00f2 a disposizione di tutti. Da destra a sinistra dobbiamo intraprendere una nuova strada fatta di stimoli, di lavoro serio, di professionalit\u00e0. Siamo tutti figli di questa terra e a questa terra dobbiamo qualcosa. La vita \u00e8 troppo breve per essere vissuta male fra lotte e sotterfugi. Dobbiamo ridare energia ai pi\u00f9 giovani. Per loro voglio essere a disposizione favorendo il confronto pacato e sereno con tutti perch\u00e9 la situazione oggi \u00e8 difficile. C\u2019\u00e8 chi vive con quattro cinquecento euro al mese. La classe dirigente, e non mi sottraggo alle critiche, deve anche un po\u2019 vergognarsi del contesto in cui siamo. \u00c8 l\u2019ora di cambiare e noi possiamo farlo. Si deve fare.<\/p>\n<p style=\"text-align: right;\"><em style=\"text-align: right;\"><strong>Fabrizio Lerede<\/strong><\/em><\/p>\n<p style=\"text-align: left;\"><em style=\"text-align: right;\"><strong><\/strong><\/em><span style=\"text-align: justify;\">&#8211; &#8211; &#8211;<\/span><\/p>\n<p style=\"text-align: justify;\"><strong><span style=\"color: #808080;\"><em>Chi \u00e8 Angela D&#8217;Onghia?<\/em><\/span><\/strong><\/p>\n<p style=\"text-align: justify;\"><span style=\"color: #808080;\"><em>A 22 anni, entra nell\u2019azienda fondata dalla madre negli anni \u201950, la Nocese Manifatture. A soli 25 anni, dopo la morte del padre, assume la carica di amministratore unico dell\u2019azienda. Strutturando l\u2019azienda in modo pi\u00f9 articolato, nel 1988 costituisce <\/em>la NoceseManifatture S.r<em>.l.. Dopo aver ricoperto le cariche di consigliere e di amministratore delegato, nel 2006 ne diventa presidente. Il profilo commerciale dell\u2019azienda \u00e8 stato sviluppato attraverso la valorizzazione del marchio \u201cHarry &amp; Sons\u201d e la realizzazione di una rete di punti vendita, in proprio e in franchising, in Italia e all\u2019estero. Negli ultimi anni, con la crescita dell\u2019azienda, sono stati fatti importanti investimenti nella ricerca e nel prodotto. Oggi&nbsp; la NoceseManifatture&nbsp; si conferma fattore di crescita <\/em>per il settore<em> tessile-abbigliamento e per l\u2019occupazione nel distretto Pugliese. Attenta alla rimozione degli ostacoli che impediscano le pari opportunit\u00e0, si \u00e8 distinta per la promozione di iniziative dirette a migliorare e a tutelare la qualit\u00e0 della vita dei lavoratori. Nel 1992 le viene assegnato il premio Antigone, importante riconoscimento <\/em>per il ruolo<em> di protagonista nello sviluppo imprenditoriale femminile e nel 1997 del premio Noci, assegnato a uomini e donne che si siano distinti per la loro attivit\u00e0 di valorizzazione del territorio. Nel 2008 viene insignita, dal presidente della Repubblica, della carica di Cavaliere del Lavoro. A marzo 2011 \u00e8 stata fregiata del premio U.C.I.D. (Unione Cristiana Imprenditori Dirigenti) per l\u2019impegno profuso come Imprenditrice Pugliese nel lavoro e nella vita sociale nella diffusione di valori finalizzati al \u201c Bene Comune \u201c. E\u2019 presidente della sezione Moda Confindustria Bari-B.A.T.<\/em><\/span><\/p>\n","protected":false},"excerpt":{"rendered":"","protected":false},"author":1,"featured_media":0,"comment_status":"open","ping_status":"closed","sticky":false,"template":"","format":"standard","meta":{"colormag_page_container_layout":"default_layout","colormag_page_sidebar_layout":"default_layout","footnotes":""},"categories":[4],"tags":[],"class_list":["post-33795","post","type-post","status-publish","format-standard","hentry","category-politica"],"_links":{"self":[{"href":"https:\/\/archiviogioia.lavocedelpaese.info\/index.php?rest_route=\/wp\/v2\/posts\/33795","targetHints":{"allow":["GET"]}}],"collection":[{"href":"https:\/\/archiviogioia.lavocedelpaese.info\/index.php?rest_route=\/wp\/v2\/posts"}],"about":[{"href":"https:\/\/archiviogioia.lavocedelpaese.info\/index.php?rest_route=\/wp\/v2\/types\/post"}],"author":[{"embeddable":true,"href":"https:\/\/archiviogioia.lavocedelpaese.info\/index.php?rest_route=\/wp\/v2\/users\/1"}],"replies":[{"embeddable":true,"href":"https:\/\/archiviogioia.lavocedelpaese.info\/index.php?rest_route=%2Fwp%2Fv2%2Fcomments&post=33795"}],"version-history":[{"count":0,"href":"https:\/\/archiviogioia.lavocedelpaese.info\/index.php?rest_route=\/wp\/v2\/posts\/33795\/revisions"}],"wp:attachment":[{"href":"https:\/\/archiviogioia.lavocedelpaese.info\/index.php?rest_route=%2Fwp%2Fv2%2Fmedia&parent=33795"}],"wp:term":[{"taxonomy":"category","embeddable":true,"href":"https:\/\/archiviogioia.lavocedelpaese.info\/index.php?rest_route=%2Fwp%2Fv2%2Fcategories&post=33795"},{"taxonomy":"post_tag","embeddable":true,"href":"https:\/\/archiviogioia.lavocedelpaese.info\/index.php?rest_route=%2Fwp%2Fv2%2Ftags&post=33795"}],"curies":[{"name":"wp","href":"https:\/\/api.w.org\/{rel}","templated":true}]}}