{"id":33939,"date":"2013-01-26T06:28:45","date_gmt":"2013-01-26T06:28:45","guid":{"rendered":"https:\/\/archiviogioia.lavocedelpaese.info\/?p=33939"},"modified":"2013-01-26T06:28:45","modified_gmt":"2013-01-26T06:28:45","slug":"marilisa-maselli-musicista-gioiese-dopo-bruxelles-roma-2","status":"publish","type":"post","link":"https:\/\/archiviogioia.lavocedelpaese.info\/?p=33939","title":{"rendered":"MARILISA MASELLI, MUSICISTA GIOIESE, DOPO BRUXELLES ROMA"},"content":{"rendered":"<p><img loading=\"lazy\" decoding=\"async\" class=\" size-full wp-image-33932\" style=\"margin-right: 2px; margin-left: 2px;\" alt=\"marilisa-maselli-flauto-pp\" src=\"https:\/\/archiviogioia.lavocedelpaese.info\/wp-content\/uploads\/2013\/01\/marilisa-maselli-flauto-pp.png\" height=\"150\" width=\"320\" srcset=\"https:\/\/archiviogioia.lavocedelpaese.info\/wp-content\/uploads\/2013\/01\/marilisa-maselli-flauto-pp.png 640w, https:\/\/archiviogioia.lavocedelpaese.info\/wp-content\/uploads\/2013\/01\/marilisa-maselli-flauto-pp-300x141.png 300w\" sizes=\"auto, (max-width: 320px) 100vw, 320px\" \/><\/p>\n<p><!--more--><\/p>\n<p style=\"margin-bottom: 0.0001pt; text-align: justify; line-height: normal;\">\u201c<i>Anteporre un giudizio alla conoscenza, ti fa essere vittima. Vittima di un pregiudizio<\/i>\u201d (Stephen Littleword)<\/p>\n<p style=\"margin-bottom: 0.0001pt; text-align: justify; line-height: normal;\"><b><img loading=\"lazy\" decoding=\"async\" class=\" alignleft size-full wp-image-33933\" style=\"margin: 4px; float: left;\" alt=\"730689 594372573910468 718015919 n1\" src=\"https:\/\/archiviogioia.lavocedelpaese.info\/wp-content\/uploads\/2013\/01\/730689_594372573910468_718015919_n1.jpg\" height=\"240\" width=\"320\" srcset=\"https:\/\/archiviogioia.lavocedelpaese.info\/wp-content\/uploads\/2013\/01\/730689_594372573910468_718015919_n1.jpg 360w, https:\/\/archiviogioia.lavocedelpaese.info\/wp-content\/uploads\/2013\/01\/730689_594372573910468_718015919_n1-300x225.jpg 300w\" sizes=\"auto, (max-width: 320px) 100vw, 320px\" \/>E la conoscenza \u00e8 la finalit\u00e0 dei due concerti<\/b> \u2013 nati grazie alla sinergia musicale data <b>dall\u2019Alexian Group e l\u2019Orchestra Europea per la Pace<\/b> \u2013 le cui date sono il 17 e 27 gennaio, rispettivamente a Bruxelles e a Roma. <b>Combattere ogni pregiudizio<\/b> nei confronti del popolo Rom, <b>attraverso la musica etnica<\/b>, \u00e8 l\u2019obiettivo dell\u2019Alexian Group, gruppo musicale <b>diretto da Santino Spinelli<\/b>. Obiettivo consistente nel poter divulgare la cultura Rom, per poi di seguito, sottratta la nebbia fuorviante del pregiudizio, poter superare i preconcetti vigenti.<\/p>\n<p style=\"margin-bottom: 0.0001pt; text-align: justify; line-height: normal;\"><b>Santino Spinelli \u00e8 un Rom italiano, facente parte della comunit\u00e0 roman\u00e8s<\/b> di pi\u00f9 antico insediamento sul nostro territorio. \u00c8 un rom atipico, ma \u00e8 cos\u00ec considerato perch\u00e9 in Italia la cronaca tende ad associare gli gitani ad eventi di criminalit\u00e0, non offrendo uno sguardo totale su <b>un\u2019etnia dalla storia straordinaria, ma al contempo ricca di discriminazioni<\/b>.<\/p>\n<p style=\"margin-bottom: 0.0001pt; text-align: justify; line-height: normal;\"><b><img loading=\"lazy\" decoding=\"async\" class=\" alignright size-full wp-image-33935\" style=\"margin: 4px; float: right;\" alt=\"565361 594372577243801 589872265 n1\" src=\"https:\/\/archiviogioia.lavocedelpaese.info\/wp-content\/uploads\/2013\/01\/565361_594372577243801_589872265_n1.jpg\" height=\"333\" width=\"250\" srcset=\"https:\/\/archiviogioia.lavocedelpaese.info\/wp-content\/uploads\/2013\/01\/565361_594372577243801_589872265_n1.jpg 612w, https:\/\/archiviogioia.lavocedelpaese.info\/wp-content\/uploads\/2013\/01\/565361_594372577243801_589872265_n1-225x300.jpg 225w\" sizes=\"auto, (max-width: 250px) 100vw, 250px\" \/>Ha due lauree<\/b>, una in Lingue e l\u2019altra in Musicologia, <b>insegna Lingua e Cultura Roman\u00ec all\u2019Universit\u00e0 di Trieste<\/b>. Trattasi di un <b>artista poliedrico<\/b>: poeta, compositore e musicista, e, infatti, le composizioni e gli arrangiamenti dei concerti in questione sono suoi. Ed \u00e8 costante da anni il suo impegno nel combattere tutto ci\u00f2 che fa parte di stereotipi mentali.<\/p>\n<p style=\"margin-bottom: 0.0001pt; text-align: justify; line-height: normal;\"><b>Lo fa<\/b>, inoltre, <b>tramite la collaborazione dell\u2019Orchestra Europea per la Pace<\/b>, diretta dall\u2019autorevole <b>maestro Michele Lorusso<\/b>, e composta interamente da <b>giovani musicisti pugliesi<\/b>, <b>tra i quali emerge il nome della gioiese Marilisa Maselli<\/b>. Marilisa \u2013 il cui curriculum vitae \u00e8 gi\u00e0 vasto, nonostante la sua giovane et\u00e0, \u2013 si \u00e8 <b>laureata al conservatorio \u2018Duni\u2019 di Matera in flauto traverso<\/b> con il massimo dei voti. Da 2 anni \u00e8 a Roma all\u2019Accademia italiana del Flauto, e ha l\u2019onore, per sua stessa ammissione, di essere seguita dal maestro <strong>Michele Maresco<\/strong>.<\/p>\n<p style=\"margin-bottom: 0.0001pt; text-align: justify; line-height: normal;\">\u201c<b>Sono soddisfatta sia dell\u2019iniziativa in s\u00e9 e sia dell\u2019esperienza a Bruxelles<\/b> [\u2026]. Viaggiare \u00e8 l\u2019aspetto del mio lavoro che pi\u00f9 mi piace. Credo che sia <b>un modo per potersi confrontare con culture e modi di fare diversi<\/b>, e per poter <b>allargare i propri orizzonti<\/b>\u201d, cos\u00ec Marilisa afferma.<\/p>\n<p style=\"margin-bottom: 0.0001pt; text-align: justify; line-height: normal;\"><b>Il concerto a Bruxelles si \u00e8 tenuto alla presenza del segretario del consiglio d\u2019Europa<\/b>, <b>del<\/b> <b>Commissario Europeo<\/b>, di vari parlamentari europei e rappresentanti delle istituzioni internazionali, <b>presso il Crowne Plaza Hotel Le Palace<\/b>.<\/p>\n<p style=\"margin-bottom: 0.0001pt; text-align: justify; line-height: normal;\"><img loading=\"lazy\" decoding=\"async\" class=\" alignleft size-full wp-image-33937\" style=\"margin: 4px; float: left;\" alt=\"702551 594372580577134 390612591 n2\" src=\"https:\/\/archiviogioia.lavocedelpaese.info\/wp-content\/uploads\/2013\/01\/702551_594372580577134_390612591_n2.jpg\" height=\"240\" width=\"320\" srcset=\"https:\/\/archiviogioia.lavocedelpaese.info\/wp-content\/uploads\/2013\/01\/702551_594372580577134_390612591_n2.jpg 360w, https:\/\/archiviogioia.lavocedelpaese.info\/wp-content\/uploads\/2013\/01\/702551_594372580577134_390612591_n2-300x225.jpg 300w\" sizes=\"auto, (max-width: 320px) 100vw, 320px\" \/>Il concerto <b>a Roma<\/b>, invece, <b>si terr\u00e0 presso il museo MAXXI, a partire dalle ore 17<\/b>, in occasione del terzo appuntamento della campagna \u2018Dosta!\u2019. Iniziativa tesa, non a caso, alla sensibilizzazione per la battaglia contro i pregiudizi nei confronti dei Rom e Sinti, promossa dal consiglio d\u2019Europa, e coordinata e finanziata dall\u2019UNAR \u2013 acronimo di Ufficio Nazionale Antidiscriminazioni Razziali \u2013 del Dipartimento per le Pari Opportunit\u00e0.<\/p>\n<p style=\"margin-bottom: 0.0001pt; text-align: justify; line-height: normal;\"><b>Un\u2019iniziativa nella quale la giovane flautista gioiese crede fermamente sia a livello umano che meramente artistico<\/b>: \u201c<b>\u00c8 un\u2019esperienza bellissima<\/b>, perch\u00e9 la nostra orchestra non sovrasta mai le iniziative dell\u2019Alexian Group, basate sull\u2019improvvisazione. <b>Stiamo dietro ad ogni loro esecuzione che \u00e8 sempre diversa<\/b>. Sempre nuova. Sempre stimolante. [\u2026]\u201d.<\/p>\n<p style=\"margin-bottom: 0.0001pt; text-align: justify; line-height: normal;\"><b>E alla domanda personale su che cosa per lei rappresenti la musica, Marilisa risponde<\/b>: \u201c[\u2026] <i>\u00c8 un mezzo per poter esprimere i propri sentimenti, per poter mettere a nudo la propria anima<\/i>\u201d. D\u2019altronde indiscutibile \u00e8 la forza della musica, il cui messaggio \u00e8 dato dal linguaggio universale per eccellenza. <b>L\u2019unica arte in cui non \u00e8 indispensabile parlare la stessa lingua per capirsi<\/b>, l\u2019unica arte in cui qualsiasi messaggio pu\u00f2 essere veicolato ed ascoltato.<\/p>\n<p>&nbsp;<\/p>\n","protected":false},"excerpt":{"rendered":"","protected":false},"author":1,"featured_media":33932,"comment_status":"open","ping_status":"closed","sticky":false,"template":"","format":"standard","meta":{"colormag_page_container_layout":"default_layout","colormag_page_sidebar_layout":"default_layout","footnotes":""},"categories":[7],"tags":[],"class_list":["post-33939","post","type-post","status-publish","format-standard","has-post-thumbnail","hentry","category-attualita"],"_links":{"self":[{"href":"https:\/\/archiviogioia.lavocedelpaese.info\/index.php?rest_route=\/wp\/v2\/posts\/33939","targetHints":{"allow":["GET"]}}],"collection":[{"href":"https:\/\/archiviogioia.lavocedelpaese.info\/index.php?rest_route=\/wp\/v2\/posts"}],"about":[{"href":"https:\/\/archiviogioia.lavocedelpaese.info\/index.php?rest_route=\/wp\/v2\/types\/post"}],"author":[{"embeddable":true,"href":"https:\/\/archiviogioia.lavocedelpaese.info\/index.php?rest_route=\/wp\/v2\/users\/1"}],"replies":[{"embeddable":true,"href":"https:\/\/archiviogioia.lavocedelpaese.info\/index.php?rest_route=%2Fwp%2Fv2%2Fcomments&post=33939"}],"version-history":[{"count":0,"href":"https:\/\/archiviogioia.lavocedelpaese.info\/index.php?rest_route=\/wp\/v2\/posts\/33939\/revisions"}],"wp:featuredmedia":[{"embeddable":true,"href":"https:\/\/archiviogioia.lavocedelpaese.info\/index.php?rest_route=\/wp\/v2\/media\/33932"}],"wp:attachment":[{"href":"https:\/\/archiviogioia.lavocedelpaese.info\/index.php?rest_route=%2Fwp%2Fv2%2Fmedia&parent=33939"}],"wp:term":[{"taxonomy":"category","embeddable":true,"href":"https:\/\/archiviogioia.lavocedelpaese.info\/index.php?rest_route=%2Fwp%2Fv2%2Fcategories&post=33939"},{"taxonomy":"post_tag","embeddable":true,"href":"https:\/\/archiviogioia.lavocedelpaese.info\/index.php?rest_route=%2Fwp%2Fv2%2Ftags&post=33939"}],"curies":[{"name":"wp","href":"https:\/\/api.w.org\/{rel}","templated":true}]}}