{"id":34144,"date":"2013-02-01T07:56:18","date_gmt":"2013-02-01T07:56:18","guid":{"rendered":"https:\/\/archiviogioia.lavocedelpaese.info\/?p=34144"},"modified":"2013-02-01T07:56:18","modified_gmt":"2013-02-01T07:56:18","slug":"giancarlo-visitilli-rapisce-con-e-la-felicita-prof-2","status":"publish","type":"post","link":"https:\/\/archiviogioia.lavocedelpaese.info\/?p=34144","title":{"rendered":"GIANCARLO VISITILLI &#8216;RAPISCE&#8217; CON \u201cE LA FELICIT\u00c1, PROF?\u201d"},"content":{"rendered":"<p><img loading=\"lazy\" decoding=\"async\" class=\" size-full wp-image-34138\" style=\"margin-right: 2px; margin-left: 2px;\" alt=\"VISITILLI-MAGISTRO1-pp\" src=\"https:\/\/archiviogioia.lavocedelpaese.info\/wp-content\/uploads\/2013\/02\/VISITILLI-MAGISTRO1-pp.jpg\" height=\"150\" width=\"320\" srcset=\"https:\/\/archiviogioia.lavocedelpaese.info\/wp-content\/uploads\/2013\/02\/VISITILLI-MAGISTRO1-pp.jpg 640w, https:\/\/archiviogioia.lavocedelpaese.info\/wp-content\/uploads\/2013\/02\/VISITILLI-MAGISTRO1-pp-300x141.jpg 300w\" sizes=\"auto, (max-width: 320px) 100vw, 320px\" \/><\/p>\n<p><!--more--><\/p>\n<p style=\"margin-bottom: 0.0001pt; text-align: justify; line-height: normal;\"><img loading=\"lazy\" decoding=\"async\" class=\" alignleft size-full wp-image-34139\" style=\"margin: 4px; float: left;\" alt=\"giancarlo visitilli a spazio unotre\" src=\"https:\/\/archiviogioia.lavocedelpaese.info\/wp-content\/uploads\/2013\/02\/giancarlo_visitilli_a_spazio_unotre.JPG\" height=\"227\" width=\"340\" srcset=\"https:\/\/archiviogioia.lavocedelpaese.info\/wp-content\/uploads\/2013\/02\/giancarlo_visitilli_a_spazio_unotre.JPG 720w, https:\/\/archiviogioia.lavocedelpaese.info\/wp-content\/uploads\/2013\/02\/giancarlo_visitilli_a_spazio_unotre-300x200.jpg 300w\" sizes=\"auto, (max-width: 340px) 100vw, 340px\" \/>\u201c<b>Allora ho fatto il bastian contrario<\/b>, chiedendo direttamente le opinioni dei ragazzi. <b>Convinto che la poesia che insegno possa servire<\/b> anche ad una futura madre o ad un futuro padre, <b>per capire la bellezza della vita<\/b>\u201d. Questo \u00e8 <b>uno dei tanti pensieri tratti dal libro di Giancarlo Visitilli dal titolo \u2018E la felicit\u00e0, prof\u2019?\u2019<\/b>, edito Einaudi 2012.<\/p>\n<p style=\"margin-bottom: 0.0001pt; text-align: justify; line-height: normal;\"><b>La bellezza della vita che \u00e8 difficile da afferrare o da cogliere<\/b>, specialmente quando si ha di fronte una ragazza che <b>a 18 anni si ritiene gi\u00e0 grande<\/b>. E allora in qualcosa, <b>forse, si \u00e8 commesso qualche errore<\/b>. C\u2019\u00e8 stato qualcosa che non ha funzionato, un pezzo del puzzle perso, o messo al posto sbagliato.<\/p>\n<p style=\"margin-bottom: 0.0001pt; text-align: justify; line-height: normal;\"><b>Un libro presentato durante la serata di luned\u00ec 28 gennaio<\/b> <b>presso<\/b> la suggestiva e accogliente <i>location<\/i> di <b>Spazio Unotre<\/b>, messa a disposizione della cultura dalla grande ospitalit\u00e0 <b>di Mario Pugliese<\/b>. <b>Un incontro organizzato dall\u2019istituto di ricerca Meters<\/b> \u2013 studi e ricerche per il sociale \u2013 , e <b>condotto da Giovanna Magistro<\/b>, con la collaborazione del prof. <b>Sergio D\u2019Onghia<\/b>.<b><img loading=\"lazy\" decoding=\"async\" class=\" alignright size-full wp-image-34140\" style=\"margin: 4px; float: right;\" alt=\"visitilli pubblico unotre\" src=\"https:\/\/archiviogioia.lavocedelpaese.info\/wp-content\/uploads\/2013\/02\/visitilli_pubblico_unotre.JPG\" height=\"227\" width=\"340\" srcset=\"https:\/\/archiviogioia.lavocedelpaese.info\/wp-content\/uploads\/2013\/02\/visitilli_pubblico_unotre.JPG 720w, https:\/\/archiviogioia.lavocedelpaese.info\/wp-content\/uploads\/2013\/02\/visitilli_pubblico_unotre-300x200.jpg 300w\" sizes=\"auto, (max-width: 340px) 100vw, 340px\" \/><\/b><\/p>\n<p style=\"margin-bottom: 0.0001pt; text-align: justify; line-height: normal;\"><b>Giancarlo Visitilli<\/b>, docente di Lettere e giornalista, <b>cura<\/b>, tra le altre cose, <b>una rubrica interessante su <span><span style=\"line-height: 115%;\">\u2018La Repubblica\u2019 inc@attedra<\/span><\/span><\/b>. <b>Si occupa del sociale<\/b> e si mostra sensibile alle dinamiche tra la scuola, famiglia, e ragazzi. <b>Sceglie di narrare la vita dei vinti<\/b>, <b>si sofferma su tutti quei ragazzi<\/b>, che in tredici anni di insegnamento, hanno avuti percorsi difficili e sofferti.<\/p>\n<p style=\"margin-bottom: 0.0001pt; text-align: justify; line-height: normal;\"><b>Sono 29 le storie raccontate<\/b>, <b>nelle quali torna questo tema della felicit\u00e0<\/b>, e torna perch\u00e9 se ne ha bisogno. \u201c[\u2026] Si vede che \u00e8 <b>un libro costruito attraverso una predisposizione al bello, alla letterariet\u00e0<\/b>. Ci sono delle pagine di bella letteratura. Non \u00e8 propriamente un romanzo, e, forse, come il grande letterato Asor Rosa ha affermato in una delle presentazioni a Roma \u00e8 <b>un genere che si definir\u00e0 con il tempo<\/b>\u201d, in questi termini si esprime in riguardo Sergio D\u2019Onghia.<\/p>\n<p style=\"margin-bottom: 0.0001pt; text-align: justify; line-height: normal;\"><b>Un libro dal titolo che lo stesso autore non ama molto<\/b>; <b>ma che piace<\/b>, perch\u00e9 rappresenta un ossimoro. Perch\u00e9 a scuola, spesso, <b>la felicit\u00e0 \u00e8 trascurata<\/b>. Si parla della buona educazione, e Giancarlo Visitilli sostiene: \u201cLa buona educazione mi fa diventare volente o nolente un modello. C\u2019\u00e8 un sorta di patto tacito che s\u2019instaura sin dal primo giorno. Quella giusta distanza la vedi nel modo d\u2019insegnare [\u2026]\u201d.<img loading=\"lazy\" decoding=\"async\" class=\" alignleft size-full wp-image-34141\" style=\"margin: 4px; float: left;\" alt=\"dongia-visitilli-magistro\" src=\"https:\/\/archiviogioia.lavocedelpaese.info\/wp-content\/uploads\/2013\/02\/dongia-visitilli-magistro.JPG\" height=\"227\" width=\"340\" srcset=\"https:\/\/archiviogioia.lavocedelpaese.info\/wp-content\/uploads\/2013\/02\/dongia-visitilli-magistro.JPG 720w, https:\/\/archiviogioia.lavocedelpaese.info\/wp-content\/uploads\/2013\/02\/dongia-visitilli-magistro-300x200.jpg 300w\" sizes=\"auto, (max-width: 340px) 100vw, 340px\" \/><\/p>\n<p style=\"margin-bottom: 0.0001pt; text-align: justify; line-height: normal;\">E aggiunge: \u201c<b>Io non credo <\/b><b>al genitore amico o all\u2019educatore amico<\/b> \u2026 O ai genitori che rinunciano a fare i genitori\u201d. Si parla di quel <b>fenomeno che in psicologia si chiama \u2018evitamento\u2019<\/b>, e che non fa altro che amplificare quello che non si \u00e8 vissuto. \u201c<b>Bisognerebbe iniziare cambiando atteggiamento, docenti inclusi<\/b>; e in quanto educatore mi devo preoccupare di quello che i ragazzi sentono, ascoltano, vedono [\u2026]\u201d.<\/p>\n<p style=\"margin-bottom: 0.0001pt; text-align: justify; line-height: normal;\"><b>Si parla degli ideali, talvolta, persi<\/b>. E <b>della tematica complessa del suicidio adolescenziale<\/b>, aumentato del 36% nell\u2019ultimo anno. E conclude con un\u2019affermazione che solo chi \u00e8 innamorato del suo mestiere pu\u00f2 sostenere: \u201c<b>Se potessi tornare indietro, mi piacerebbe insegnare la geografia dei sentimenti<\/b>, per far s\u00ec che questi sentimenti possano essere toccati con mano [\u2026]\u201d. <b>Perch\u00e9<\/b> i sentimenti <b>possano prendere consistenza<\/b>. Perch\u00e9 <b>si possano definire e vivere i sintomi della felicit\u00e0<\/b>.<\/p>\n<p style=\"margin-bottom: 0.0001pt; text-align: justify; line-height: normal;\">Un ringraziamento particolare a <strong>Cataldo Liuzzi<\/strong> e <strong>Fabio Guliersi<\/strong> per la loro collaborazione fotografica.<\/p>\n<p><object type=\"application\/x-shockwave-flash\" width=\"660\" height=\"660\" flashvars=\"host=picasaweb.google.com&amp;hl=it&amp;feat=flashalbum&amp;RGB=0x000000&amp;feed=https:\/\/picasaweb.google.com\/data\/feed\/api\/user\/104626251937098962566\/albumid\/5840037399369805857?alt=rss&amp;kind=photo&amp;authkey=Gv1sRgCM6ftIPUrr6zPA&amp;hl=it\" pluginspage=\"http:\/\/www.macromedia.com\/go\/getflashplayer\" data=\"https:\/\/picasaweb.google.com\/s\/c\/bin\/slideshow.swf\"><param name=\"movie\" value=\"https:\/\/picasaweb.google.com\/s\/c\/bin\/slideshow.swf\" \/><\/object><\/p>\n<p><object type=\"application\/x-shockwave-flash\" width=\"660\" height=\"660\" flashvars=\"host=picasaweb.google.com&amp;hl=it&amp;feat=flashalbum&amp;RGB=0x000000&amp;feed=https:\/\/picasaweb.google.com\/data\/feed\/api\/user\/104626251937098962566\/albumid\/5839974862574047937?alt=rss&amp;kind=photo&amp;hl=it\" pluginspage=\"http:\/\/www.macromedia.com\/go\/getflashplayer\" data=\"https:\/\/picasaweb.google.com\/s\/c\/bin\/slideshow.swf\"><param name=\"movie\" value=\"https:\/\/picasaweb.google.com\/s\/c\/bin\/slideshow.swf\" \/><\/object><\/p>\n","protected":false},"excerpt":{"rendered":"","protected":false},"author":1,"featured_media":34138,"comment_status":"open","ping_status":"closed","sticky":false,"template":"","format":"standard","meta":{"colormag_page_container_layout":"default_layout","colormag_page_sidebar_layout":"default_layout","footnotes":""},"categories":[6],"tags":[],"class_list":["post-34144","post","type-post","status-publish","format-standard","has-post-thumbnail","hentry","category-cultura"],"_links":{"self":[{"href":"https:\/\/archiviogioia.lavocedelpaese.info\/index.php?rest_route=\/wp\/v2\/posts\/34144","targetHints":{"allow":["GET"]}}],"collection":[{"href":"https:\/\/archiviogioia.lavocedelpaese.info\/index.php?rest_route=\/wp\/v2\/posts"}],"about":[{"href":"https:\/\/archiviogioia.lavocedelpaese.info\/index.php?rest_route=\/wp\/v2\/types\/post"}],"author":[{"embeddable":true,"href":"https:\/\/archiviogioia.lavocedelpaese.info\/index.php?rest_route=\/wp\/v2\/users\/1"}],"replies":[{"embeddable":true,"href":"https:\/\/archiviogioia.lavocedelpaese.info\/index.php?rest_route=%2Fwp%2Fv2%2Fcomments&post=34144"}],"version-history":[{"count":0,"href":"https:\/\/archiviogioia.lavocedelpaese.info\/index.php?rest_route=\/wp\/v2\/posts\/34144\/revisions"}],"wp:featuredmedia":[{"embeddable":true,"href":"https:\/\/archiviogioia.lavocedelpaese.info\/index.php?rest_route=\/wp\/v2\/media\/34138"}],"wp:attachment":[{"href":"https:\/\/archiviogioia.lavocedelpaese.info\/index.php?rest_route=%2Fwp%2Fv2%2Fmedia&parent=34144"}],"wp:term":[{"taxonomy":"category","embeddable":true,"href":"https:\/\/archiviogioia.lavocedelpaese.info\/index.php?rest_route=%2Fwp%2Fv2%2Fcategories&post=34144"},{"taxonomy":"post_tag","embeddable":true,"href":"https:\/\/archiviogioia.lavocedelpaese.info\/index.php?rest_route=%2Fwp%2Fv2%2Ftags&post=34144"}],"curies":[{"name":"wp","href":"https:\/\/api.w.org\/{rel}","templated":true}]}}