{"id":34820,"date":"2013-02-17T07:00:33","date_gmt":"2013-02-17T07:00:33","guid":{"rendered":"https:\/\/archiviogioia.lavocedelpaese.info\/?p=34820"},"modified":"2013-02-17T07:00:33","modified_gmt":"2013-02-17T07:00:33","slug":"il-faro-di-vincenzo-lamanna-aderisce-al-referendum-2","status":"publish","type":"post","link":"https:\/\/archiviogioia.lavocedelpaese.info\/?p=34820","title":{"rendered":"\u201cIL FARO\u201d DI VINCENZO LAMANNA ADERISCE AL REFERENDUM"},"content":{"rendered":"<p><img loading=\"lazy\" decoding=\"async\" class=\" size-full wp-image-34320\" style=\"margin-right: 2px; margin-left: 2px;\" alt=\"referendum-notaio-pp\" src=\"https:\/\/archiviogioia.lavocedelpaese.info\/wp-content\/uploads\/2013\/02\/referendum-notaio-pp.jpg\" height=\"150\" width=\"320\" srcset=\"https:\/\/archiviogioia.lavocedelpaese.info\/wp-content\/uploads\/2013\/02\/referendum-notaio-pp.jpg 640w, https:\/\/archiviogioia.lavocedelpaese.info\/wp-content\/uploads\/2013\/02\/referendum-notaio-pp-300x141.jpg 300w\" sizes=\"auto, (max-width: 320px) 100vw, 320px\" \/><\/p>\n<p style=\"text-align: justify;\">\n<!--more--><br \/>\n<span style=\"font-family: 'Times New Roman','serif';\"><span style=\"font-family: 'Times New Roman','serif';\"><\/span><\/span><\/p>\n<p style=\"text-align: justify;\">&nbsp;<img loading=\"lazy\" decoding=\"async\" class=\" alignleft size-full wp-image-29096\" style=\"margin: 4px; float: left;\" alt=\"IL FARO logo associazione\" src=\"https:\/\/archiviogioia.lavocedelpaese.info\/wp-content\/uploads\/2012\/10\/IL_FARO_logo_associazione.jpg\" height=\"243\" width=\"250\" srcset=\"https:\/\/archiviogioia.lavocedelpaese.info\/wp-content\/uploads\/2012\/10\/IL_FARO_logo_associazione.jpg 960w, https:\/\/archiviogioia.lavocedelpaese.info\/wp-content\/uploads\/2012\/10\/IL_FARO_logo_associazione-300x291.jpg 300w, https:\/\/archiviogioia.lavocedelpaese.info\/wp-content\/uploads\/2012\/10\/IL_FARO_logo_associazione-768x746.jpg 768w\" sizes=\"auto, (max-width: 250px) 100vw, 250px\" \/>\u201c<i>No all\u2019esternalizzazione dei tributi, s\u00ec al miglioramento e all\u2019ampliamento dei competenti uffici comunali, magari con l\u2019assunzione di giovani professionisti della citt\u00e0<\/i>&#8220;, questa la decisione unanime risultante dopo&nbsp;un ampio dibattito avvenuto nella sede del <strong>Laboratorio di Idee &#8220;Il Faro&#8221;<\/strong>, a seguito di un Consiglio dei soci fondatori convocato dal Presidente <strong>Vincenzo Lamanna<\/strong>.<\/p>\n<p style=\"text-align: justify;\"><b>\u00c8 deprimente e inquietante l\u2019atteggiamento di un\u2019amministrazione<\/b> che dinnanzi al grido di protesta dei cittadini, delle associazioni e dei partiti resta sorda e prosegue per la sua strada sempre pi\u00f9 distante dal tutelare l&#8217;interesse comune.<\/p>\n<p style=\"text-align: justify;\"><b>Il Laboratorio di Idee il Faro<\/b> da sempre contro l\u2019indifferenza che uccide la democrazia, <b>appoggia ed aderisce al Comitato per il Referendum<\/b> per l\u2019abrogazione della delibera della Giunta Comunale che assegna di fatto ai privati la riscossione dei tributi.<\/p>\n<p style=\"text-align: justify;\"><b>Il nostro impegno mira a far riprendere la parola ai cittadini<\/b> per stimolare i professionisti della politica e i partiti a rivedere le proprie priorit\u00e0.<\/p>\n<p style=\"text-align: justify;\"><b>Dovremmo ricordarci che la parola politica viene dal greco, e vuol dire il discorso<\/b><b>tra cittadini della polis<\/b> (cio\u00e8 della citt\u00e0, della comunit\u00e0 civile), per l\u2019interesse generale. \u00c8 a questo tipo di politica che il nostro Laboratorio di Idee intende richiamarsi, perch\u00e9 <b>in Italia la sovranit\u00e0 appartiene al popolo, ma qualcuno lo ha dimenticato<\/b>.&nbsp;<\/p>\n","protected":false},"excerpt":{"rendered":"","protected":false},"author":1,"featured_media":34320,"comment_status":"open","ping_status":"closed","sticky":false,"template":"","format":"standard","meta":{"colormag_page_container_layout":"default_layout","colormag_page_sidebar_layout":"default_layout","footnotes":""},"categories":[4],"tags":[],"class_list":["post-34820","post","type-post","status-publish","format-standard","has-post-thumbnail","hentry","category-politica"],"_links":{"self":[{"href":"https:\/\/archiviogioia.lavocedelpaese.info\/index.php?rest_route=\/wp\/v2\/posts\/34820","targetHints":{"allow":["GET"]}}],"collection":[{"href":"https:\/\/archiviogioia.lavocedelpaese.info\/index.php?rest_route=\/wp\/v2\/posts"}],"about":[{"href":"https:\/\/archiviogioia.lavocedelpaese.info\/index.php?rest_route=\/wp\/v2\/types\/post"}],"author":[{"embeddable":true,"href":"https:\/\/archiviogioia.lavocedelpaese.info\/index.php?rest_route=\/wp\/v2\/users\/1"}],"replies":[{"embeddable":true,"href":"https:\/\/archiviogioia.lavocedelpaese.info\/index.php?rest_route=%2Fwp%2Fv2%2Fcomments&post=34820"}],"version-history":[{"count":0,"href":"https:\/\/archiviogioia.lavocedelpaese.info\/index.php?rest_route=\/wp\/v2\/posts\/34820\/revisions"}],"wp:featuredmedia":[{"embeddable":true,"href":"https:\/\/archiviogioia.lavocedelpaese.info\/index.php?rest_route=\/wp\/v2\/media\/34320"}],"wp:attachment":[{"href":"https:\/\/archiviogioia.lavocedelpaese.info\/index.php?rest_route=%2Fwp%2Fv2%2Fmedia&parent=34820"}],"wp:term":[{"taxonomy":"category","embeddable":true,"href":"https:\/\/archiviogioia.lavocedelpaese.info\/index.php?rest_route=%2Fwp%2Fv2%2Fcategories&post=34820"},{"taxonomy":"post_tag","embeddable":true,"href":"https:\/\/archiviogioia.lavocedelpaese.info\/index.php?rest_route=%2Fwp%2Fv2%2Ftags&post=34820"}],"curies":[{"name":"wp","href":"https:\/\/api.w.org\/{rel}","templated":true}]}}