{"id":35144,"date":"2013-02-23T06:35:18","date_gmt":"2013-02-23T06:35:18","guid":{"rendered":"https:\/\/archiviogioia.lavocedelpaese.info\/?p=35144"},"modified":"2013-02-23T06:35:18","modified_gmt":"2013-02-23T06:35:18","slug":"aro-ba5-aderenti-comitato-rifiuti-zero-si-mobilitano-2","status":"publish","type":"post","link":"https:\/\/archiviogioia.lavocedelpaese.info\/?p=35144","title":{"rendered":"ARO BA\/5. ADERENTI COMITATO \u201cRIFIUTI ZERO\u201d SI MOBILITANO"},"content":{"rendered":"<p><img loading=\"lazy\" decoding=\"async\" class=\" size-full wp-image-34507\" style=\"margin-right: 2px; margin-left: 2px;\" alt=\"rifiuti-zero-evidenza-pp\" src=\"https:\/\/archiviogioia.lavocedelpaese.info\/wp-content\/uploads\/2013\/02\/rifiuti-zero-evidenza-pp.jpg\" height=\"150\" width=\"320\" srcset=\"https:\/\/archiviogioia.lavocedelpaese.info\/wp-content\/uploads\/2013\/02\/rifiuti-zero-evidenza-pp.jpg 640w, https:\/\/archiviogioia.lavocedelpaese.info\/wp-content\/uploads\/2013\/02\/rifiuti-zero-evidenza-pp-300x141.jpg 300w\" sizes=\"auto, (max-width: 320px) 100vw, 320px\" \/><\/p>\n<p><!--more--><\/p>\n<p style=\"margin-bottom: 0.0001pt; text-align: justify; line-height: normal;\"><span style=\"color: black;\"><img loading=\"lazy\" decoding=\"async\" class=\" alignleft size-full wp-image-35142\" style=\"margin: 4px; float: left;\" alt=\"Acquaviva-ZeroWaste-logo\" src=\"https:\/\/archiviogioia.lavocedelpaese.info\/wp-content\/uploads\/2013\/02\/Acquaviva-ZeroWaste-logo.jpg\" height=\"354\" width=\"250\" srcset=\"https:\/\/archiviogioia.lavocedelpaese.info\/wp-content\/uploads\/2013\/02\/Acquaviva-ZeroWaste-logo.jpg 793w, https:\/\/archiviogioia.lavocedelpaese.info\/wp-content\/uploads\/2013\/02\/Acquaviva-ZeroWaste-logo-212x300.jpg 212w, https:\/\/archiviogioia.lavocedelpaese.info\/wp-content\/uploads\/2013\/02\/Acquaviva-ZeroWaste-logo-724x1024.jpg 724w, https:\/\/archiviogioia.lavocedelpaese.info\/wp-content\/uploads\/2013\/02\/Acquaviva-ZeroWaste-logo-768x1087.jpg 768w\" sizes=\"auto, (max-width: 250px) 100vw, 250px\" \/>&#8220;<\/span><b><span style=\"color: black;\">Marted\u00ec 19 febbraio<\/span><\/b><span style=\"color: black;\"> u.s. <b>si sono riuniti<\/b> nella Sala \u201cColafemmina\u201d del Comune di Acquaviva <b>i componenti del Comitato Cittadino \u201cAcquaviva verso Rifiuti Zero\u201d<\/b>. Alla riunione <b>sono intervenuti anche esponenti di associazioni ambientaliste attive a Gioia del Colle<\/b>, Adelfia, Casamassima e Sammichele: <b>comuni che, insieme ad Acquaviva e Turi, costituiscono l\u2019Ambito di Raccolta Ottimale (A.R.O.)<\/b> ai sensi della Legge Regionale 20 Agosto 2012, n.24, <b>con il compito di organizzare congiuntamente il servizio di raccolta dei rifiuti solidi urbani<\/b>.<\/span><\/p>\n<p style=\"margin-bottom: 0.0001pt; text-align: justify; line-height: normal;\"><b><span style=\"color: black;\">I partecipanti<\/span><\/b><span style=\"color: black;\"> hanno approfondito le numerose problematiche concernenti la gestione dei rifiuti nei comuni compresi nell\u2019A.R.O. e, <b>dopo un ampio dibattito, si sono impegnati a proporre alle amministrazioni dei rispettivi comuni<\/b>, in conformit\u00e0 a quanto gi\u00e0 deciso dal Comune di Acquaviva e da numerose altre citt\u00e0 italiane, <b>l\u2019adesione all\u2019obiettivo \u201cRifiuti Zero\u201d<\/b> attraverso l\u2019adozione di appositi atti amministrativi, <b>ed in linea con l&#8217;orientamento dettato in materia di rifiuti dalla Direttiva Europea 2008\/98\/CE<\/b>, recepita dal Testo Unico Ambientale d.lgs. n.152\/2006. <\/span><\/p>\n<p style=\"margin-bottom: 0.0001pt; text-align: justify; line-height: normal;\"><span style=\"color: black;\">Le associazioni e i cittadini presenti <b>hanno anche concordato di dare vita ad un coordinamento allo scopo di intervenire congiuntamente sugli organi dell\u2019A.R.O<\/b>. in ogni fase del procedimento che porter\u00e0 alla indizione della gara finalizzata all\u2019affidamento dell\u2019appalto per la raccolta dei rifiuti, <b>e si sono impegnati a mobilitarsi perch\u00e9, con l\u2019avvio del servizio, venga introdotto il sistema della raccolta differenziata \u201cspinta\u201d in ogni comune<\/b> ed un sistema di tariffazione puntuale secondo il principio comunitario del \u201cchi inquina paga \u201c<b>al fine di raggiungere percentuali di raccolta differenziata in linea con le normative europee, nazionali e regionali<\/b> e con i comuni pi\u00f9 virtuosi d&#8217;Italia, avere un sistema di tariffazione equo <b>e ridurre a zero i rifiuti da conferire in discarica e all&#8217;incenerimento<\/b> in modo da salvaguardare l&#8217;ambiente e la salute dei cittadini.<\/span><\/p>\n<p style=\"margin-bottom: 0.0001pt; text-align: justify; line-height: normal;\"><b><span style=\"color: black;\">I partecipanti hanno<\/span><\/b><span style=\"color: black;\">, infine, <b>dato mandato<\/b> agli esponenti del Comitato Cittadino di Acquaviva <b>di chiedere<\/b> al Presidente dell\u2019A.R.O. <b>di ammettere al tavolo tecnico<\/b>, in qualit\u00e0 di osservatori, <b>rappresentanti delle associazioni e dei cittadini aderenti alla rete dei comitati<\/b> costituitisi nel territorio dell\u2019Ambito.<\/span><\/p>\n<p style=\"text-align: right;\"><b><span style=\"line-height: 115%;\">Il coordinamento dei comitati cittadini nell\u2019A.R.O. BA5<\/span><\/b><span style=\"line-height: 115%;\">&#8220;<\/span><\/p>\n<p><a href=\"http:\/\/www.facebook.com\/groups\/364522526968682\/?ref=ts&amp;;fref=ts\">http:\/\/www.facebook.com\/groups\/364522526968682\/?ref=ts&amp;;fref=ts<\/a><\/p>\n","protected":false},"excerpt":{"rendered":"","protected":false},"author":1,"featured_media":34507,"comment_status":"open","ping_status":"closed","sticky":false,"template":"","format":"standard","meta":{"colormag_page_container_layout":"default_layout","colormag_page_sidebar_layout":"default_layout","footnotes":""},"categories":[4],"tags":[],"class_list":["post-35144","post","type-post","status-publish","format-standard","has-post-thumbnail","hentry","category-politica"],"_links":{"self":[{"href":"https:\/\/archiviogioia.lavocedelpaese.info\/index.php?rest_route=\/wp\/v2\/posts\/35144","targetHints":{"allow":["GET"]}}],"collection":[{"href":"https:\/\/archiviogioia.lavocedelpaese.info\/index.php?rest_route=\/wp\/v2\/posts"}],"about":[{"href":"https:\/\/archiviogioia.lavocedelpaese.info\/index.php?rest_route=\/wp\/v2\/types\/post"}],"author":[{"embeddable":true,"href":"https:\/\/archiviogioia.lavocedelpaese.info\/index.php?rest_route=\/wp\/v2\/users\/1"}],"replies":[{"embeddable":true,"href":"https:\/\/archiviogioia.lavocedelpaese.info\/index.php?rest_route=%2Fwp%2Fv2%2Fcomments&post=35144"}],"version-history":[{"count":0,"href":"https:\/\/archiviogioia.lavocedelpaese.info\/index.php?rest_route=\/wp\/v2\/posts\/35144\/revisions"}],"wp:featuredmedia":[{"embeddable":true,"href":"https:\/\/archiviogioia.lavocedelpaese.info\/index.php?rest_route=\/wp\/v2\/media\/34507"}],"wp:attachment":[{"href":"https:\/\/archiviogioia.lavocedelpaese.info\/index.php?rest_route=%2Fwp%2Fv2%2Fmedia&parent=35144"}],"wp:term":[{"taxonomy":"category","embeddable":true,"href":"https:\/\/archiviogioia.lavocedelpaese.info\/index.php?rest_route=%2Fwp%2Fv2%2Fcategories&post=35144"},{"taxonomy":"post_tag","embeddable":true,"href":"https:\/\/archiviogioia.lavocedelpaese.info\/index.php?rest_route=%2Fwp%2Fv2%2Ftags&post=35144"}],"curies":[{"name":"wp","href":"https:\/\/api.w.org\/{rel}","templated":true}]}}