{"id":35305,"date":"2013-02-27T09:50:42","date_gmt":"2013-02-27T09:50:42","guid":{"rendered":"https:\/\/archiviogioia.lavocedelpaese.info\/?p=35305"},"modified":"2013-02-27T09:50:42","modified_gmt":"2013-02-27T09:50:42","slug":"nuovo-incontro-dei-pugliesi-nel-mondo-2","status":"publish","type":"post","link":"https:\/\/archiviogioia.lavocedelpaese.info\/?p=35305","title":{"rendered":"NUOVO INCONTRO DEI \u201cPUGLIESI NEL MONDO\u201d"},"content":{"rendered":"<p><img loading=\"lazy\" decoding=\"async\" class=\" size-full wp-image-16742\" style=\"margin-right: 2px; margin-left: 2px;\" alt=\"pugliesi nel mondo pp\" src=\"https:\/\/archiviogioia.lavocedelpaese.info\/wp-content\/uploads\/2011\/11\/pugliesi_nel_mondo_pp.jpg\" height=\"150\" width=\"320\" srcset=\"https:\/\/archiviogioia.lavocedelpaese.info\/wp-content\/uploads\/2011\/11\/pugliesi_nel_mondo_pp.jpg 320w, https:\/\/archiviogioia.lavocedelpaese.info\/wp-content\/uploads\/2011\/11\/pugliesi_nel_mondo_pp-300x141.jpg 300w\" sizes=\"auto, (max-width: 320px) 100vw, 320px\" \/><\/p>\n<p><!--more--><\/p>\n<p style=\"text-align: justify;\">L\u2019Associazione \u201c<b>Pugliesi <\/b><b><img loading=\"lazy\" decoding=\"async\" class=\" alignleft size-full wp-image-26608\" style=\"margin: 3px; float: left;\" alt=\"pugliesi nel mondo logo ufficiale\" src=\"https:\/\/archiviogioia.lavocedelpaese.info\/wp-content\/uploads\/2012\/09\/pugliesi_nel_mondo_logo_ufficiale.jpg\" height=\"291\" width=\"300\" srcset=\"https:\/\/archiviogioia.lavocedelpaese.info\/wp-content\/uploads\/2012\/09\/pugliesi_nel_mondo_logo_ufficiale.jpg 678w, https:\/\/archiviogioia.lavocedelpaese.info\/wp-content\/uploads\/2012\/09\/pugliesi_nel_mondo_logo_ufficiale-300x291.jpg 300w\" sizes=\"auto, (max-width: 300px) 100vw, 300px\" \/><\/b><b>nel mondo<\/b>\u201d comunica che il nuovo incontro tra tutti gli aderenti si terr\u00e0 nella<b> Citt\u00e0 di Taranto<\/b>, nel pomeriggio di <b>venerd\u00ec 1\u00b0 marzo 2013.<\/b>&nbsp;La riunione avr\u00e0 inizio <b>alle ore 16,00<\/b> presso la <b>Sala convegni della Confartigianato sita alla Via C. Battisti n. 135<\/b>. L&#8217;incontro \u00e8 aperto a tutti i corregionali (iscritti e non), ai rappresentanti di enti e istituzioni, alle associazioni, agli imprenditori, artisti di ogni genere, mass media, semplici cittadini ecc.., disponibili a collaborare per una buona riuscita di tutti gli eventi che saranno organizzati sul territorio tarantino (Taranto e provincia), affinch\u00e9 possano contribuire ad una maggiore visibilit\u00e0 e promozione di un territorio che sta attraversando un delicato periodo, sopratutto per il caso ILVA. Prestigiosi eventi che con le idee, proposte e suggerimenti vari saranno di grande utilit\u00e0 per l&#8217;organizzazione di pi\u00f9 iniziative. Si precisa, come gi\u00e0 illustrato ai presenti nella scorsa riunione che tra i vari eventi che si terranno su questo territorio, nel mese di luglio prossimo ci sar\u00e0 il <b>prestigioso Premio<\/b> <b>Internazionale &#8220;Pugliesi nel Mondo&#8221; Edizione 2013. Oltre alla novit\u00e0 dell&#8217;anno, quale il 1\u00b0 Meeting dei Giovani Pugliesi nel Mondo.<\/b>&nbsp;Per partecipare si prega di comunicare il nominativo tramite e-mail a:<b> <\/b><a href=\"mailto:&lt;a href=\" mailto:segreteria=\"\" puglianelmondo=\"\" com=\"\">segreteria@puglianelmondo.com<\/a><span style=\"text-align: justify;\">,<b> <\/b>oppure telefonicamente ai seguenti<b> numeri telefonici<\/b>: 0803433383 &#8211; 3316206059 \u2013 3498836622. <\/span><a href=\"http:\/\/www.puglianelmondo.com\/\">www.puglianelmondo.com<\/a> &#8211; <a href=\"http:\/\/www.youngapulians.net\">www.youngapulians.net<\/a><b>.<br data-mce-bogus=\"1\" \/><\/b><\/p>\n<p>&nbsp;<\/p>\n<p style=\"text-align: justify;\">Il bando del<b> Concorso Premio Internazionale &#8220;Pugliesi nel Mondo&#8221; \u00e8 disponibile sul sito<\/b>.&nbsp;<\/p>\n<p style=\"text-align: justify;\"><b>Si comunica inoltre che \u00e8 ancora possibile aderire alla<\/b> <b>AWR (Apulia Worldwide<\/b> <b>Reference)<\/b>. Adesione grazie alla quale, indipendentemente dalla formula scelta, sia gli studi professionali che le aziende, gli esercizi commerciali ecc.., potranno <b>stipulare <\/b>con tutti gli iscritti<b> convenzioni<\/b> <b>con sconti e agevolazioni vari<\/b>.<\/p>\n<p style=\"text-align: justify;\">&nbsp;<\/p>\n<p><a href=\"http:\/\/www.puglianelmondo.com\/PUBLIC\/Concorso_Premio2013.PDF\" target=\"_blank\" rel=\"noopener\">ALLEGATO (bando concorso)<br \/><\/a><\/p>\n<p>&nbsp;<\/p>\n<p>&nbsp;<\/p>\n<p>&nbsp;<\/p>\n<p>&nbsp;<\/p>\n","protected":false},"excerpt":{"rendered":"","protected":false},"author":1,"featured_media":16742,"comment_status":"open","ping_status":"closed","sticky":false,"template":"","format":"standard","meta":{"colormag_page_container_layout":"default_layout","colormag_page_sidebar_layout":"default_layout","footnotes":""},"categories":[7],"tags":[],"class_list":["post-35305","post","type-post","status-publish","format-standard","has-post-thumbnail","hentry","category-attualita"],"_links":{"self":[{"href":"https:\/\/archiviogioia.lavocedelpaese.info\/index.php?rest_route=\/wp\/v2\/posts\/35305","targetHints":{"allow":["GET"]}}],"collection":[{"href":"https:\/\/archiviogioia.lavocedelpaese.info\/index.php?rest_route=\/wp\/v2\/posts"}],"about":[{"href":"https:\/\/archiviogioia.lavocedelpaese.info\/index.php?rest_route=\/wp\/v2\/types\/post"}],"author":[{"embeddable":true,"href":"https:\/\/archiviogioia.lavocedelpaese.info\/index.php?rest_route=\/wp\/v2\/users\/1"}],"replies":[{"embeddable":true,"href":"https:\/\/archiviogioia.lavocedelpaese.info\/index.php?rest_route=%2Fwp%2Fv2%2Fcomments&post=35305"}],"version-history":[{"count":0,"href":"https:\/\/archiviogioia.lavocedelpaese.info\/index.php?rest_route=\/wp\/v2\/posts\/35305\/revisions"}],"wp:featuredmedia":[{"embeddable":true,"href":"https:\/\/archiviogioia.lavocedelpaese.info\/index.php?rest_route=\/wp\/v2\/media\/16742"}],"wp:attachment":[{"href":"https:\/\/archiviogioia.lavocedelpaese.info\/index.php?rest_route=%2Fwp%2Fv2%2Fmedia&parent=35305"}],"wp:term":[{"taxonomy":"category","embeddable":true,"href":"https:\/\/archiviogioia.lavocedelpaese.info\/index.php?rest_route=%2Fwp%2Fv2%2Fcategories&post=35305"},{"taxonomy":"post_tag","embeddable":true,"href":"https:\/\/archiviogioia.lavocedelpaese.info\/index.php?rest_route=%2Fwp%2Fv2%2Ftags&post=35305"}],"curies":[{"name":"wp","href":"https:\/\/api.w.org\/{rel}","templated":true}]}}