{"id":35386,"date":"2013-03-01T09:00:44","date_gmt":"2013-03-01T09:00:44","guid":{"rendered":"https:\/\/archiviogioia.lavocedelpaese.info\/?p=35386"},"modified":"2013-03-01T09:00:44","modified_gmt":"2013-03-01T09:00:44","slug":"accademia-danza-allopera-vince-star-musical-school-2","status":"publish","type":"post","link":"https:\/\/archiviogioia.lavocedelpaese.info\/?p=35386","title":{"rendered":"ACCADEMIA DANZA ALL\u2019OPERA VINCE \u201cSTAR MUSICAL SCHOOL\u201d"},"content":{"rendered":"<p><img loading=\"lazy\" decoding=\"async\" class=\" size-full wp-image-35377\" style=\"margin-right: 2px; margin-left: 2px;\" alt=\"sasanelli-premio2-pp\" src=\"https:\/\/archiviogioia.lavocedelpaese.info\/wp-content\/uploads\/2013\/03\/sasanelli-premio2-pp.png\" height=\"150\" width=\"320\" srcset=\"https:\/\/archiviogioia.lavocedelpaese.info\/wp-content\/uploads\/2013\/03\/sasanelli-premio2-pp.png 640w, https:\/\/archiviogioia.lavocedelpaese.info\/wp-content\/uploads\/2013\/03\/sasanelli-premio2-pp-300x141.png 300w\" sizes=\"auto, (max-width: 320px) 100vw, 320px\" \/><\/p>\n<p><!--more--><\/p>\n<p style=\"text-align: justify;\"><span class=\"hascaption\"><img loading=\"lazy\" decoding=\"async\" class=\" alignleft size-full wp-image-35380\" style=\"margin: 4px; float: left;\" alt=\"lat3\" src=\"https:\/\/archiviogioia.lavocedelpaese.info\/wp-content\/uploads\/2013\/03\/lat3.jpg\" height=\"359\" width=\"250\" srcset=\"https:\/\/archiviogioia.lavocedelpaese.info\/wp-content\/uploads\/2013\/03\/lat3.jpg 230w, https:\/\/archiviogioia.lavocedelpaese.info\/wp-content\/uploads\/2013\/03\/lat3-209x300.jpg 209w\" sizes=\"auto, (max-width: 250px) 100vw, 250px\" \/>In occasione di \u201c<b>Danzainfiera 2013<\/b>\u201d &#8211; prestigioso appuntamento che ogni anno riunisce le eccellenze ed apre il confronto tra scuole di danza e ballerini di tutta Italia &#8211; <b>l\u2019Accademia Danza all\u2019Opera di Nicola Sasanelli<\/b> si \u00e8 ancora una volta rivelata una delle realt\u00e0 pi\u00f9 feconde nel mondo della danza, conquistando il premio \u201c<b>Star Musical School\u201d<\/b> con borsa di studio di <b>800,00 euro per la sezione Hip Hop<\/b> e per <b>Mimmo Linsalata<\/b> la borsa di studio \u201c<b>Trento Dance Festival\u201d<\/b> che si terr\u00e0 a fine luglio a Madonna di Campiglio. <\/span><\/p>\n<p style=\"text-align: justify;\"><b>Danzainfiera<\/b>, per i suoi estimatori Dif, giunta alla sua ottava edizione, per quattro giorni &#8211; <span class=\"hascaption\">dal 21 al 24 febbraio &#8211; coinvolge tutti i generi e gli stili: dal classico al contemporaneo, dal moderno al tango, dall&#8217;hip hop al latino, dal country al musical, dalle danze etniche al valzer, dal burlesque al pilates. Dal 2006, anno in cui ha avuto luogo la prima edizione, Danzainfiera ha ospitato oltre un milione di visitatori proponendo incontri di <b>arte, cultura, sport, socialit\u00e0, spettacolo. <\/b><\/span><\/p>\n<p style=\"text-align: justify;\">Vanta, inoltre,<b> <\/b>show ed esibizioni con grandi ballerini e compagnie nazionali e internazionali, <b>centinaia di lezioni gratuite aperte a tutti<\/b> con importanti maestri, <b>tantissimi convegni, workshop e mostre<\/b> per parlare di danza a 360\u00b0, <b>incontri e talk show<\/b> con personaggi famosi, <b>gare e concorsi<\/b>, per vivere l&#8217;evento da protagonisti e <b>decine di audizioni e casting<\/b>, per entrare in questo mondo.<\/p>\n<p style=\"text-align: justify;\"><span class=\"hascaption\">L\u2019 \u201c<b>Accademia Danza all&#8217;Opera<\/b>\u201d ha conquistato <\/span><b><img loading=\"lazy\" decoding=\"async\" class=\" alignright size-full wp-image-35382\" style=\"margin: 4px; float: right;\" alt=\"nicola sasanelli4\" src=\"https:\/\/archiviogioia.lavocedelpaese.info\/wp-content\/uploads\/2013\/03\/nicola_sasanelli4.jpg\" height=\"213\" width=\"340\" srcset=\"https:\/\/archiviogioia.lavocedelpaese.info\/wp-content\/uploads\/2013\/03\/nicola_sasanelli4.jpg 604w, https:\/\/archiviogioia.lavocedelpaese.info\/wp-content\/uploads\/2013\/03\/nicola_sasanelli4-300x188.jpg 300w\" sizes=\"auto, (max-width: 340px) 100vw, 340px\" \/><\/b><span class=\"hascaption\">la fiera fiorentina con i suoi maestri <b>Mimmo Linsalata e Arianna Nicastri <\/b>e alcuni dei <\/span><span class=\"hascaption\">migliori allievi: <b>Flavia Marazia, Maria Paola Buttiglione ed Emanuela Dinielli<\/b>.<\/span><\/p>\n<p style=\"text-align: justify;\"><span class=\"hascaption\">Nel medagliere di <b>Mimmo Linsalata<\/b> l\u2019ennesima borsa di studio (troppo bravo per non far \u201cbottino\u201d in questi contesti) e per l\u2019Accademia un premio.<\/span><\/p>\n<p style=\"text-align: justify;\"><span class=\"hascaption\">Per <b>Nicola Sasanelli<\/b> la conferma che l\u2019Accademia \u00e8 una realt\u00e0 in crescita, in grado di emergere ed esprimere i propri talenti in ogni contesto e in ogni occasione.<\/span><\/p>\n<p style=\"text-align: justify;\"><span class=\"hascaption\">\u201cMaestri e ragazzi si preparano con grande seriet\u00e0 a questo evento, sanno <img loading=\"lazy\" decoding=\"async\" class=\" alignleft size-full wp-image-35384\" style=\"margin: 4px; float: left;\" alt=\"nicola sasanelli3\" src=\"https:\/\/archiviogioia.lavocedelpaese.info\/wp-content\/uploads\/2013\/03\/nicola_sasanelli3.jpg\" height=\"240\" width=\"320\" srcset=\"https:\/\/archiviogioia.lavocedelpaese.info\/wp-content\/uploads\/2013\/03\/nicola_sasanelli3.jpg 640w, https:\/\/archiviogioia.lavocedelpaese.info\/wp-content\/uploads\/2013\/03\/nicola_sasanelli3-300x225.jpg 300w\" sizes=\"auto, (max-width: 320px) 100vw, 320px\" \/>che il confronto sar<\/span><span class=\"hascaption\">\u00e0 severo e danno il meglio di s\u00e9. <b>E\u2019 un\u2019occasione preziosa anche per formarsi con grandi coreografi e ballerini, scoprire nuovi linguaggi corporei, affinare sensibilit\u00e0 ed espressivit\u00e0,<\/b> armonizzarsi elevando verso l\u2019alto energia e potenzialit\u00e0 non ancora espresse&#8230; <b>Il confronto \u00e8 indispensabile in ogni processo di crescita artistica<\/b>.\u201d <\/span><\/p>\n<p style=\"text-align: justify;\"><span class=\"hascaption\">Tra gli ospiti di questa ottava edizione: <b>Eleonora Abbagnato, Carolyn Smith, Rossella Brescia, Francesco Ventriglia, Steve La Chance, Andr\u00e9 De La Roche, Kledi Kadiu, Simone Di Pasquale, Fr\u00e9d\u00e9ric Olivieri e Elisabeth Platel<\/b>.<\/span><\/p>\n<p style=\"text-align: justify;\" align=\"left\">&nbsp;<\/p>\n<p><object type=\"application\/x-shockwave-flash\" width=\"660\" height=\"660\" flashvars=\"host=picasaweb.google.com&amp;hl=it&amp;feat=flashalbum&amp;RGB=0x000000&amp;feed=https:\/\/picasaweb.google.com\/data\/feed\/api\/user\/104626251937098962566\/albumid\/5850470106506622849?alt=rss&amp;kind=photo&amp;authkey=Gv1sRgCLP0kK35sYvFlQE&amp;hl=it\" pluginspage=\"http:\/\/www.macromedia.com\/go\/getflashplayer\" data=\"https:\/\/picasaweb.google.com\/s\/c\/bin\/slideshow.swf\"><param name=\"movie\" value=\"https:\/\/picasaweb.google.com\/s\/c\/bin\/slideshow.swf\" \/><\/object><\/p>\n","protected":false},"excerpt":{"rendered":"","protected":false},"author":1,"featured_media":35378,"comment_status":"open","ping_status":"closed","sticky":false,"template":"","format":"standard","meta":{"colormag_page_container_layout":"default_layout","colormag_page_sidebar_layout":"default_layout","footnotes":""},"categories":[7],"tags":[],"class_list":["post-35386","post","type-post","status-publish","format-standard","has-post-thumbnail","hentry","category-attualita"],"_links":{"self":[{"href":"https:\/\/archiviogioia.lavocedelpaese.info\/index.php?rest_route=\/wp\/v2\/posts\/35386","targetHints":{"allow":["GET"]}}],"collection":[{"href":"https:\/\/archiviogioia.lavocedelpaese.info\/index.php?rest_route=\/wp\/v2\/posts"}],"about":[{"href":"https:\/\/archiviogioia.lavocedelpaese.info\/index.php?rest_route=\/wp\/v2\/types\/post"}],"author":[{"embeddable":true,"href":"https:\/\/archiviogioia.lavocedelpaese.info\/index.php?rest_route=\/wp\/v2\/users\/1"}],"replies":[{"embeddable":true,"href":"https:\/\/archiviogioia.lavocedelpaese.info\/index.php?rest_route=%2Fwp%2Fv2%2Fcomments&post=35386"}],"version-history":[{"count":0,"href":"https:\/\/archiviogioia.lavocedelpaese.info\/index.php?rest_route=\/wp\/v2\/posts\/35386\/revisions"}],"wp:featuredmedia":[{"embeddable":true,"href":"https:\/\/archiviogioia.lavocedelpaese.info\/index.php?rest_route=\/wp\/v2\/media\/35378"}],"wp:attachment":[{"href":"https:\/\/archiviogioia.lavocedelpaese.info\/index.php?rest_route=%2Fwp%2Fv2%2Fmedia&parent=35386"}],"wp:term":[{"taxonomy":"category","embeddable":true,"href":"https:\/\/archiviogioia.lavocedelpaese.info\/index.php?rest_route=%2Fwp%2Fv2%2Fcategories&post=35386"},{"taxonomy":"post_tag","embeddable":true,"href":"https:\/\/archiviogioia.lavocedelpaese.info\/index.php?rest_route=%2Fwp%2Fv2%2Ftags&post=35386"}],"curies":[{"name":"wp","href":"https:\/\/api.w.org\/{rel}","templated":true}]}}