{"id":355,"date":"2010-02-10T23:59:01","date_gmt":"2010-02-10T23:59:01","guid":{"rendered":"https:\/\/archiviogioia.lavocedelpaese.info\/?p=355"},"modified":"2010-02-10T23:59:01","modified_gmt":"2010-02-10T23:59:01","slug":"alienazione-autoveicoli-usati-di-proprieta-comunale","status":"publish","type":"post","link":"https:\/\/archiviogioia.lavocedelpaese.info\/?p=355","title":{"rendered":"100 EURO PER ACQUISTARE AUTOVEICOLI  DEL COMUNE"},"content":{"rendered":"<p><img loading=\"lazy\" decoding=\"async\" class=\" size-full wp-image-353\" alt=\"p.zza-margherita\" src=\"https:\/\/archiviogioia.lavocedelpaese.info\/wp-content\/uploads\/2010\/02\/p.zza-margherita.jpg\" width=\"320\" height=\"150\" srcset=\"https:\/\/archiviogioia.lavocedelpaese.info\/wp-content\/uploads\/2010\/02\/p.zza-margherita.jpg 2112w, https:\/\/archiviogioia.lavocedelpaese.info\/wp-content\/uploads\/2010\/02\/p.zza-margherita-300x141.jpg 300w, https:\/\/archiviogioia.lavocedelpaese.info\/wp-content\/uploads\/2010\/02\/p.zza-margherita-1024x480.jpg 1024w, https:\/\/archiviogioia.lavocedelpaese.info\/wp-content\/uploads\/2010\/02\/p.zza-margherita-768x360.jpg 768w, https:\/\/archiviogioia.lavocedelpaese.info\/wp-content\/uploads\/2010\/02\/p.zza-margherita-1536x720.jpg 1536w, https:\/\/archiviogioia.lavocedelpaese.info\/wp-content\/uploads\/2010\/02\/p.zza-margherita-2048x960.jpg 2048w\" sizes=\"auto, (max-width: 320px) 100vw, 320px\" \/> <\/p>\n<p><!--more--><\/p>\n<p><img loading=\"lazy\" decoding=\"async\" class=\" alignright size-full wp-image-354\" style=\"margin: 2px; float: right;\" alt=\"Gioia_del_Colle-Stemma\" src=\"https:\/\/archiviogioia.lavocedelpaese.info\/wp-content\/uploads\/2010\/02\/Gioia_del_Colle-Stemma.jpg\" width=\"143\" height=\"169\" \/><\/p>\n<p style=\"text-align: justify;\"><strong>Con Delibera di Giunta n. 20 del 28\/01\/2010<\/strong> l\u2019Amministrazione comunale ha espresso parere favorevole <strong>all\u2019alienazione<\/strong>, nello stato in cui si trovano, dei seguenti veicoli usati di propriet\u00e0 dell\u2019Ente perch\u00e9 ritenuti non pi\u00f9 funzionali per il servizio cui erano destinati:<\/p>\n<div style=\"text-align: justify;\">\n<ul>\n<li>Fiat Panda 750 Fire targata BA941307 anno di immatricolazione 29\/4\/1987;<\/li>\n<li>Fiat Panda 4X4 targata BAA43738 anno di immatricolazione 23\/1\/1989;<\/li>\n<li>Fiat Panda targata AV181SH anno di immatricolazione 16\/12\/1997;<\/li>\n<li>Fiat Punto targata AV182SH anno di immatricolazione 16\/12\/1997;<\/li>\n<li>Fiat Punto targata AV183SH anno di immatricolazione 16\/12\/1997;<\/li>\n<li>EVF TK2 F Truck Travel targato CK543NN<\/li>\n<li>EVF TK2 A Truck Travel targato CK544NN <\/li>\n<li>EVF TK2 P Taxi Travel targato CK570NN<\/li>\n<li>EVF TK2 A Truck Travel targato CK542NN<\/li>\n<li>Fiat Marea targata AP937HT anno di immatricolazione 1997.<\/li>\n<\/ul>\n<\/div>\n<p style=\"text-align: justify;\"><strong>I veicoli saranno venduti<\/strong> secondo le procedure di pubblico incanto mediante avviso pubblico con offerta al rialzo ed esclusione delle offerte al ribasso, del prezzo stimato di \u20ac 100 per ogni autoveicolo.<\/p>\n<div style=\"text-align: justify;\"><\/div>\n<p style=\"text-align: justify;\"><strong>Tutte le spese necessarie all\u2019iscrizione<\/strong> del passaggio di propriet\u00e0 nei pubblici registri automobilistici (P.R.A.), ove necessario, saranno a carico dell\u2019acquirente, che dovr\u00e0 provvedervi nel termine che sar\u00e0 indicato nell\u2019avviso.<\/p>\n<div style=\"text-align: justify;\"><\/div>\n<p style=\"text-align: justify;\"><strong>Gli interessati all\u2019acquisto di uno o pi\u00f9 veicoli dovranno<\/strong> far pervenire l\u2019offerta sul modello predisposto dall\u2019Amministrazione, in busta chiusa controfirmata sui lembi di chiusura, redatta in carta semplice al Comune di Gioia del Colle \u2013 UFFICIO TECNICO \u2013 Piazza Margherita di Savoia, 10 \u2013 70023 Gioia del Colle (BA), allegando copia della carta di identit\u00e0 dell\u2019offerente.<\/p>\n<div style=\"text-align: justify;\"><\/div>\n<p style=\"text-align: justify;\"><strong>L\u2019offerta debitamente sottoscritta dovr\u00e0 riportare<\/strong> chiaramente il prezzo in cifra e lettere. L\u2019offerta dovr\u00e0 riportare il nome, il cognome, il luogo di nascita e di residenza (in Italia), il codice fiscale e\/o <st1:personname productid=\"la partita IVA\" w:st=\"on\">la partita IVA<\/st1:personname> dell\u2019offerente, nonch\u00e9 l\u2019espressa dichiarazione di accettare le condizioni inserite nel bando.<\/p>\n<div style=\"text-align: justify;\"><\/div>\n<p style=\"text-align: justify;\">Sulla busta dovr\u00e0 apparire chiaramente la seguente dicitura: \u201c<strong>Gara per l\u2019alienazione veicoli usati in dotazione al comune di Gioia del Colle \u2013 Offerta per l\u2019acquisto<\/strong>\u201d.<\/p>\n<div style=\"text-align: justify;\"><\/div>\n<p style=\"text-align: justify;\">I beni in argomento potranno essere visionati previo appuntamento da fissare con i responsabili del procedimento.<\/p>\n<div style=\"text-align: justify;\"><\/div>\n<p style=\"text-align: justify;\"><strong>Le offerte devono essere<\/strong> specifiche per i singoli veicoli. Sono ammesse offerte per pi\u00f9 veicoli purch\u00e9 presentate singolarmente; non \u00e8 ammessa presentazione di pi\u00f9 offerte per lo stesso veicolo da parte dello stesso soggetto.<\/p>\n<div style=\"text-align: justify;\"><\/div>\n<p style=\"text-align: justify;\"><strong>A pena esclusione<\/strong>, le offerte devono essere redatte solo ed esclusivamente sul modello di offerta pubblicato sul sito <a href=\"http:\/\/www.comune.gioiadelcolle.ba.it\/\">www.comune.gioiadelcolle.ba.it<\/a> o previo ritiro presso l\u2019Ufficio Tecnico Comunale \u2013 serv. Patrimonio \u2013 2\u00b0 p. Palazzo Comunale, nei giorni di Luned\u00ec, Mercoled\u00ec, Venerd\u00ec dalle ore 9,00 alle ore 12,00 e il Marted\u00ec e Gioved\u00ec dalle ore 16,00 alle ore 18,00.<\/p>\n<div style=\"text-align: justify;\"><\/div>\n<p style=\"text-align: justify;\"><strong>L\u2019aggiudicazione verr\u00e0 fatta<\/strong> a favore del concorrente che ha presentato l\u2019offerta pi\u00f9 alta il cui prezzo sia migliore o almeno pari a quello a base d\u2019asta, con esclusione delle offerte in ribasso.<\/p>\n<div style=\"text-align: justify;\"><\/div>\n<p style=\"text-align: justify;\">Si proceder\u00e0 all\u2019aggiudicazione anche nel caso di presentazione di una sola offerta valida il cui importo sia almeno pari al prezzo posto a base d\u2019asta. In caso di discordanza tra il prezzo in cifre e quello in lettere prevarr\u00e0 quello in lettere. In caso di parit\u00e0 di offerta tra due o pi\u00f9 concorrenti l\u2019aggiudicatario verr\u00e0 scelto tramite sorteggio. Nel caso di pi\u00f9 offerte per il medesimo veicolo, il miglior offerente avr\u00e0 priorit\u00e0 nella scelta dello stesso. Qualora la seconda miglior offerta sia pi\u00f9 alta dell\u2019offerta per altro veicolo, questi avr\u00e0 facolt\u00e0 di scelta sui rimanenti, e cos\u00ec si proceder\u00e0 fino all\u2019assegnazione dell\u2019ultimo veicolo.<\/p>\n<div style=\"text-align: justify;\"><\/div>\n<p style=\"text-align: justify;\"><strong>Con l\u2019offerta l\u2019interessato si impegna<\/strong> a ritirare entro 30 giorni dalla comunicazione di aggiudicazione i veicoli a proprie spese, previo pagamento di quanto offerto a mezzo bonifico bancario intestato alla tesoreria comunale presso il Monte dei Paschi di Siena conto n. 51601 cod. IBAN IT11Z0103041480 000000051601, e iscrizione del passaggio di propriet\u00e0 a propria cura, nonch\u00e9 previa rimozione dai veicoli delle scritte indicanti il Comune e i relativi uffici e di ogni cosa riconducibile all\u2019attivit\u00e0 degli uffici del Comune.<\/p>\n<div style=\"text-align: justify;\"><\/div>\n<p style=\"text-align: justify;\"><strong>All\u2019aggiudicatario competono tutte le responsabilit\u00e0<\/strong> connesse al ritiro dei veicoli, che espleter\u00e0 entro 20 gg. dalla comunicazione di aggiudicazione della gara, previa presentazione del contratto di assicurazione e del bollo auto. Il mancato rispetto del termine comporter\u00e0 la revoca dell\u2019assegnazione e l\u2019assegnazione al successivo miglior offerente.<\/p>\n<div style=\"text-align: justify;\"><\/div>\n<p style=\"text-align: justify;\"><strong>L\u2019apertura delle buste<\/strong>, contenenti le offerte, avverr\u00e0 in seduta aperta agli offerenti interessati nella data e nel luogo successivamente indicati dal responsabile del procedimento.<\/p>\n<p style=\"text-align: justify;\">per maggiori informazioni:<\/p>\n<p style=\"text-align: justify;\">http:\/\/www.comune.gioiadelcolle.ba.it\/index.php\/gare-ed-appalti\/1736-alienazione-autoveicoli-di-proprieta-comunale-.html<\/p>\n<p style=\"text-align: justify;\">\u00a0<\/p>\n","protected":false},"excerpt":{"rendered":"","protected":false},"author":1,"featured_media":353,"comment_status":"open","ping_status":"closed","sticky":false,"template":"","format":"standard","meta":{"colormag_page_container_layout":"default_layout","colormag_page_sidebar_layout":"default_layout","footnotes":""},"categories":[4],"tags":[],"class_list":["post-355","post","type-post","status-publish","format-standard","has-post-thumbnail","hentry","category-politica"],"_links":{"self":[{"href":"https:\/\/archiviogioia.lavocedelpaese.info\/index.php?rest_route=\/wp\/v2\/posts\/355","targetHints":{"allow":["GET"]}}],"collection":[{"href":"https:\/\/archiviogioia.lavocedelpaese.info\/index.php?rest_route=\/wp\/v2\/posts"}],"about":[{"href":"https:\/\/archiviogioia.lavocedelpaese.info\/index.php?rest_route=\/wp\/v2\/types\/post"}],"author":[{"embeddable":true,"href":"https:\/\/archiviogioia.lavocedelpaese.info\/index.php?rest_route=\/wp\/v2\/users\/1"}],"replies":[{"embeddable":true,"href":"https:\/\/archiviogioia.lavocedelpaese.info\/index.php?rest_route=%2Fwp%2Fv2%2Fcomments&post=355"}],"version-history":[{"count":0,"href":"https:\/\/archiviogioia.lavocedelpaese.info\/index.php?rest_route=\/wp\/v2\/posts\/355\/revisions"}],"wp:featuredmedia":[{"embeddable":true,"href":"https:\/\/archiviogioia.lavocedelpaese.info\/index.php?rest_route=\/wp\/v2\/media\/353"}],"wp:attachment":[{"href":"https:\/\/archiviogioia.lavocedelpaese.info\/index.php?rest_route=%2Fwp%2Fv2%2Fmedia&parent=355"}],"wp:term":[{"taxonomy":"category","embeddable":true,"href":"https:\/\/archiviogioia.lavocedelpaese.info\/index.php?rest_route=%2Fwp%2Fv2%2Fcategories&post=355"},{"taxonomy":"post_tag","embeddable":true,"href":"https:\/\/archiviogioia.lavocedelpaese.info\/index.php?rest_route=%2Fwp%2Fv2%2Ftags&post=355"}],"curies":[{"name":"wp","href":"https:\/\/api.w.org\/{rel}","templated":true}]}}