{"id":35537,"date":"2013-03-05T07:00:33","date_gmt":"2013-03-05T07:00:33","guid":{"rendered":"https:\/\/archiviogioia.lavocedelpaese.info\/?p=35537"},"modified":"2013-03-05T07:00:33","modified_gmt":"2013-03-05T07:00:33","slug":"di-maglie-e-lilva-dopo-gioia-tornano-dattualita-videofoto-2","status":"publish","type":"post","link":"https:\/\/archiviogioia.lavocedelpaese.info\/?p=35537","title":{"rendered":"DI MAGLIE E L\u2019ILVA, DOPO GIOIA, TORNANO D\u2019ATTUALIT\u00c1-video\/foto"},"content":{"rendered":"<p><img loading=\"lazy\" decoding=\"async\" class=\" size-full wp-image-35528\" style=\"margin-right: 2px; margin-left: 2px;\" alt=\"daniele-di-maglie-a-gioia-pp\" src=\"https:\/\/archiviogioia.lavocedelpaese.info\/wp-content\/uploads\/2013\/03\/daniele-di-maglie-a-gioia-pp.jpg\" height=\"150\" width=\"320\" srcset=\"https:\/\/archiviogioia.lavocedelpaese.info\/wp-content\/uploads\/2013\/03\/daniele-di-maglie-a-gioia-pp.jpg 640w, https:\/\/archiviogioia.lavocedelpaese.info\/wp-content\/uploads\/2013\/03\/daniele-di-maglie-a-gioia-pp-300x141.jpg 300w\" sizes=\"auto, (max-width: 320px) 100vw, 320px\" \/><\/p>\n<p><!--more--><\/p>\n<p style=\"text-align: justify;\"><b><img loading=\"lazy\" decoding=\"async\" class=\" alignleft size-full wp-image-35529\" style=\"margin: 4px; float: left;\" alt=\"197946 544560955553900 2049120440 n\" src=\"https:\/\/archiviogioia.lavocedelpaese.info\/wp-content\/uploads\/2013\/03\/197946_544560955553900_2049120440_n.jpg\" height=\"194\" width=\"320\" srcset=\"https:\/\/archiviogioia.lavocedelpaese.info\/wp-content\/uploads\/2013\/03\/197946_544560955553900_2049120440_n.jpg 700w, https:\/\/archiviogioia.lavocedelpaese.info\/wp-content\/uploads\/2013\/03\/197946_544560955553900_2049120440_n-300x182.jpg 300w\" sizes=\"auto, (max-width: 320px) 100vw, 320px\" \/>Torna di estrema attualit\u00e0<\/b> a seguito delle tristi vicende di cronaca sull\u2019Ilva di Taranto, <b>l\u2019incontro su economia e sviluppo industriale <\/b>organizzato dal Pd e condotto da <b>Vanna Magistro<\/b> e <b>Giovanni Nicastri<\/b> nel chiostro comunale in febbraio.<\/p>\n<p style=\"text-align: justify;\"><b>Ospite della serata<\/b> insieme all\u2019onorevole <b>Ludovico Vico<\/b>, il <b>cantautore Daniele Di Maglie<\/b>.<\/p>\n<p style=\"text-align: justify;\"><b>Il musicista<\/b>, chitarra alla mano e voce affabulante, <b>delizia i davvero pochi presenti cantando di Sifone e dei suoi fratelli generati dall\u2019Ilva<\/b> &#8211; <b>ex Italsider, mostruosa creatura che per \u201cpartogenesi\u201d ha dato vita a metaforici ciclopi eruttanti fuoco e fumi<\/b>. Nel loro colore il vaticinio di un tristissimo futuro insanguinato dal sacrificio delle vittime sul lavoro e dalle morti causate da malattie endemiche e tumori.<b><img loading=\"lazy\" decoding=\"async\" class=\" alignright size-full wp-image-35530\" style=\"margin: 4px; float: right;\" alt=\"daniele-di-maglie-a-gioia3\" src=\"https:\/\/archiviogioia.lavocedelpaese.info\/wp-content\/uploads\/2013\/03\/daniele-di-maglie-a-gioia3.JPG\" height=\"240\" width=\"320\" srcset=\"https:\/\/archiviogioia.lavocedelpaese.info\/wp-content\/uploads\/2013\/03\/daniele-di-maglie-a-gioia3.JPG 640w, https:\/\/archiviogioia.lavocedelpaese.info\/wp-content\/uploads\/2013\/03\/daniele-di-maglie-a-gioia3-300x225.jpg 300w\" sizes=\"auto, (max-width: 320px) 100vw, 320px\" \/><\/b><\/p>\n<p style=\"text-align: justify;\"><b>La sua denuncia sfiora il pathos<\/b> e pur non vestendo il ruolo omerico di \u201ccantastorie\u201d, attraverso la parola scritta e la musica <b>il dissenso arriva forte e chiaro<\/b>.<\/p>\n<p style=\"text-align: justify;\"><b>\u201cL\u2019altoforno. L\u2019Ilva nei racconti e nelle canzoni di un cantautore di Taranto\u201d<\/b> &#8211; <b>cofanetto contenente il libro ed il CD<\/b> nel quale ascoltare \u201cL\u2019Altoforno\u201d gi\u00e0 presente nel suo album \u201cNon so pi\u00f9 che cosa scrivo\u201d e l\u2019inedita \u201cNon lavorare stanca\u201d -, <b>racconta di un\u2019illusione<\/b>, quella del progresso, della modernit\u00e0 che ha sedotto i tarantini, tanto da impedir loro di vedere l\u2019agonia di una citt\u00e0 impietosamente avvelenata in difesa di un diritto al lavoro che lede il sacrosanto diritto alla salute, diritto al quale chi lavora non pu\u00f2 n\u00e9 deve rinunciare.<\/p>\n<p style=\"text-align: justify;\">\u201c<b>Come gli uomini della caverna di Platone<\/b>, <b>incatenati sin dalla loro <img loading=\"lazy\" decoding=\"async\" class=\" alignleft size-full wp-image-35531\" style=\"margin: 4px; float: left;\" alt=\"daniele-di-maglie-a-gioia\" src=\"https:\/\/archiviogioia.lavocedelpaese.info\/wp-content\/uploads\/2013\/03\/daniele-di-maglie-a-gioia.jpg\" height=\"240\" width=\"320\" srcset=\"https:\/\/archiviogioia.lavocedelpaese.info\/wp-content\/uploads\/2013\/03\/daniele-di-maglie-a-gioia.jpg 640w, https:\/\/archiviogioia.lavocedelpaese.info\/wp-content\/uploads\/2013\/03\/daniele-di-maglie-a-gioia-300x225.jpg 300w\" sizes=\"auto, (max-width: 320px) 100vw, 320px\" \/>infanzia<\/b> nella sua profondit\u00e0, vissero nella convinzione che le ombre fittizie delle loro membra sulle pareti fossero l\u2019unica realt\u00e0 possibile e furono restii ad accettare una realt\u00e0 altra, <b>cos\u00ec i Tarantini, sono cresciuti guardando la propria citt\u00e0 e il suo mostro<\/b> &#8211; ieri Italsider, oggi Ilva &#8211; <b>considerandolo parte integrante del paesaggio naturale, sua presenza imprescindibile, irrinunciabile\u2026<\/b>\u201d.<\/p>\n<p style=\"text-align: justify;\"><b>Al centro c\u2019\u00e8 il Sifone, la ciminiera pi\u00f9 alta dell\u2019Ilva<\/b>, visibile da ogni punto della citt\u00e0 tranne che nei vicoli della Taranto vecchia, che il gigante vorrebbe controllare con le sue \u201cordinanze\u201d.<\/p>\n<p style=\"text-align: justify;\">Qui, nel cuore antico della citt\u00e0, quello in cui l\u2019orgoglio palpita e vibra, vive <b>Sisifo, personificazione dell\u2019umana perseveranza che sfida gli dei e la morte<\/b> tanto da meritare la punizione di una eterna fatica. Sisifo non si arrende e il suo coraggio sar\u00e0 premiato.<\/p>\n<p style=\"text-align: justify;\"><b><img loading=\"lazy\" decoding=\"async\" class=\" alignright size-full wp-image-35532\" style=\"margin: 4px; float: right;\" alt=\"daniele-di-maglie-a-gioia2\" src=\"https:\/\/archiviogioia.lavocedelpaese.info\/wp-content\/uploads\/2013\/03\/daniele-di-maglie-a-gioia2.JPG\" height=\"240\" width=\"320\" srcset=\"https:\/\/archiviogioia.lavocedelpaese.info\/wp-content\/uploads\/2013\/03\/daniele-di-maglie-a-gioia2.JPG 640w, https:\/\/archiviogioia.lavocedelpaese.info\/wp-content\/uploads\/2013\/03\/daniele-di-maglie-a-gioia2-300x225.jpg 300w\" sizes=\"auto, (max-width: 320px) 100vw, 320px\" \/>Daniele Di Maglie d\u00e0 voce, speranza e interpreta questo indomito spirito<\/b>, in contrapposizione con la rassegnata accettazione di chi vede legata la propria, precaria sopravvivenza ai fumi di Sifone.<\/p>\n<p style=\"text-align: justify;\"><b>E lo fa con amore<\/b>, lo stesso che disegnando venature di pura poesia nella dura denuncia della sua satira, ne incrina la superficie. Sono i colori dei suoi ricordi, della sua infanzia <b>nel rione Tamburi<\/b>, degli odori nauseabondi, del ritmico pulsare degli altiforni &#8211; metronomo di accordi e pensieri -, di fragori e fantasmi di fumi che ammorbano il cielo. La musica pu\u00f2 esorcizzarli, ma non bonificare la realt\u00e0 n\u00e9 restituire salute a chi non l\u2019ha pi\u00f9.<\/p>\n<p style=\"text-align: justify;\">\u201c<b>Ho visto amici, conoscenti e parenti ammalarsi e morire. Nel rione Tamburi<\/b> l\u2019incidenza dei tumori \u00e8 quattro volte pi\u00f9 alta che altrove, non c\u2019\u00e8 un monitoraggio che colleghi questo dato alla presenza dell\u2019Ilva, ma \u00e8 evidente.\u201d<\/p>\n<p style=\"text-align: justify;\"><b>\u201cUn <span class=\"hascaption\">enorme traliccio segnava il confine con l\u2019area dismessa<\/span><\/b><span class=\"hascaption\"> un tempo <span class=\"hascaption\"><img loading=\"lazy\" decoding=\"async\" class=\" alignleft size-full wp-image-35533\" style=\"margin: 4px; float: left;\" alt=\"daniele-di-maglie-a-gioia4\" src=\"https:\/\/archiviogioia.lavocedelpaese.info\/wp-content\/uploads\/2013\/03\/daniele-di-maglie-a-gioia4.JPG\" height=\"320\" width=\"240\" srcset=\"https:\/\/archiviogioia.lavocedelpaese.info\/wp-content\/uploads\/2013\/03\/daniele-di-maglie-a-gioia4.JPG 384w, https:\/\/archiviogioia.lavocedelpaese.info\/wp-content\/uploads\/2013\/03\/daniele-di-maglie-a-gioia4-225x300.jpg 225w\" sizes=\"auto, (max-width: 240px) 100vw, 240px\" \/>propriet\u00e0 del Comune, l\u00ec &#8211; racconta Daniele &#8211; il fragore era intenso e bagliori fiammeggianti squarciavano il cielo a folate regolari, puntuali come pulsazioni elettriche. La terra tutta risentiva della pressione dei pistoni e delle macine e dei <span class=\"textexposedshow\">vasconi di raffreddamento. <b>Dai balconi vedevo il Sifone\u2026tum, tum, tum\u2026<\/b>\u201d<\/span><\/span><\/span><\/p>\n<p style=\"text-align: justify;\"><span class=\"textexposedshow\">Ed inizia il suo canto.<\/span><\/p>\n<p style=\"text-align: justify;\"><span class=\"textexposedshow\">\u201c<i>\u2026 Nessuno lo pu\u00f2 spegnere! Nelle sfumature viola, giallo, ocra si legge il futuro, i vecchi ricordano il colore indefinito della sua verginit\u00e0, colore che dura il tempo di un singhiozzo trangugiato dall\u2019aria. Polvere, panni stesi a gocciolare sangue\u2026 Tutto somiglia a una fabbrica, nel grigio quartiere Tamburi, anche le chiese<\/i>\u201d. <\/span><\/p>\n<p style=\"text-align: justify;\"><b>Il cantautore<\/b>, in risposta alle domande di Vanna Magistro, <b>confessa di avere un rapporto controverso con la sua citt\u00e0<\/b>, \u201c\u2026 \u00e8 ripiegata su se stessa, non offre spazi espressivi&#8230;\u201d . Vi torna per incontrare i suoi genitori e gli amici, pur vivendo e lavorando nel capoluogo come educatore in un centro diurno per disabili psichici, dopo aver conseguito la laurea in Scienze Politiche.<\/p>\n<p style=\"text-align: justify;\"><b>Al suo attivo un tour e numerosi premi per \u201cNon so pi\u00f9 cosa scrivo\u201d e \u201cLa ballata dei raminghi adirati\u201d<\/b>. Vanta, inoltre, collaborazioni di pregio con <strong>Simone Martorana, Crist\u00f2 e Giovanni Chiapparino, Lelio Mulas, Gianni Gelao e Caparezza<\/strong>, che ha arrangiato un suo brano: \u201cL\u2019uomo assente\u201d.<\/p>\n<p style=\"text-align: justify;\"><span class=\"textexposedshow\"><b><img loading=\"lazy\" decoding=\"async\" class=\" alignright size-full wp-image-35534\" style=\"margin: 4px; float: right;\" alt=\"daniele-di-maglie-a-gioia8\" src=\"https:\/\/archiviogioia.lavocedelpaese.info\/wp-content\/uploads\/2013\/03\/daniele-di-maglie-a-gioia8.JPG\" height=\"240\" width=\"320\" srcset=\"https:\/\/archiviogioia.lavocedelpaese.info\/wp-content\/uploads\/2013\/03\/daniele-di-maglie-a-gioia8.JPG 640w, https:\/\/archiviogioia.lavocedelpaese.info\/wp-content\/uploads\/2013\/03\/daniele-di-maglie-a-gioia8-300x225.jpg 300w\" sizes=\"auto, (max-width: 320px) 100vw, 320px\" \/>Ludovico Vico apprezza il contributo di Di Maglie, pur non essendo \u201cl\u2019interlocuzione per la soluzione\u201d <\/b>ed entra in argomento sul polo siderurgico (poeticamente ed etimologicamente definito \u201cpolvere di stelle\u201d). Lo fa accennando ad un relativismo culturale ed etico per poi passare alle logiche di mercato, al prodotto interno lordo, alle leggi nazionali sulla diossina, ai mesoteliomi\u2026 Esplora a 360\u00b0 le problematiche e tocca il tema della sostenibilit\u00e0, di un\u2019economia ambientale che sia anche socialmente compatibile. <b>Focalizza su tre elementi l\u2019azione politica<\/b> del Partito democratico: <b>qualit\u00e0 ambientale, sociale e investimento economico<\/b>. <\/span><\/p>\n<p style=\"text-align: justify;\"><span class=\"textexposedshow\">\u201cSe la sostenibilit\u00e0 viene vissuta come fatto comune &#8211; conclude -, l\u2019inquinamento ci deve stare o si chiudono le fabbriche\u201d.<\/span><\/p>\n<p style=\"text-align: justify;\"><b>Per Giovanni Nicastri<\/b> <i>\u201c\u2026<\/i>scontiamo la fine di un modello di sviluppo, di ritardi su politiche industriali. C\u2019\u00e8 il confronto, la disputa, ma la soluzione non arriva mai. Intanto la Cina rileva le industrie europee&#8230; Si pu\u00f2 salvare l\u2019Ilva e investire quattro miliardi per bonificare Taranto. Se il gruppo Riva non sosterr\u00e0 finanziariamente, si dovr\u00e0 procedere alla soluzione estrema: l\u2019esproprio di un impianto di interesse strategico nazionale. Se delegittimiamo le istituzioni, \u00e8 il gioco del qualunquismo storico e dell\u2019antipolitica\u201d.<img loading=\"lazy\" decoding=\"async\" class=\" alignleft size-full wp-image-35535\" style=\"margin: 4px; float: left;\" alt=\"daniele-di-maglie-a-gioia6\" src=\"https:\/\/archiviogioia.lavocedelpaese.info\/wp-content\/uploads\/2013\/03\/daniele-di-maglie-a-gioia6.JPG\" height=\"240\" width=\"320\" srcset=\"https:\/\/archiviogioia.lavocedelpaese.info\/wp-content\/uploads\/2013\/03\/daniele-di-maglie-a-gioia6.JPG 640w, https:\/\/archiviogioia.lavocedelpaese.info\/wp-content\/uploads\/2013\/03\/daniele-di-maglie-a-gioia6-300x225.jpg 300w\" sizes=\"auto, (max-width: 320px) 100vw, 320px\" \/><\/p>\n<p style=\"text-align: justify;\"><b>Daniele Di Maglie esprime il suo disincanto in merito non solo a parole, ma anche in musica<\/b> con il suo ultimo brano \u201cNon so dove andare\u201d.<\/p>\n<p style=\"text-align: justify;\">\u201c<i>Questa casa \u00e8 una fucina nera, piene di farfalle, fredde e gelide le mie lenzuola, dammi fuoco, dammi l\u2019amore\u2026<\/i>\u201d.<\/p>\n<p style=\"text-align: justify;\"><b>E forse<\/b> &#8211; al di l\u00e0 di tante promesse &#8211; <b>solo l\u2019amore, l\u2019orgoglio, il senso di appartenenza<\/b> ad una citt\u00e0 che coraggiosamente tenta di rigenerarsi e riconvertirsi, <b>potranno riscattare Taranto e diradare lo spettro della disoccupazione<\/b> e quei \u201cfumi\u201d cangianti che ancora incombono ed ammorbano il suo futuro.<\/p>\n<p><object width=\"640\" height=\"360\" data=\"https:\/\/www.youtube.com\/v\/q9gJ_isUkKk?version=3&amp;hl=it_IT&amp;rel=0\" type=\"application\/x-shockwave-flash\"><param name=\"movie\" value=\"https:\/\/www.youtube.com\/v\/q9gJ_isUkKk?version=3&amp;hl=it_IT&amp;rel=0\" \/><param name=\"allowFullScreen\" value=\"true\" \/><param name=\"allowscriptaccess\" value=\"always\" \/><\/object> <object type=\"application\/x-shockwave-flash\" width=\"660\" height=\"660\" flashvars=\"host=picasaweb.google.com&amp;hl=it&amp;feat=flashalbum&amp;RGB=0x000000&amp;feed=https:\/\/picasaweb.google.com\/data\/feed\/api\/user\/104626251937098962566\/albumid\/5851840516045776305?alt=rss&amp;kind=photo&amp;authkey=Gv1sRgCMjS7ozUlomgaA&amp;hl=it\" pluginspage=\"http:\/\/www.macromedia.com\/go\/getflashplayer\" data=\"https:\/\/picasaweb.google.com\/s\/c\/bin\/slideshow.swf\"><param name=\"movie\" value=\"https:\/\/picasaweb.google.com\/s\/c\/bin\/slideshow.swf\" \/><\/object><\/p>\n","protected":false},"excerpt":{"rendered":"","protected":false},"author":1,"featured_media":35528,"comment_status":"open","ping_status":"closed","sticky":false,"template":"","format":"standard","meta":{"colormag_page_container_layout":"default_layout","colormag_page_sidebar_layout":"default_layout","footnotes":""},"categories":[7],"tags":[],"class_list":["post-35537","post","type-post","status-publish","format-standard","has-post-thumbnail","hentry","category-attualita"],"_links":{"self":[{"href":"https:\/\/archiviogioia.lavocedelpaese.info\/index.php?rest_route=\/wp\/v2\/posts\/35537","targetHints":{"allow":["GET"]}}],"collection":[{"href":"https:\/\/archiviogioia.lavocedelpaese.info\/index.php?rest_route=\/wp\/v2\/posts"}],"about":[{"href":"https:\/\/archiviogioia.lavocedelpaese.info\/index.php?rest_route=\/wp\/v2\/types\/post"}],"author":[{"embeddable":true,"href":"https:\/\/archiviogioia.lavocedelpaese.info\/index.php?rest_route=\/wp\/v2\/users\/1"}],"replies":[{"embeddable":true,"href":"https:\/\/archiviogioia.lavocedelpaese.info\/index.php?rest_route=%2Fwp%2Fv2%2Fcomments&post=35537"}],"version-history":[{"count":0,"href":"https:\/\/archiviogioia.lavocedelpaese.info\/index.php?rest_route=\/wp\/v2\/posts\/35537\/revisions"}],"wp:featuredmedia":[{"embeddable":true,"href":"https:\/\/archiviogioia.lavocedelpaese.info\/index.php?rest_route=\/wp\/v2\/media\/35528"}],"wp:attachment":[{"href":"https:\/\/archiviogioia.lavocedelpaese.info\/index.php?rest_route=%2Fwp%2Fv2%2Fmedia&parent=35537"}],"wp:term":[{"taxonomy":"category","embeddable":true,"href":"https:\/\/archiviogioia.lavocedelpaese.info\/index.php?rest_route=%2Fwp%2Fv2%2Fcategories&post=35537"},{"taxonomy":"post_tag","embeddable":true,"href":"https:\/\/archiviogioia.lavocedelpaese.info\/index.php?rest_route=%2Fwp%2Fv2%2Ftags&post=35537"}],"curies":[{"name":"wp","href":"https:\/\/api.w.org\/{rel}","templated":true}]}}