{"id":35659,"date":"2013-03-08T07:04:34","date_gmt":"2013-03-08T07:04:34","guid":{"rendered":"https:\/\/archiviogioia.lavocedelpaese.info\/?p=35659"},"modified":"2013-03-08T07:04:34","modified_gmt":"2013-03-08T07:04:34","slug":"iniziata-con-simona-bucci-la-stagione-bella-del-rossini-3","status":"publish","type":"post","link":"https:\/\/archiviogioia.lavocedelpaese.info\/?p=35659","title":{"rendered":"INIZIATA CON SIMONA BUCCI LA \u201cSTAGIONE BELLA\u201d DEL ROSSINI"},"content":{"rendered":"<p>&nbsp;<img loading=\"lazy\" decoding=\"async\" class=\" size-full wp-image-35652\" style=\"margin-right: 2px; margin-left: 2px;\" alt=\"rossini-foyer-bucci-pp\" src=\"https:\/\/archiviogioia.lavocedelpaese.info\/wp-content\/uploads\/2013\/03\/rossini-foyer-bucci-pp.jpg\" height=\"150\" width=\"320\" srcset=\"https:\/\/archiviogioia.lavocedelpaese.info\/wp-content\/uploads\/2013\/03\/rossini-foyer-bucci-pp.jpg 640w, https:\/\/archiviogioia.lavocedelpaese.info\/wp-content\/uploads\/2013\/03\/rossini-foyer-bucci-pp-300x141.jpg 300w\" sizes=\"auto, (max-width: 320px) 100vw, 320px\" \/><\/p>\n<p><!--more--><\/p>\n<p style=\"margin-bottom: 0.0001pt; text-align: justify; line-height: normal;\"><img loading=\"lazy\" decoding=\"async\" class=\" alignleft size-full wp-image-35654\" style=\"margin: 4px; float: left;\" alt=\"SIMONA-BUCCI-teatro\" src=\"https:\/\/archiviogioia.lavocedelpaese.info\/wp-content\/uploads\/2013\/03\/SIMONA-BUCCI-teatro.jpg\" height=\"331\" width=\"240\" srcset=\"https:\/\/archiviogioia.lavocedelpaese.info\/wp-content\/uploads\/2013\/03\/SIMONA-BUCCI-teatro.jpg 600w, https:\/\/archiviogioia.lavocedelpaese.info\/wp-content\/uploads\/2013\/03\/SIMONA-BUCCI-teatro-218x300.jpg 218w\" sizes=\"auto, (max-width: 240px) 100vw, 240px\" \/>\u201c<i>La danza \u00e8 la pi\u00f9 sublime, la pi\u00f9 commovente, la pi\u00f9 bella fra tutte le arti, perch\u00e9 non \u00e8 una mera astrazione della vita, \u00e8 la vita stessa<\/i>\u201d. (Hernry Havelock Ellis)<\/p>\n<p style=\"margin-bottom: 0.0001pt; text-align: justify; line-height: normal;\"><b>E inizia con la danza la \u2018Stagione bella\u2019 del Rossini<\/b>. Stagione che promuove ad un prezzo speciale <b>sei spettacoli teatrali<\/b>, <b>quattro dei quali<\/b> facenti parte del curato cartellone di prosa \u2018<b>ConFine Rossini, del viaggio l\u2019inizio\u2019<\/b>.<\/p>\n<p style=\"margin-bottom: 0.0001pt; text-align: justify; line-height: normal;\">La danza, quindi. <b>La danza come scienza umana, come specchio<\/b> di visioni della societ\u00e0. La danza come possibilit\u00e0. <b>Possibilit\u00e0 di saper leggere le necessit\u00e0 di un popolo<\/b> e di un\u2019et\u00e0. La danza come <b>studio antropologico<\/b>, perch\u00e9 linguaggio universale. <b>Unico linguaggio capace di farsi comprendere<\/b> da popoli non aventi la stessa cultura, e non parlanti la stessa lingua.<\/p>\n<p style=\"margin-bottom: 0.0001pt; text-align: justify; line-height: normal;\"><b>La danza come arte di seduzione<\/b>, come estensione dell\u2019uomo attraverso il movimento. \u201c<i>Perch\u00e9 se fossi in un bar con un uomo che mi piace accanto, il modo di avvicinare il bicchiere alle labbra o di muovere le mie mani, sarebbe diverso rispetto ad una circostanza informale. E chiunque in quella occasione compirebbe la propria danza di seduzione<\/i>\u201d.<\/p>\n<p style=\"margin-bottom: 0.0001pt; text-align: justify; line-height: normal;\"><b>Cos\u00ec si esprime la ballerina e coreografa Simona Bucci<\/b>, in un momento del incontro nel foyer, avvenuto venerd\u00ec primo marzo, alle ore 18.15, <b>prima del suo spettacolo \u2018Indissolubile Eco\u2019<\/b>. E aggiunge: \u201c[\u2026] <i>Vorrei eliminare qualsiasi preconcetto legato all\u2019arte della danza: dal pregiudizio che la vede essere una disciplina pi\u00f9 adatta alle donne a quello che vede la danza classica come la base di qualsiasi tipo di danza<\/i>\u201d. \u201c<i>Se fosse cos\u00ec<\/i> \u2013 continua Simona Bucci \u2013 <i>non esisterebbe danza fino al 1700, quando quelle regole furono codificate<\/i> [\u2026]\u201d.<b><img loading=\"lazy\" decoding=\"async\" class=\" alignright size-full wp-image-35655\" style=\"margin: 4px; float: right;\" alt=\"simona-bucci2\" src=\"https:\/\/archiviogioia.lavocedelpaese.info\/wp-content\/uploads\/2013\/03\/simona-bucci2.jpg\" height=\"303\" width=\"240\" srcset=\"https:\/\/archiviogioia.lavocedelpaese.info\/wp-content\/uploads\/2013\/03\/simona-bucci2.jpg 655w, https:\/\/archiviogioia.lavocedelpaese.info\/wp-content\/uploads\/2013\/03\/simona-bucci2-238x300.jpg 238w\" sizes=\"auto, (max-width: 240px) 100vw, 240px\" \/><\/b><\/p>\n<p style=\"margin-bottom: 0.0001pt; text-align: justify; line-height: normal;\"><b>Parla, inoltre, dell\u2019excursus interessante avvenuto sul territorio gioiese<\/b>: dalle scuole elementari ai licei, sostenendo: \u201c<i>Il veicolo del teatro \u00e8 ad esempio un modo valido per aiutare bambini e ragazzi con problemi di socializzazione, perch\u00e9 insegna il rispetto del proprio corpo e del corpo altrui<\/i>\u201d. In proposito l\u2019Assessore alla Cultura, <b>Piera De Giorgi, afferma<\/b>: \u201c<i>La partecipazione \u00e8 stata cospicua, e la presenza della compagnia di danza Simona Bucci si \u00e8 sentita moltissimo \u2026 nel foyer non vi \u00e8 una grande affluenza, perch\u00e9 il riscontro \u00e8 gi\u00e0 avvenuto nei vari incontri che Simona ha avuto con i ragazzi del nostro territorio<\/i> [\u2026]\u201d.<\/p>\n<p style=\"margin-bottom: 0.0001pt; text-align: justify; line-height: normal;\"><b>Incontri che avverranno nel foyer del teatro Rossini per tutto il mese di marzo prima di ogni spettacolo teatrale<\/b>. \u201c<i>L\u2019obiettivo \u00e8 quello di dare un\u2019apertura, di costruire qualcosa di profondo fra gli autori, registi e attori, e il pubblico \u2026 perch\u00e9 il teatro altro non \u00e8 che un animale che si ciba delle nostre energie<\/i>\u201d, in questi termini si esprime <b>Mimmo Szost<\/b>, funzionario dell\u2019Ufficio Cultura del nostro Comune.<\/p>\n<p style=\"margin-bottom: 0.0001pt; text-align: justify; line-height: normal;\"><b>Tiene<\/b>, inoltre, <b>a ringraziare<\/b> il Sindaco <b>Sergio Povia<\/b>, e l\u2019Assessore alla Cultura Piera De Giorgi per la forza con la quale hanno voluto che il teatro si aprisse a nuovi stimoli. Tiene, infine, <b>a sottolineare l\u2019importanza della sinergia fra il Comune e <\/b>la Residenza stabile del teatro dato dalla compagnia di danza <b>Resextensa<\/b> \u2013 unica residenza di danza in Puglia e vincitore di un importante bando europeo \u2013, <b>presieduta da Elisa Barrucchieri<\/b>, la quale conclude: \u201c<i>Sono felice che l\u2019inizio di questo progetto sia dato dalla compagnia di danza Simona Bucci, che \u00e8 stata anche la mia maestra. Voglio impegnarmi affich\u00e8 il teatro diventi il fulcro della vita culturale cittadina \u2026 Punto d\u2019incontro e nascita di nuove idee<\/i> [\u2026]\u201d.<\/p>\n<p>&nbsp;<\/p>\n","protected":false},"excerpt":{"rendered":"<p>&nbsp;<\/p>\n","protected":false},"author":1,"featured_media":35652,"comment_status":"open","ping_status":"closed","sticky":false,"template":"","format":"standard","meta":{"colormag_page_container_layout":"default_layout","colormag_page_sidebar_layout":"default_layout","footnotes":""},"categories":[7],"tags":[],"class_list":["post-35659","post","type-post","status-publish","format-standard","has-post-thumbnail","hentry","category-attualita"],"_links":{"self":[{"href":"https:\/\/archiviogioia.lavocedelpaese.info\/index.php?rest_route=\/wp\/v2\/posts\/35659","targetHints":{"allow":["GET"]}}],"collection":[{"href":"https:\/\/archiviogioia.lavocedelpaese.info\/index.php?rest_route=\/wp\/v2\/posts"}],"about":[{"href":"https:\/\/archiviogioia.lavocedelpaese.info\/index.php?rest_route=\/wp\/v2\/types\/post"}],"author":[{"embeddable":true,"href":"https:\/\/archiviogioia.lavocedelpaese.info\/index.php?rest_route=\/wp\/v2\/users\/1"}],"replies":[{"embeddable":true,"href":"https:\/\/archiviogioia.lavocedelpaese.info\/index.php?rest_route=%2Fwp%2Fv2%2Fcomments&post=35659"}],"version-history":[{"count":0,"href":"https:\/\/archiviogioia.lavocedelpaese.info\/index.php?rest_route=\/wp\/v2\/posts\/35659\/revisions"}],"wp:featuredmedia":[{"embeddable":true,"href":"https:\/\/archiviogioia.lavocedelpaese.info\/index.php?rest_route=\/wp\/v2\/media\/35652"}],"wp:attachment":[{"href":"https:\/\/archiviogioia.lavocedelpaese.info\/index.php?rest_route=%2Fwp%2Fv2%2Fmedia&parent=35659"}],"wp:term":[{"taxonomy":"category","embeddable":true,"href":"https:\/\/archiviogioia.lavocedelpaese.info\/index.php?rest_route=%2Fwp%2Fv2%2Fcategories&post=35659"},{"taxonomy":"post_tag","embeddable":true,"href":"https:\/\/archiviogioia.lavocedelpaese.info\/index.php?rest_route=%2Fwp%2Fv2%2Ftags&post=35659"}],"curies":[{"name":"wp","href":"https:\/\/api.w.org\/{rel}","templated":true}]}}