{"id":3574,"date":"2010-07-29T06:00:28","date_gmt":"2010-07-29T06:00:28","guid":{"rendered":"https:\/\/archiviogioia.lavocedelpaese.info\/?p=3574"},"modified":"2010-07-29T06:00:28","modified_gmt":"2010-07-29T06:00:28","slug":"restituire-la-liberta-vera-fratellanza-fra-le-creature","status":"publish","type":"post","link":"https:\/\/archiviogioia.lavocedelpaese.info\/?p=3574","title":{"rendered":"RESTITUIRE LA LIBERTA\u2019, VERA FRATELLANZA FRA LE CREATURE"},"content":{"rendered":"<p><img loading=\"lazy\" decoding=\"async\" class=\" size-full wp-image-3565\" alt=\"grillaio-2\" src=\"https:\/\/archiviogioia.lavocedelpaese.info\/wp-content\/uploads\/2010\/07\/grillaio-2.jpg\" width=\"320\" height=\"150\" srcset=\"https:\/\/archiviogioia.lavocedelpaese.info\/wp-content\/uploads\/2010\/07\/grillaio-2.jpg 640w, https:\/\/archiviogioia.lavocedelpaese.info\/wp-content\/uploads\/2010\/07\/grillaio-2-300x141.jpg 300w\" sizes=\"auto, (max-width: 320px) 100vw, 320px\" \/> <\/p>\n<p><!--more--><\/p>\n<p style=\"text-align: justify;\"><strong><img loading=\"lazy\" decoding=\"async\" class=\" alignleft size-full wp-image-3566\" style=\"margin: 4px; float: left;\" alt=\"poianacalzata\" src=\"https:\/\/archiviogioia.lavocedelpaese.info\/wp-content\/uploads\/2010\/07\/poianacalzata.jpg\" width=\"173\" height=\"116\" srcset=\"https:\/\/archiviogioia.lavocedelpaese.info\/wp-content\/uploads\/2010\/07\/poianacalzata.jpg 425w, https:\/\/archiviogioia.lavocedelpaese.info\/wp-content\/uploads\/2010\/07\/poianacalzata-300x200.jpg 300w\" sizes=\"auto, (max-width: 173px) 100vw, 173px\" \/>Venerd\u00ec 30 luglio 2010<\/strong>, l\u2019Associazione <strong>WWF<\/strong> Gioia del Colle &#8211; Acquavi<strong><img loading=\"lazy\" decoding=\"async\" class=\" alignright size-full wp-image-3567\" style=\"margin: 4px; float: right;\" alt=\"Falco_peregrinus\" src=\"https:\/\/archiviogioia.lavocedelpaese.info\/wp-content\/uploads\/2010\/07\/Falco_peregrinus.jpg\" width=\"150\" height=\"115\" srcset=\"https:\/\/archiviogioia.lavocedelpaese.info\/wp-content\/uploads\/2010\/07\/Falco_peregrinus.jpg 800w, https:\/\/archiviogioia.lavocedelpaese.info\/wp-content\/uploads\/2010\/07\/Falco_peregrinus-300x229.jpg 300w, https:\/\/archiviogioia.lavocedelpaese.info\/wp-content\/uploads\/2010\/07\/Falco_peregrinus-768x587.jpg 768w\" sizes=\"auto, (max-width: 150px) 100vw, 150px\" \/><\/strong>va delle Fonti &#8211; Santeramo in Colle e l\u2019<strong>Osservatorio Faunistico Regionale<\/strong>, con il patrocinio del Comune di Gioia del Colle, invitano la cittadinanza alla \u201cGiornata <strong>della liberazione e re<\/strong><strong>introduzione in natura dell\u2019avifauna selvatica locale<\/strong>\u201d. L\u2019appuntamento \u00e8 fissato per le <strong>ore <st1:metricconverter productid=\"10.00 in\" w:st=\"on\">10.00 in<\/st1:metricconverter> piazza Margherita di<\/strong><strong> Savoia, nei pressi del Municipio di Gioia del Colle.<\/strong><\/p>\n<div style=\"text-align: justify;\"><\/div>\n<p style=\"text-align: justify;\"><strong>Un&#8217;occasione da non perdere<\/strong> per vivere l\u2019emozione di assistere alla reintroduzione di esemplari di <img loading=\"lazy\" decoding=\"async\" class=\" alignleft size-full wp-image-3568\" style=\"margin: 4px; float: left;\" alt=\"barbagianni\" src=\"https:\/\/archiviogioia.lavocedelpaese.info\/wp-content\/uploads\/2010\/07\/barbagianni.jpg\" width=\"110\" height=\"130\" srcset=\"https:\/\/archiviogioia.lavocedelpaese.info\/wp-content\/uploads\/2010\/07\/barbagianni.jpg 600w, https:\/\/archiviogioia.lavocedelpaese.info\/wp-content\/uploads\/2010\/07\/barbagianni-251x300.jpg 251w\" sizes=\"auto, (max-width: 110px) 100vw, 110px\" \/>avifauna riabilitati o pronti al primo volo.<strong><img loading=\"lazy\" decoding=\"async\" class=\" alignright size-full wp-image-3569\" style=\"margin: 4px; float: right;\" alt=\"ghiandaia\" src=\"https:\/\/archiviogioia.lavocedelpaese.info\/wp-content\/uploads\/2010\/07\/ghiandaia.jpg\" width=\"150\" height=\"117\" srcset=\"https:\/\/archiviogioia.lavocedelpaese.info\/wp-content\/uploads\/2010\/07\/ghiandaia.jpg 480w, https:\/\/archiviogioia.lavocedelpaese.info\/wp-content\/uploads\/2010\/07\/ghiandaia-300x234.jpg 300w\" sizes=\"auto, (max-width: 150px) 100vw, 150px\" \/><\/strong><\/p>\n<p style=\"text-align: justify;\"><strong>A conquistare il cielo<\/strong>, nella suggestiva cornice di Monte Sannace, saranno, <strong>Grillai<\/strong>, <strong>Ghe<\/strong><strong>ppi<\/strong>, <strong>Civette<\/strong>, <strong>Barbagianni<\/strong>, <strong>Gufi<\/strong>, <strong>Poiane<\/strong> e <strong>Ghiandaie<\/strong>, soccorsi e riabilitati grazie all\u2019impegno costante portato avanti da anni, dagli attivisti dell&#8217;Associazione, dal Centro di recupero di Bitetto e da tutti quei cittadini sensibili e attenti che hanno provveduto a segnalare e a consegnare in mani sicure gli animali rinvenuti in difficolt\u00e0.<\/p>\n<div style=\"text-align: justify;\"><\/div>\n<p style=\"text-align: justify;\"><strong>Il programma della giornata prevede<\/strong>:<\/p>\n<p style=\"text-align: justify;\"><strong>Ore 10.00<\/strong>: <strong>Incontro<\/strong> <strong>con la cittadinanza automunita<\/strong> presso la Piazza antistante il Palazzo Municipale di San Domenico di Gioia del Colle;<strong><img loading=\"lazy\" decoding=\"async\" class=\" alignright size-full wp-image-1277\" style=\"margin: 4px; float: right;\" alt=\"image001\" src=\"https:\/\/archiviogioia.lavocedelpaese.info\/wp-content\/uploads\/2010\/04\/image001.jpg\" width=\"112\" height=\"112\" \/><\/strong><\/p>\n<p style=\"text-align: justify;\"><strong>Ore 10.20<\/strong>: <strong>Partenza<\/strong> per Monte Sannace;<\/p>\n<p style=\"text-align: justify;\"><strong>Ore 10.30<\/strong>: <strong>Arrivo<\/strong> presso la struttura di <strong>Monte Sannace,<\/strong> presentazione dell\u2019evento e proiezione, all\u2019interno della Chiesa dell&#8217;Annunziata, di un breve documentario sul \u201cFalco Naumanni\u201d\u00a0 a cura del WWF Gioia &#8211; Acquaviva &#8211; Santeramo;<\/p>\n<p style=\"text-align: justify;\"><strong>Ore 10.45<\/strong>: <strong>Liberazione<\/strong> degli animali;<img loading=\"lazy\" decoding=\"async\" class=\" alignright size-full wp-image-3570\" style=\"margin: 4px; float: right;\" alt=\"gheppi\" src=\"https:\/\/archiviogioia.lavocedelpaese.info\/wp-content\/uploads\/2010\/07\/gheppi.jpg\" width=\"133\" height=\"181\" srcset=\"https:\/\/archiviogioia.lavocedelpaese.info\/wp-content\/uploads\/2010\/07\/gheppi.jpg 628w, https:\/\/archiviogioia.lavocedelpaese.info\/wp-content\/uploads\/2010\/07\/gheppi-221x300.jpg 221w\" sizes=\"auto, (max-width: 133px) 100vw, 133px\" \/><\/p>\n<p style=\"text-align: justify;\"><strong>Restituire <\/strong><strong><img loading=\"lazy\" decoding=\"async\" class=\" alignleft size-full wp-image-3571\" style=\"margin: 4px; float: left;\" alt=\"falco_pellegrino1\" src=\"https:\/\/archiviogioia.lavocedelpaese.info\/wp-content\/uploads\/2010\/07\/falco_pellegrino1.jpg\" width=\"150\" height=\"112\" srcset=\"https:\/\/archiviogioia.lavocedelpaese.info\/wp-content\/uploads\/2010\/07\/falco_pellegrino1.jpg 448w, https:\/\/archiviogioia.lavocedelpaese.info\/wp-content\/uploads\/2010\/07\/falco_pellegrino1-300x225.jpg 300w\" sizes=\"auto, (max-width: 150px) 100vw, 150px\" \/><\/strong><strong>la libert\u00e0 <\/strong>ad un essere vivente che l\u2019aveva perduta \u00e8 forse il <strong>gesto<\/strong> pi\u00f9 significativo che l\u2019uomo possa compiere sul cammino di riconciliazione con la Natura, <strong>che oggi pi\u00f9 che mai \u00e8 necessario intraprendere<\/strong>.<\/p>\n<p style=\"text-align: justify;\"><strong>In quell&#8217;attimo fugace in cui il Falco s&#8217;invola <\/strong>dalle mani dell&#8217;uomo, nello scintillio fulmineo dei suoi occhi spalancati che corrono a scrutare un orizzonte da conquistare, nel brivido adrenalinico di quel lancio, che attraversa insieme, l&#8217;animale e l&#8217;uomo, <strong>si nasconde l&#8217;essenza pi\u00f9 vera<\/strong> di quel segreto perduto, che \u00e8 <strong>la fratellanza tra tutte le creature<\/strong>, fratellanza che non conosce limiti di specie.<br \/> <strong>La riscoperta di quel segreto meraviglioso <img loading=\"lazy\" decoding=\"async\" class=\" alignleft size-full wp-image-3572\" style=\"margin: 4px; float: left;\" alt=\"poiana\" src=\"https:\/\/archiviogioia.lavocedelpaese.info\/wp-content\/uploads\/2010\/07\/poiana.jpg\" width=\"120\" height=\"149\" srcset=\"https:\/\/archiviogioia.lavocedelpaese.info\/wp-content\/uploads\/2010\/07\/poiana.jpg 482w, https:\/\/archiviogioia.lavocedelpaese.info\/wp-content\/uploads\/2010\/07\/poiana-242x300.jpg 242w\" sizes=\"auto, (max-width: 120px) 100vw, 120px\" \/>deve diventare oggi l&#8217;obiettivo primario<\/strong><strong><img loading=\"lazy\" decoding=\"async\" class=\" alignright size-full wp-image-3573\" style=\"margin: 4px; float: right;\" alt=\"a_Falco_tinnunculus_3\" src=\"https:\/\/archiviogioia.lavocedelpaese.info\/wp-content\/uploads\/2010\/07\/a_Falco_tinnunculus_3.jpg\" width=\"177\" height=\"140\" srcset=\"https:\/\/archiviogioia.lavocedelpaese.info\/wp-content\/uploads\/2010\/07\/a_Falco_tinnunculus_3.jpg 526w, https:\/\/archiviogioia.lavocedelpaese.info\/wp-content\/uploads\/2010\/07\/a_Falco_tinnunculus_3-300x237.jpg 300w\" sizes=\"auto, (max-width: 177px) 100vw, 177px\" \/><\/strong> dell&#8217;Umanit\u00e0 per la sua stessa salvezza, perch\u00e9 \u00e8 solo nella comprensione profonda di quel segreto, che l\u2019uomo pu\u00f2 involarsi con falco e al suo fianco, conquistare gli orizzonti di un futuro sostenibile.<\/p>\n<p style=\"text-align: justify;\">Un appuntamento &#8220;Dedicato a quegli sguardi impauriti nel momento della liberazione, a quei voli e a quelle corse verso la libert\u00e0&#8221;. (&#8220;Nati liberi&#8221;) e a tutti quei cittadini attenti e sensibili, senza dei quali molte ali non avrebbero mai accarezzato il cielo. Grazie!<\/p>\n<div style=\"text-align: justify;\"><\/div>\n<p style=\"text-align: justify;\"><strong>Vi aspettiamo, non mancate!<\/strong><\/p>\n<p><object data=\"http:\/\/www.youtube.com\/v\/cCoPecAQN2M&amp;color1=0xb1b1b1&amp;color2=0xd0d0d0&amp;hl=it_IT&amp;feature=player_embedded&amp;fs=1\" type=\"application\/x-shockwave-flash\" height=\"385\" width=\"640\"><param name=\"allowfullscreen\" value=\"true\" \/><param name=\"allowscriptaccess\" value=\"always\" \/><param name=\"src\" value=\"http:\/\/www.youtube.com\/v\/cCoPecAQN2M&amp;color1=0xb1b1b1&amp;color2=0xd0d0d0&amp;hl=it_IT&amp;feature=player_embedded&amp;fs=1\" \/><\/object><\/p>\n","protected":false},"excerpt":{"rendered":"","protected":false},"author":1,"featured_media":3565,"comment_status":"open","ping_status":"closed","sticky":false,"template":"","format":"standard","meta":{"colormag_page_container_layout":"default_layout","colormag_page_sidebar_layout":"default_layout","footnotes":""},"categories":[6],"tags":[],"class_list":["post-3574","post","type-post","status-publish","format-standard","has-post-thumbnail","hentry","category-cultura"],"_links":{"self":[{"href":"https:\/\/archiviogioia.lavocedelpaese.info\/index.php?rest_route=\/wp\/v2\/posts\/3574","targetHints":{"allow":["GET"]}}],"collection":[{"href":"https:\/\/archiviogioia.lavocedelpaese.info\/index.php?rest_route=\/wp\/v2\/posts"}],"about":[{"href":"https:\/\/archiviogioia.lavocedelpaese.info\/index.php?rest_route=\/wp\/v2\/types\/post"}],"author":[{"embeddable":true,"href":"https:\/\/archiviogioia.lavocedelpaese.info\/index.php?rest_route=\/wp\/v2\/users\/1"}],"replies":[{"embeddable":true,"href":"https:\/\/archiviogioia.lavocedelpaese.info\/index.php?rest_route=%2Fwp%2Fv2%2Fcomments&post=3574"}],"version-history":[{"count":0,"href":"https:\/\/archiviogioia.lavocedelpaese.info\/index.php?rest_route=\/wp\/v2\/posts\/3574\/revisions"}],"wp:featuredmedia":[{"embeddable":true,"href":"https:\/\/archiviogioia.lavocedelpaese.info\/index.php?rest_route=\/wp\/v2\/media\/3565"}],"wp:attachment":[{"href":"https:\/\/archiviogioia.lavocedelpaese.info\/index.php?rest_route=%2Fwp%2Fv2%2Fmedia&parent=3574"}],"wp:term":[{"taxonomy":"category","embeddable":true,"href":"https:\/\/archiviogioia.lavocedelpaese.info\/index.php?rest_route=%2Fwp%2Fv2%2Fcategories&post=3574"},{"taxonomy":"post_tag","embeddable":true,"href":"https:\/\/archiviogioia.lavocedelpaese.info\/index.php?rest_route=%2Fwp%2Fv2%2Ftags&post=3574"}],"curies":[{"name":"wp","href":"https:\/\/api.w.org\/{rel}","templated":true}]}}