{"id":35774,"date":"2013-03-11T05:58:18","date_gmt":"2013-03-11T05:58:18","guid":{"rendered":"https:\/\/archiviogioia.lavocedelpaese.info\/?p=35774"},"modified":"2013-03-11T05:58:18","modified_gmt":"2013-03-11T05:58:18","slug":"falo-e-bookcrossing-in-libridi-un-sogno-linizio","status":"publish","type":"post","link":"https:\/\/archiviogioia.lavocedelpaese.info\/?p=35774","title":{"rendered":"FAL\u00d3 E BOOKCROSSING IN \u201cLIBRI\u2026DI UN SOGNO L\u2019INIZIO\u201d"},"content":{"rendered":"<p><img loading=\"lazy\" decoding=\"async\" class=\" size-full wp-image-8748\" style=\"margin-right: 2px; margin-left: 2px;\" alt=\"falo-san-giuseppe-pp\" src=\"https:\/\/archiviogioia.lavocedelpaese.info\/wp-content\/uploads\/2011\/03\/falo-san-giuseppe-pp.jpg\" height=\"150\" width=\"320\" srcset=\"https:\/\/archiviogioia.lavocedelpaese.info\/wp-content\/uploads\/2011\/03\/falo-san-giuseppe-pp.jpg 640w, https:\/\/archiviogioia.lavocedelpaese.info\/wp-content\/uploads\/2011\/03\/falo-san-giuseppe-pp-300x141.jpg 300w\" sizes=\"auto, (max-width: 320px) 100vw, 320px\" \/><\/p>\n<p><!--more--><\/p>\n<p style=\"text-align: justify;\"><img loading=\"lazy\" decoding=\"async\" class=\" alignleft size-full wp-image-35768\" style=\"margin: 4px; float: left;\" alt=\"bookcrossing html\" src=\"https:\/\/archiviogioia.lavocedelpaese.info\/wp-content\/uploads\/2013\/03\/bookcrossing_html.jpg\" height=\"214\" width=\"320\" srcset=\"https:\/\/archiviogioia.lavocedelpaese.info\/wp-content\/uploads\/2013\/03\/bookcrossing_html.jpg 310w, https:\/\/archiviogioia.lavocedelpaese.info\/wp-content\/uploads\/2013\/03\/bookcrossing_html-300x200.jpg 300w\" sizes=\"auto, (max-width: 320px) 100vw, 320px\" \/>\u201c<b>Torna<\/b>, nella sua seconda edizione, \u201c<b>Libri \u2026. di un sogno l\u2019inizio<\/b>\u201d, <i>bookcrossing <\/i>a cura del \u201c<b>Presidio del libro<\/b>\u201d di Gioia del Colle e dell\u2019Associazione culturale <b>Polifonie<\/b>.<\/p>\n<p style=\"text-align: justify;\">Riparte dunque, <b>presso la Biblioteca Comunale, la raccolta preliminare di libri<\/b> (di qualsiasi genere e per qualsiasi et\u00e0), che ciascuno di voi vorr\u00e0 mettere a disposizione <b>per lo scambio<\/b>. Lo <b>scopo<\/b> della raccolta \u00e8 quello di <b>avere materiale sufficiente per allestire uno stand<\/b> nel corso del nuovo evento che le associazioni gioiesi promuovono per <b>il prossimo<\/b> <b>19 marzo<\/b>, giorno di <b>San Giuseppe<\/b>, e che animer\u00e0 una parte del centro storico con i tradizionali <b>fal\u00f2<\/b>.<\/p>\n<p style=\"text-align: justify;\">Nel corso dell\u2019evento, <b>troverete lo stand<\/b> del Presidio del libro <b>in<\/b> <b>via Donato Boscia<\/b>, nei pressi della locale sede del C.A.I. e di U\u00e8ffilo Jazz Club.<\/p>\n<p style=\"text-align: justify;\"><b><img loading=\"lazy\" decoding=\"async\" class=\" alignright size-full wp-image-35770\" style=\"margin: 4px; float: right;\" alt=\"bookcrossing-22\" src=\"https:\/\/archiviogioia.lavocedelpaese.info\/wp-content\/uploads\/2013\/03\/bookcrossing-22.jpg\" height=\"179\" width=\"320\" srcset=\"https:\/\/archiviogioia.lavocedelpaese.info\/wp-content\/uploads\/2013\/03\/bookcrossing-22.jpg 600w, https:\/\/archiviogioia.lavocedelpaese.info\/wp-content\/uploads\/2013\/03\/bookcrossing-22-300x168.jpg 300w\" sizes=\"auto, (max-width: 320px) 100vw, 320px\" \/>I libri lasciati in custodia in Biblioteca potrete scambiarli nel corso della manifestazione<\/b>, quando sul nostro stand esporremo tutto il materiale raccolto.<\/p>\n<p style=\"text-align: justify;\">Ovviamente, anche quel giorno potrete venirci a trovare con i vostri libri, se non avrete potuto portarli in biblioteca, anche se <b>preferiremmo, per motivi strettamente organizzativi, averli a disposizione prima<\/b>.<\/p>\n<p style=\"text-align: justify;\">Raccomandiamo agli interessati di <b>cominciare a pensare ai libri che si vogliono \u201cinvestire\u201d nello scambio<\/b>. La modalit\u00e0 sar\u00e0 quella del classico baratto:&nbsp; si potr\u00e0 prendere un numero di libri pari a quello che si lascia.<\/p>\n<p style=\"text-align: justify;\"><b>Coloro che hanno preso parte alla prima edizione <\/b>del <i>bookcrossing<\/i> <b>potranno<\/b>, ovviamente, <b>tornare <\/b>a trovarci e, se ritengono, <img loading=\"lazy\" decoding=\"async\" class=\" alignleft size-full wp-image-35772\" style=\"margin: 4px; float: left;\" alt=\"Bookcrossing picnic DSC08201 C\" src=\"https:\/\/archiviogioia.lavocedelpaese.info\/wp-content\/uploads\/2013\/03\/Bookcrossing_picnic_DSC08201_C.jpeg\" height=\"166\" width=\"320\" srcset=\"https:\/\/archiviogioia.lavocedelpaese.info\/wp-content\/uploads\/2013\/03\/Bookcrossing_picnic_DSC08201_C.jpeg 564w, https:\/\/archiviogioia.lavocedelpaese.info\/wp-content\/uploads\/2013\/03\/Bookcrossing_picnic_DSC08201_C-300x155.jpeg 300w\" sizes=\"auto, (max-width: 320px) 100vw, 320px\" \/>scambiare i libri che hanno preso la volta precedente!<\/p>\n<p style=\"text-align: justify;\">Ed, infine, ricordate che il <i>bookcrossing<\/i> vi permetter\u00e0 di <b>leggere nuovi libri a costo zero<\/b>, aspetto niente affatto irrilevante!<\/p>\n<p style=\"text-align: justify;\"><b>La Biblioteca<\/b> di Gioia del Colle, partner privilegiato dei Pres\u00ecdi del Libro, si rende <b>disponibile<\/b> per la raccolta <b>nei seguenti giorni<\/b> e con i seguenti orari:<\/p>\n<div style=\"text-align: justify;\"><b>Luned\u00ec \u2013 Venerd\u00ec<\/b>: ore 9.30 \u2013 12.30<\/div>\n<div style=\"text-align: justify;\"><b>Luned\u00ec, marted\u00ec, gioved\u00ec<\/b>:<b> <\/b>ore 15.30 &#8211; 18.30<\/div>\n<p style=\"text-align: justify;\">Un ringraziamento particolare all\u2019<b>Amministrazione comunale<\/b> per il suo patrocinio, alla <b>Biblioteca di Gioia del Colle<\/b>, alla direttrice ed a tutti i suoi collaboratori, per la sensibilit\u00e0 e la disponibilit\u00e0 sempre mostrate nei confronti del nostro Presidio.<\/p>\n<p style=\"text-align: right;\"><b>Orietta Limitone<\/b> \u2013 Responsabile del Presidio del libro di Gioia del Colle\u201d<\/p>\n<p>&nbsp;<\/p>\n","protected":false},"excerpt":{"rendered":"","protected":false},"author":1,"featured_media":8748,"comment_status":"open","ping_status":"closed","sticky":false,"template":"","format":"standard","meta":{"colormag_page_container_layout":"default_layout","colormag_page_sidebar_layout":"default_layout","footnotes":""},"categories":[7],"tags":[],"class_list":["post-35774","post","type-post","status-publish","format-standard","has-post-thumbnail","hentry","category-attualita"],"_links":{"self":[{"href":"https:\/\/archiviogioia.lavocedelpaese.info\/index.php?rest_route=\/wp\/v2\/posts\/35774","targetHints":{"allow":["GET"]}}],"collection":[{"href":"https:\/\/archiviogioia.lavocedelpaese.info\/index.php?rest_route=\/wp\/v2\/posts"}],"about":[{"href":"https:\/\/archiviogioia.lavocedelpaese.info\/index.php?rest_route=\/wp\/v2\/types\/post"}],"author":[{"embeddable":true,"href":"https:\/\/archiviogioia.lavocedelpaese.info\/index.php?rest_route=\/wp\/v2\/users\/1"}],"replies":[{"embeddable":true,"href":"https:\/\/archiviogioia.lavocedelpaese.info\/index.php?rest_route=%2Fwp%2Fv2%2Fcomments&post=35774"}],"version-history":[{"count":0,"href":"https:\/\/archiviogioia.lavocedelpaese.info\/index.php?rest_route=\/wp\/v2\/posts\/35774\/revisions"}],"wp:featuredmedia":[{"embeddable":true,"href":"https:\/\/archiviogioia.lavocedelpaese.info\/index.php?rest_route=\/wp\/v2\/media\/8748"}],"wp:attachment":[{"href":"https:\/\/archiviogioia.lavocedelpaese.info\/index.php?rest_route=%2Fwp%2Fv2%2Fmedia&parent=35774"}],"wp:term":[{"taxonomy":"category","embeddable":true,"href":"https:\/\/archiviogioia.lavocedelpaese.info\/index.php?rest_route=%2Fwp%2Fv2%2Fcategories&post=35774"},{"taxonomy":"post_tag","embeddable":true,"href":"https:\/\/archiviogioia.lavocedelpaese.info\/index.php?rest_route=%2Fwp%2Fv2%2Ftags&post=35774"}],"curies":[{"name":"wp","href":"https:\/\/api.w.org\/{rel}","templated":true}]}}