{"id":36620,"date":"2013-03-26T07:44:15","date_gmt":"2013-03-26T07:44:15","guid":{"rendered":"https:\/\/archiviogioia.lavocedelpaese.info\/?p=36620"},"modified":"2013-03-26T07:44:15","modified_gmt":"2013-03-26T07:44:15","slug":"mimmo-castellano-un-gioiese-come-noi-famoso-nel-mondo-2","status":"publish","type":"post","link":"https:\/\/archiviogioia.lavocedelpaese.info\/?p=36620","title":{"rendered":"MIMMO CASTELLANO, &#8220;UN GIOIESE COME NOI&#8221; FAMOSO NEL MONDO"},"content":{"rendered":"<p><img loading=\"lazy\" decoding=\"async\" class=\" size-full wp-image-8303\" style=\"margin-right: 2px; margin-left: 2px;\" alt=\"mimmo-castellano-pp\" src=\"https:\/\/archiviogioia.lavocedelpaese.info\/wp-content\/uploads\/2011\/03\/mimmo-castellano-pp.jpg\" height=\"150\" width=\"320\" srcset=\"https:\/\/archiviogioia.lavocedelpaese.info\/wp-content\/uploads\/2011\/03\/mimmo-castellano-pp.jpg 640w, https:\/\/archiviogioia.lavocedelpaese.info\/wp-content\/uploads\/2011\/03\/mimmo-castellano-pp-300x141.jpg 300w\" sizes=\"auto, (max-width: 320px) 100vw, 320px\" \/><\/p>\n<p><!--more--><\/p>\n<p style=\"line-height: normal; text-align: center;\"><strong><em>(L\u2019opera Fotografica di Mimmo Castellano negli anni 60)<\/em><\/strong><\/p>\n<h4 style=\"margin-bottom: 0.0001pt; line-height: normal; text-align: justify;\">&nbsp;&nbsp;&nbsp;&nbsp;&nbsp;&nbsp;&nbsp;&nbsp;&nbsp;&nbsp;&nbsp;&nbsp;&nbsp;&nbsp;&nbsp;&nbsp;&nbsp;&nbsp;&nbsp;&nbsp;&nbsp;&nbsp;&nbsp;&nbsp;&nbsp;&nbsp;&nbsp;&nbsp;&nbsp;&nbsp;&nbsp;&nbsp;&nbsp;&nbsp;&nbsp;&nbsp;&nbsp;&nbsp;&nbsp;&nbsp;&nbsp;&nbsp;&nbsp;&nbsp;&nbsp;&nbsp; &nbsp;&nbsp; <b> LO \u201cSGUARDO\u201d DI UN PROVINCIALE<\/b><\/h4>\n<p style=\"margin-bottom: 0.0001pt; text-align: justify; line-height: normal;\"><img loading=\"lazy\" decoding=\"async\" class=\" alignleft size-full wp-image-36605\" style=\"margin: 4px; float: left;\" alt=\"mimmo-castellano1\" src=\"https:\/\/archiviogioia.lavocedelpaese.info\/wp-content\/uploads\/2013\/03\/mimmo-castellano1.jpg\" height=\"320\" width=\"240\" srcset=\"https:\/\/archiviogioia.lavocedelpaese.info\/wp-content\/uploads\/2013\/03\/mimmo-castellano1.jpg 600w, https:\/\/archiviogioia.lavocedelpaese.info\/wp-content\/uploads\/2013\/03\/mimmo-castellano1-225x300.jpg 225w\" sizes=\"auto, (max-width: 240px) 100vw, 240px\" \/>Il periodo degli anni 60 pu\u00f2 essere considerato per la lunga carriera di Mimmo Castellano, un \u201c<i>ponte<\/i>\u201d che ha unito le due sponde opposte del suo lavoro di grafico e di designer, quello del \u201c<b><i>periodo Barese<\/i><\/b>\u201d svoltosi negli anni 50 fino al 62, ed il lungo \u201c<b><i>capitolo Milanese<\/i><\/b>\u201d iniziato nel 67 e che si protrae fino ai giorni nostri.<\/p>\n<p style=\"margin-bottom: 0.0001pt; text-align: justify; line-height: normal;\">Nel 1962 il suo intenso lavoro di grafico svoltosi nella la citt\u00e0 di Bari, che lo aveva visto \u201c<b><i>protagonista creativo<\/i><\/b>\u201d per le pi\u00f9 grosse Aziende di quel periodo, come RAI \u2013ITALSIDER \u2013ENI \u2013FIERA DEL LEVANTE ecc. sub\u00ec una battuta d\u2019arresto, a causa di un improvviso cambiamento dell\u2019ambiente Politico-Sociale italiano. Il \u201c<i>qualunquismo indiscriminato<\/i>\u201d aveva preso il posto della \u201c<i>meritocrazia<\/i>\u201d, e quel fenomeno purtroppo sarebbe stato destinato a degenerare, fino a culminare esattamente trent\u2019anni dopo, nella vicenda Giudiziaria di \u201c<i>Tangentopoli<\/i>\u201d, ed il crollo del partito di Craxi.<\/p>\n<p style=\"margin-bottom: 0.0001pt; text-align: justify; line-height: normal;\">Contrariamente a quello che si possa pensare, il \u201c<i>periodo Barese<\/i>\u201d, a giudizio insindacabile dello stesso Castellano, fu il pi\u00f9 importante per la sua carriera, non a caso presso la Biblioteca Comunale di Gioia del Colle esiste un grosso volume enciclopedico che tratta la storia della \u201c<i>FIERA DEL LEVANTE<\/i>\u201d, di cui un intero capitolo \u00e8 dedicato all\u2019\u201d<i>OPERA GRAFICA<\/i>\u201d di Mimmo Castellano, prodotta in tanti anni per quell\u2019Ente, fra i pi\u00f9 importanti del sud Italia.<\/p>\n<p style=\"margin-bottom: 0.0001pt; text-align: justify; line-height: normal;\">Dal 59 al 67, poco meno di un decennio, Castellano comp\u00ec invece una ricca produzione fotografica, raccolta in ben cinque libri, editi da importanti case Editrici del periodo. I libri erano: <b><i>La valle dei trulli \u2013 Moods -San Tomaso in Puglia- Paese Lucano -Noi vivi -Terra di Bari<\/i><\/b>.<\/p>\n<p style=\"margin-bottom: 0.0001pt; text-align: justify; line-height: normal;\"><img loading=\"lazy\" decoding=\"async\" class=\" alignright size-full wp-image-36608\" style=\"margin: 4px; float: right;\" alt=\"mimmo-castellano2\" src=\"https:\/\/archiviogioia.lavocedelpaese.info\/wp-content\/uploads\/2013\/03\/mimmo-castellano2.jpg\" height=\"240\" width=\"320\" srcset=\"https:\/\/archiviogioia.lavocedelpaese.info\/wp-content\/uploads\/2013\/03\/mimmo-castellano2.jpg 800w, https:\/\/archiviogioia.lavocedelpaese.info\/wp-content\/uploads\/2013\/03\/mimmo-castellano2-300x225.jpg 300w, https:\/\/archiviogioia.lavocedelpaese.info\/wp-content\/uploads\/2013\/03\/mimmo-castellano2-768x576.jpg 768w\" sizes=\"auto, (max-width: 320px) 100vw, 320px\" \/>Il primo di questi fu <i>LA VALLE DEI TRULLI<\/i> del 1959, segu\u00ec un anno dopo un libro singolare forse unico nel suo genere, che colp\u00ec particolarmente la \u201cCritica\u201d, la quale connot\u00f2 l\u2019autore come \u201c<b><i>innovatore della fotografia italiana<\/i><\/b><i>\u201d, <\/i>il libro si intitolava<i> MOOODS<\/i>, di cui tratteremo i particolari pi\u00f9 avanti.<\/p>\n<p style=\"margin-bottom: 0.0001pt; text-align: justify; line-height: normal;\">Il 1965 fu l\u2019anno del volume <i>PAESE LUCANO<\/i>. Se con \u201c<i>Moods\u201d<\/i> Castellano aveva guadagnato il primato di \u201cinnovatore della fotografia\u201d, con <i>PAESE LUCANO rivisitando il genere ormai consolidato del \u201cNeorealismo Fotografico\u201dcon il suo \u201csguardo da fotografo provinciale\u201d, <\/i>Castellano riusciva ad ottenere dal critico <i>ITALO ZANNIER <\/i> la lode di <i>PIU\u2019 BEL LIBRO FOTOGRAFICO DI TUTTO IL DOPOGUERRA (ovvero degli ultimi vent\u2019anni). <\/i>Con quella definizione dunque il nome di<b> Mimmo Castellano<\/b> si affiancava o addirittura superava i nomi dei maggiori esponenti di quel \u201c<i>genere fotografico<\/i>\u201d come<b> Mario de Biasi, Federico Patellani, Ferdinando Scianna, Berengo Gardin<\/b>.<\/p>\n<p style=\"margin-bottom: 0.0001pt; text-align: justify; line-height: normal;\"><i> <\/i>Si potrebbe ipotizzare<i> che PAESE LUCANO<\/i> fosse ispirato ad un libro che dieci anni prima aveva riscosso un enorme successo nell\u2019ambiente fotografico, tanto da diventare quello che oggi si definirebbe un <i>CULT.<\/i> Quel libro si intitolava <i>UN PAESE, <\/i>prodotto dal fotografo americano <i>PAUL STRAND<\/i>, <img loading=\"lazy\" decoding=\"async\" class=\" alignleft size-full wp-image-36610\" style=\"margin: 4px; float: left;\" alt=\"mimmo-castellano3\" src=\"https:\/\/archiviogioia.lavocedelpaese.info\/wp-content\/uploads\/2013\/03\/mimmo-castellano3.jpg\" height=\"240\" width=\"320\" srcset=\"https:\/\/archiviogioia.lavocedelpaese.info\/wp-content\/uploads\/2013\/03\/mimmo-castellano3.jpg 800w, https:\/\/archiviogioia.lavocedelpaese.info\/wp-content\/uploads\/2013\/03\/mimmo-castellano3-300x225.jpg 300w, https:\/\/archiviogioia.lavocedelpaese.info\/wp-content\/uploads\/2013\/03\/mimmo-castellano3-768x576.jpg 768w\" sizes=\"auto, (max-width: 320px) 100vw, 320px\" \/>venuto Italia a met\u00e0 degli anni 50 per fotografare i \u201c<i>paesi\u201d<\/i> della penisola ed<i> \u201ci suoi abitanti<\/i>\u201d durante il periodo della \u201c<i>ricostruzione\u201d<\/i>, in particolare il libro aveva come soggetto un paese dell\u2019Emilia Romagna di nome <i>LUZZARA.<\/i><\/p>\n<p style=\"margin-bottom: 0.0001pt; text-align: justify; line-height: normal;\">La peculiarit\u00e0 di <i>PAESE LUCANO<\/i> era quindi non solo quella di essere stato realizzato da un fotografo <i>semisconosciuto<\/i> \u201c<i>di provincia\u201d<\/i>, ma anche quella di essere divenuto un <i>CAPOLAVORO, <\/i> quando il periodo del<i> \u201cneorealismo\u201d <\/i>e della \u201c<i>ricostruzione\u201d<\/i> si considerava gi\u00e0 concluso da un pezzo, quindi nel bel mezzo degli anni del \u201c<i>boom economico\u201d<\/i>. Per compiere quell\u2019intenso lavoro fotografico Castellano gir\u00f2 in lungo ed in largo la Lucania per ben tre mesi. <i>Con un\u2019automobile dell\u2019epoca e soprattutto su quelle strade della Lucania, dev\u2019essere stata proprio una bella <\/i>avventura<i> !<\/i><\/p>\n<p style=\"margin-bottom: 0.0001pt; text-align: justify; line-height: normal;\">Poi nel 66 fu la volta di <i>NOI VIVI, <\/i>un singolare libro di piccolo formato, che aveva come co-autore per la parte \u201c<i>letteraria\u201d UMBERTO ECO.<\/i> Il tema fotografico era pi\u00f9 particolare che mai: \u201c<i>le lapidi con le loro epigrafi nei cimiteri del Salento\u201d.<\/i> Nel 67 il bellissimo libro <i>TERRA DI BARI<\/i> corollava quel fortunato e prolifico periodo di produzione fotografica di MIMMO CASTELLANO, di l\u00ec a poco infatti il nostro concittadino si sarebbe definitivamente <img loading=\"lazy\" decoding=\"async\" class=\" alignright size-full wp-image-36613\" style=\"margin: 4px; float: right;\" alt=\"mimmo-castellano4\" src=\"https:\/\/archiviogioia.lavocedelpaese.info\/wp-content\/uploads\/2013\/03\/mimmo-castellano4.jpg\" height=\"240\" width=\"320\" srcset=\"https:\/\/archiviogioia.lavocedelpaese.info\/wp-content\/uploads\/2013\/03\/mimmo-castellano4.jpg 800w, https:\/\/archiviogioia.lavocedelpaese.info\/wp-content\/uploads\/2013\/03\/mimmo-castellano4-300x225.jpg 300w, https:\/\/archiviogioia.lavocedelpaese.info\/wp-content\/uploads\/2013\/03\/mimmo-castellano4-768x576.jpg 768w\" sizes=\"auto, (max-width: 320px) 100vw, 320px\" \/>trasferito a Milano, per riprendere senza pi\u00f9 interruzioni e transizioni la sua professione di \u201c<i>grafico e di fotodesigner\u201d, <\/i>senza per\u00f2 mai appendere la \u201c<i>macchina fotografica\u201d <\/i>al chiodo.<\/p>\n<p style=\"margin-bottom: 0.0001pt; text-align: justify; line-height: normal;\">Se nei lunghi quarant\u2019anni trascorsi a Milano \u201cMimmo Castellano\u201d abbia perduto o modificato lo sguardo fotografico da <i>provinciale<\/i> non \u00e8 dato di saperlo, quel che \u00e8 certo \u00e8 che \u201c<i>l\u2019anima del provinciale\u201d <\/i>\u00e8 tutta racchiusa l\u00ec, in quei cinque volumi \u201cgrandi e piccoli\u201d, con le pagine un po\u2019 ingiallite dal tempo, che anche grazie al<i> \u201c quel tempo trascorso <\/i>\u201d promanano una suggestivit\u00e0 ed un fascino di innegabile significato.<\/p>\n<p style=\"margin-bottom: 0.0001pt; text-align: justify; line-height: normal;\">Dell\u2019intera opera, esiste presso la nostra Biblioteca Comunale un\u2019unica copia di <i>MOODS, <\/i>il libro di sicuro pi\u00f9 singolare che Mimmo Castellano abbia realizzato. Le immagini sono trattate con una particolare tecnica di \u201ccamera oscura\u201d che se non erro \u00e8 denominata <i>SOLARIZZAZIONE<\/i>. Tale tecnica permette di ridurre le immagini fotografiche alla pura essenza del \u201c<i>tratto\u201d<\/i>, ossia ad un tipo d\u2019immagine a met\u00e0 strada fra una fotografia ed un disegno in \u201cbianco-nero\u201d fatto con inchiostro di china. La lunga \u201c<i>prefazione<\/i>\u201d scritta da Castellano, descrive quelle immagini quasi come delle <i>\u201cvisioni oniriche\u201d<\/i>, che si celavano nel suo inconscio fin dai tempi dell\u2019infanzia. La \u201cscrittura\u201d di Castellano \u00e8 quanto di pi\u00f9 \u201c<i>\u201dsuggestivo\u201d <\/i>uno di noi possa <img loading=\"lazy\" decoding=\"async\" class=\" alignleft size-full wp-image-36615\" style=\"margin: 4px; float: left;\" alt=\"mimmo-castellano5\" src=\"https:\/\/archiviogioia.lavocedelpaese.info\/wp-content\/uploads\/2013\/03\/mimmo-castellano5.jpg\" height=\"320\" width=\"240\" srcset=\"https:\/\/archiviogioia.lavocedelpaese.info\/wp-content\/uploads\/2013\/03\/mimmo-castellano5.jpg 600w, https:\/\/archiviogioia.lavocedelpaese.info\/wp-content\/uploads\/2013\/03\/mimmo-castellano5-225x300.jpg 225w\" sizes=\"auto, (max-width: 240px) 100vw, 240px\" \/>leggere,mammano che il suo racconto prende forma, chi legge non pu\u00f2 non riconoscere istintivamente ed emotivamente <i> \u201cluoghi, atmosfere e stagioni\u201d<\/i> di un paese che conosce fin troppo bene,<i> GIOIA<\/i>:<\/p>\n<p style=\"margin-bottom: 0.0001pt; text-align: justify; line-height: normal;\">\u2026\u2026\u2026\u2026..<i>IL PAESE DOVE SON NATO E VISSUTO FINO A FINIRE I MIEI STUDI LICEALI NON E\u2019 UNO DI QUEI PICCOLI POVERI PAESI DI PUGLIA, TUTTI BIANCHI E SINCERI, HA UNA PIAZZA AL CENTRO, UNA LUNGA LARGA PIAZZA QUADRATA, CORONATA DA UNA SERIE DI PALAZZOTTI TRONFI E PRESUNTUOSI, DIPINTI PERO\u2019 A CALCE COLORATA, CON ENORMI PORTONI DALLA VERNICE OPACA PER IL SOLE CHE VI BATTE CONTRO DAL MATTINO FINO ALLA SERA\u2026\u2026<\/i><\/p>\n<p style=\"margin-bottom: 0.0001pt; text-align: justify; line-height: normal;\"><i>\u2026\u2026\u2026\u2026..NEI TORRIDI POMERIGGI D\u2019ESTATE, QUANDO NELLA STAGIONE MENO ADATTA DOVEVO RIPARARE I PECCATI DELL\u2019INVERNO, STUDIAVO SUL TERRAZZO DI CATRAME NERO, IN UNA VECCHIA CONIGLIERA ABBANDONATA, BIANCHISSIMA COME I MURI DI RECINTO DOVE AVEVO ARRANGIATO SU DI UNA VECCHIA CASSA, LIBRI E COSE MIE. PER ORE DA UN BUCO PERFETTAMENTE TONDO DELLA PORTA, FATTO PER SPIARE CHISSA\u2019, I CONIGLI, ME NE STAVO ALL\u2019OMBRA A GUARDARE IL MURO DI FRONTE, BIANCO ARDENTE COME TUTTI I MURI DEL MEZZOGIORNO\u2026\u2026<\/i><\/p>\n<p style=\"margin-bottom: 0.0001pt; text-align: justify; line-height: normal;\">Quell\u2019unica copia do MOODS nella la nostra Biblioteca sembra avere quasi un significato emblematico, metaforico. Sembra essere l\u00ec da tanti \u201ctroppi\u201d anni, in attesa di \u201cun ricongiungimento\u201d con qualcosa di ancor pi\u00f9 importante dello stesso significato che rappresenta. L\u2019opera pi\u00f9 personale di Mimmo Castellano forse aspetta un riconoscimento definitivo, accompagnato magari da tutte le opere realizzate quando era anch\u2019egli, e lo \u00e8 ancora: <i>un Gioiese come noi.<\/i><\/p>\n<p style=\"text-align: right; line-height: normal;\" align=\"right\"><strong>Leonardo Girardi<\/strong><\/p>\n<p style=\"line-height: normal; text-align: justify;\" align=\"right\"><img loading=\"lazy\" decoding=\"async\" class=\" size-full wp-image-36617\" style=\"margin: 4px; vertical-align: middle;\" alt=\"mimmo-castellano6\" src=\"https:\/\/archiviogioia.lavocedelpaese.info\/wp-content\/uploads\/2013\/03\/mimmo-castellano6.jpg\" height=\"495\" width=\"660\" srcset=\"https:\/\/archiviogioia.lavocedelpaese.info\/wp-content\/uploads\/2013\/03\/mimmo-castellano6.jpg 660w, https:\/\/archiviogioia.lavocedelpaese.info\/wp-content\/uploads\/2013\/03\/mimmo-castellano6-300x225.jpg 300w\" sizes=\"auto, (max-width: 660px) 100vw, 660px\" \/><\/p>\n<p><img loading=\"lazy\" decoding=\"async\" class=\" size-full wp-image-36618\" style=\"margin: 0px; vertical-align: middle;\" alt=\"mimmo-castellano7\" src=\"https:\/\/archiviogioia.lavocedelpaese.info\/wp-content\/uploads\/2013\/03\/mimmo-castellano7.jpg\" height=\"880\" width=\"660\" srcset=\"https:\/\/archiviogioia.lavocedelpaese.info\/wp-content\/uploads\/2013\/03\/mimmo-castellano7.jpg 660w, https:\/\/archiviogioia.lavocedelpaese.info\/wp-content\/uploads\/2013\/03\/mimmo-castellano7-225x300.jpg 225w\" sizes=\"auto, (max-width: 660px) 100vw, 660px\" \/><\/p>\n<p>&nbsp;<\/p>\n","protected":false},"excerpt":{"rendered":"","protected":false},"author":1,"featured_media":8303,"comment_status":"open","ping_status":"closed","sticky":false,"template":"","format":"standard","meta":{"colormag_page_container_layout":"default_layout","colormag_page_sidebar_layout":"default_layout","footnotes":""},"categories":[6],"tags":[],"class_list":["post-36620","post","type-post","status-publish","format-standard","has-post-thumbnail","hentry","category-cultura"],"_links":{"self":[{"href":"https:\/\/archiviogioia.lavocedelpaese.info\/index.php?rest_route=\/wp\/v2\/posts\/36620","targetHints":{"allow":["GET"]}}],"collection":[{"href":"https:\/\/archiviogioia.lavocedelpaese.info\/index.php?rest_route=\/wp\/v2\/posts"}],"about":[{"href":"https:\/\/archiviogioia.lavocedelpaese.info\/index.php?rest_route=\/wp\/v2\/types\/post"}],"author":[{"embeddable":true,"href":"https:\/\/archiviogioia.lavocedelpaese.info\/index.php?rest_route=\/wp\/v2\/users\/1"}],"replies":[{"embeddable":true,"href":"https:\/\/archiviogioia.lavocedelpaese.info\/index.php?rest_route=%2Fwp%2Fv2%2Fcomments&post=36620"}],"version-history":[{"count":0,"href":"https:\/\/archiviogioia.lavocedelpaese.info\/index.php?rest_route=\/wp\/v2\/posts\/36620\/revisions"}],"wp:featuredmedia":[{"embeddable":true,"href":"https:\/\/archiviogioia.lavocedelpaese.info\/index.php?rest_route=\/wp\/v2\/media\/8303"}],"wp:attachment":[{"href":"https:\/\/archiviogioia.lavocedelpaese.info\/index.php?rest_route=%2Fwp%2Fv2%2Fmedia&parent=36620"}],"wp:term":[{"taxonomy":"category","embeddable":true,"href":"https:\/\/archiviogioia.lavocedelpaese.info\/index.php?rest_route=%2Fwp%2Fv2%2Fcategories&post=36620"},{"taxonomy":"post_tag","embeddable":true,"href":"https:\/\/archiviogioia.lavocedelpaese.info\/index.php?rest_route=%2Fwp%2Fv2%2Ftags&post=36620"}],"curies":[{"name":"wp","href":"https:\/\/api.w.org\/{rel}","templated":true}]}}