{"id":36808,"date":"2013-03-30T08:44:38","date_gmt":"2013-03-30T08:44:38","guid":{"rendered":"https:\/\/archiviogioia.lavocedelpaese.info\/?p=36808"},"modified":"2013-03-30T08:44:38","modified_gmt":"2013-03-30T08:44:38","slug":"liceo-urgente-educare-i-ragazzi-alla-legalita-3","status":"publish","type":"post","link":"https:\/\/archiviogioia.lavocedelpaese.info\/?p=36808","title":{"rendered":"LICEO: \u201cURGENTE EDUCARE I RAGAZZI ALLA LEGALIT\u00c1\u201d"},"content":{"rendered":"<p><img loading=\"lazy\" decoding=\"async\" class=\" size-full wp-image-36798\" style=\"margin-right: 2px; margin-left: 2px;\" alt=\"legalita-nelle-scuole-pp\" src=\"https:\/\/archiviogioia.lavocedelpaese.info\/wp-content\/uploads\/2013\/03\/legalita-nelle-scuole-pp.png\" height=\"150\" width=\"320\" srcset=\"https:\/\/archiviogioia.lavocedelpaese.info\/wp-content\/uploads\/2013\/03\/legalita-nelle-scuole-pp.png 640w, https:\/\/archiviogioia.lavocedelpaese.info\/wp-content\/uploads\/2013\/03\/legalita-nelle-scuole-pp-300x141.png 300w\" sizes=\"auto, (max-width: 320px) 100vw, 320px\" \/><\/p>\n<p><!--more--><\/p>\n<p style=\"text-align: justify;\"><b><img loading=\"lazy\" decoding=\"async\" class=\" alignleft size-full wp-image-36799\" style=\"margin: 4px; float: left;\" alt=\"borsellino-falcone magistrati\" src=\"https:\/\/archiviogioia.lavocedelpaese.info\/wp-content\/uploads\/2013\/03\/borsellino-falcone_magistrati.jpg\" height=\"250\" width=\"250\" srcset=\"https:\/\/archiviogioia.lavocedelpaese.info\/wp-content\/uploads\/2013\/03\/borsellino-falcone_magistrati.jpg 250w, https:\/\/archiviogioia.lavocedelpaese.info\/wp-content\/uploads\/2013\/03\/borsellino-falcone_magistrati-150x150.jpg 150w\" sizes=\"auto, (max-width: 250px) 100vw, 250px\" \/>Continua il percorso<\/b> che vede l\u2019I.I.S.S. Canudo &#8211; V. Marone sempre pi\u00f9 protagonista e \u201cambasciatore\u201d di legalit\u00e0 in ambito concorsuali &#8211; <b>Lo Stato siamo Noi<\/b> \u2013 e progettuali con \u201c<b>ELLE &#8211; Educazione alla legalit\u00e0 e al lavoro etico<\/b>\u201d, progetto che vedr\u00e0 l\u2019istituto <b>in partenariato con l\u2019I.I.S.S. Leonardo da Vinci<\/b> di Cassano delle Murge, <b>i Comuni di Gioia e Cassano<\/b>, l\u2019Associazione <b>Centro Studi Erasmo<\/b> &#8211; onlus e Cercasi un Fine &#8211; onlus.<\/p>\n<p style=\"text-align: justify;\">\u201c<b>Il progetto &#8211; dichiara Piera De Giorgi<\/b>, nella doppia veste di progettista del Canudo e assessore alla Cultura &#8211; <b>nasce dalla consapevolezza che l\u2019educazione alla legalit\u00e0 rappresenti<\/b>, nell\u2019attuale momento storico in cui la nostra societ\u00e0 diventa sempre pi\u00f9 complessa e contraddittoria, <b>uno degli aspetti fondamentali della formazione integrale della persona<\/b>. <b>E\u2019 importante che gli adolescenti crescano il pi\u00f9 possibile in maniera sana<\/b> <b>anche sul piano intellettuale, morale, spirituale e sociale<\/b>, che sviluppino capacit\u00e0 di giudizio personale, senso di <b><img loading=\"lazy\" decoding=\"async\" class=\" alignright size-full wp-image-36801\" style=\"margin: 4px; float: right;\" alt=\"legalit\" src=\"https:\/\/archiviogioia.lavocedelpaese.info\/wp-content\/uploads\/2013\/03\/legalit.jpg\" height=\"250\" width=\"250\" srcset=\"https:\/\/archiviogioia.lavocedelpaese.info\/wp-content\/uploads\/2013\/03\/legalit.jpg 400w, https:\/\/archiviogioia.lavocedelpaese.info\/wp-content\/uploads\/2013\/03\/legalit-300x300.jpg 300w, https:\/\/archiviogioia.lavocedelpaese.info\/wp-content\/uploads\/2013\/03\/legalit-150x150.jpg 150w\" sizes=\"auto, (max-width: 250px) 100vw, 250px\" \/><\/b>responsabilit\u00e0 morale e sociale, diventino, cio\u00e8, membri consapevoli della societ\u00e0 e vivano le leggi come opportunit\u00e0 e non come limiti.<\/p>\n<p style=\"text-align: justify;\"><b>Alla luce di questo<\/b>, <b>il progetto<\/b> \u201cELLE Educazione alla legalit\u00e0 e al lavoro etico\u201d <b>ruota intorno alla <\/b>convinzione della necessit\u00e0 e <b>urgenza di attivare e consolidare reti di relazioni <\/b>tra enti, istituzioni, terzo settore che vogliono sperimentare un\u2018azione partecipata e democratica della cittadinanza attiva in percorsi strutturati, <b>rivolti ai ragazzi tra i 16 e i 18 anni<\/b>, <b>sulle tematiche afferenti l\u2019educazione alla legalit\u00e0<\/b> e in particolare alla legalit\u00e0 nel mondo del lavoro.\u201d<\/p>\n<p style=\"text-align: justify;\">\u201c<b>Si parler\u00e0 di regole di convivenza sociale e civile<\/b> con particolare riferimento ai rapporti di solidariet\u00e0 nei confronti dei soggetti deboli, di partecipazione democratica attiva, lettura e analisi delle diverse dimensioni della illegalit\u00e0 e in rapporto con il mercato del lavoro, <b>del sistema dei diritti e del lavoro e di molto altro<\/b>.\u201d<\/p>\n<p style=\"text-align: justify;\"><img loading=\"lazy\" decoding=\"async\" class=\" alignleft size-full wp-image-36802\" style=\"margin: 4px; float: left;\" alt=\"legalita scuole\" src=\"https:\/\/archiviogioia.lavocedelpaese.info\/wp-content\/uploads\/2013\/03\/legalita_scuole.jpg\" height=\"211\" width=\"300\" \/>\u201c<b>Alcune azioni coinvolgeranno direttamente gli studenti<\/b> dei due istituti che verranno formati col metodo della peer-education per permettere loro di trasformarsi in \u201cformatori\u201d e \u201cdivulgatori\u201d presso i loro coetanei oltre l\u2019ambito scolastico. <b>I ragazzi<\/b>, accompagnati dallo staff di progetto, <b>diventano a loro volta animatori del territorio sui temi trattati<\/b>, utilizzando anche i media normalmente usati per diletto o sfogo nevrotico come strumento corroborante di senso realizzativo e di responsabilit\u00e0 sociale.\u201d<\/p>\n<p style=\"text-align: justify;\">\u201c<b>Tra gli obiettivi del progetto<\/b> &#8211; conclude la De Giorgi &#8211; <b>sviluppare la capacit\u00e0 di leggere e interpretare i fenomeni della legalit\u00e0\/illegalit\u00e0 e il senso della legalit\u00e0<\/b>, promuovendo la partecipazione attiva e costruttiva nella propria comunit\u00e0 di appartenenza con un approccio consapevole e critico all\u2019individuazione e prevenzione di situazioni di rischio.\u201d<\/p>\n<p>&nbsp;<\/p>\n","protected":false},"excerpt":{"rendered":"","protected":false},"author":1,"featured_media":36798,"comment_status":"open","ping_status":"closed","sticky":false,"template":"","format":"standard","meta":{"colormag_page_container_layout":"default_layout","colormag_page_sidebar_layout":"default_layout","footnotes":""},"categories":[7],"tags":[],"class_list":["post-36808","post","type-post","status-publish","format-standard","has-post-thumbnail","hentry","category-attualita"],"_links":{"self":[{"href":"https:\/\/archiviogioia.lavocedelpaese.info\/index.php?rest_route=\/wp\/v2\/posts\/36808","targetHints":{"allow":["GET"]}}],"collection":[{"href":"https:\/\/archiviogioia.lavocedelpaese.info\/index.php?rest_route=\/wp\/v2\/posts"}],"about":[{"href":"https:\/\/archiviogioia.lavocedelpaese.info\/index.php?rest_route=\/wp\/v2\/types\/post"}],"author":[{"embeddable":true,"href":"https:\/\/archiviogioia.lavocedelpaese.info\/index.php?rest_route=\/wp\/v2\/users\/1"}],"replies":[{"embeddable":true,"href":"https:\/\/archiviogioia.lavocedelpaese.info\/index.php?rest_route=%2Fwp%2Fv2%2Fcomments&post=36808"}],"version-history":[{"count":0,"href":"https:\/\/archiviogioia.lavocedelpaese.info\/index.php?rest_route=\/wp\/v2\/posts\/36808\/revisions"}],"wp:featuredmedia":[{"embeddable":true,"href":"https:\/\/archiviogioia.lavocedelpaese.info\/index.php?rest_route=\/wp\/v2\/media\/36798"}],"wp:attachment":[{"href":"https:\/\/archiviogioia.lavocedelpaese.info\/index.php?rest_route=%2Fwp%2Fv2%2Fmedia&parent=36808"}],"wp:term":[{"taxonomy":"category","embeddable":true,"href":"https:\/\/archiviogioia.lavocedelpaese.info\/index.php?rest_route=%2Fwp%2Fv2%2Fcategories&post=36808"},{"taxonomy":"post_tag","embeddable":true,"href":"https:\/\/archiviogioia.lavocedelpaese.info\/index.php?rest_route=%2Fwp%2Fv2%2Ftags&post=36808"}],"curies":[{"name":"wp","href":"https:\/\/api.w.org\/{rel}","templated":true}]}}