{"id":369,"date":"2010-02-11T13:47:52","date_gmt":"2010-02-11T13:47:52","guid":{"rendered":"https:\/\/archiviogioia.lavocedelpaese.info\/?p=369"},"modified":"2010-02-11T13:47:52","modified_gmt":"2010-02-11T13:47:52","slug":"gioia-del-colle-invasa-dapanchine-pubblicitarie","status":"publish","type":"post","link":"https:\/\/archiviogioia.lavocedelpaese.info\/?p=369","title":{"rendered":"GIOIA DEL COLLE INVASA\u2026 DA PANCHINE PUBBLICITARIE"},"content":{"rendered":"<p><img loading=\"lazy\" decoding=\"async\" class=\" size-full wp-image-364\" alt=\"panchine-pubb\" src=\"https:\/\/archiviogioia.lavocedelpaese.info\/wp-content\/uploads\/2010\/02\/panchine-pubb.jpg\" width=\"320\" height=\"150\" srcset=\"https:\/\/archiviogioia.lavocedelpaese.info\/wp-content\/uploads\/2010\/02\/panchine-pubb.jpg 1664w, https:\/\/archiviogioia.lavocedelpaese.info\/wp-content\/uploads\/2010\/02\/panchine-pubb-300x141.jpg 300w, https:\/\/archiviogioia.lavocedelpaese.info\/wp-content\/uploads\/2010\/02\/panchine-pubb-1024x480.jpg 1024w, https:\/\/archiviogioia.lavocedelpaese.info\/wp-content\/uploads\/2010\/02\/panchine-pubb-768x360.jpg 768w, https:\/\/archiviogioia.lavocedelpaese.info\/wp-content\/uploads\/2010\/02\/panchine-pubb-1536x720.jpg 1536w\" sizes=\"auto, (max-width: 320px) 100vw, 320px\" \/> <\/p>\n<p><!--more--><\/p>\n<p style=\"text-align: justify;\"><strong><img loading=\"lazy\" decoding=\"async\" class=\" alignleft size-full wp-image-365\" style=\"margin: 3px; float: left;\" alt=\"montaggio1\" src=\"https:\/\/archiviogioia.lavocedelpaese.info\/wp-content\/uploads\/2010\/02\/montaggio1.jpg\" width=\"215\" height=\"101\" srcset=\"https:\/\/archiviogioia.lavocedelpaese.info\/wp-content\/uploads\/2010\/02\/montaggio1.jpg 1665w, https:\/\/archiviogioia.lavocedelpaese.info\/wp-content\/uploads\/2010\/02\/montaggio1-300x141.jpg 300w, https:\/\/archiviogioia.lavocedelpaese.info\/wp-content\/uploads\/2010\/02\/montaggio1-1024x480.jpg 1024w, https:\/\/archiviogioia.lavocedelpaese.info\/wp-content\/uploads\/2010\/02\/montaggio1-768x360.jpg 768w, https:\/\/archiviogioia.lavocedelpaese.info\/wp-content\/uploads\/2010\/02\/montaggio1-1536x720.jpg 1536w\" sizes=\"auto, (max-width: 215px) 100vw, 215px\" \/>Questa mattina, 11 febbraio <st1:metricconverter productid=\"2010, in\" w:st=\"on\">2010, in<\/st1:metricconverter> molti avranno notato una squadra di operai che armeggiavano sul piazzale prospiciente alla Chiesa di San Rocco<\/strong>, in via Cavour.<\/p>\n<div style=\"text-align: justify;\"><\/div>\n<p style=\"text-align: justify;\">Incuriositi si saranno anche chiesti che tipo di lavori avrebbero eseguito.<\/p>\n<div style=\"text-align: justify;\"><\/div>\n<p style=\"text-align: justify;\">Una curiosit\u00e0 soddisfatta nel giro di due, tre ore, intorno a mezzogiorno, quando gli stessi operai hanno iniziato a montare dei telai in ferro.<\/p>\n<div style=\"text-align: justify;\"><\/div>\n<p style=\"text-align: justify;\"><strong>Risultato<\/strong>?<img loading=\"lazy\" decoding=\"async\" class=\" alignright size-full wp-image-366\" style=\"margin: 3px; float: right;\" alt=\"montaggio2\" src=\"https:\/\/archiviogioia.lavocedelpaese.info\/wp-content\/uploads\/2010\/02\/montaggio2.jpg\" width=\"226\" height=\"106\" srcset=\"https:\/\/archiviogioia.lavocedelpaese.info\/wp-content\/uploads\/2010\/02\/montaggio2.jpg 1663w, https:\/\/archiviogioia.lavocedelpaese.info\/wp-content\/uploads\/2010\/02\/montaggio2-300x141.jpg 300w, https:\/\/archiviogioia.lavocedelpaese.info\/wp-content\/uploads\/2010\/02\/montaggio2-1024x480.jpg 1024w, https:\/\/archiviogioia.lavocedelpaese.info\/wp-content\/uploads\/2010\/02\/montaggio2-768x360.jpg 768w, https:\/\/archiviogioia.lavocedelpaese.info\/wp-content\/uploads\/2010\/02\/montaggio2-1536x720.jpg 1536w\" sizes=\"auto, (max-width: 226px) 100vw, 226px\" \/><\/p>\n<div style=\"text-align: justify;\"><\/div>\n<p style=\"text-align: justify;\"><strong>Tre belle panchine, nuove di zecca,<\/strong> posizionate, strano ma vero, a pochi centimetri dalla strada e\u00a0 rivolte verso la stessa. In molti si sono chiesti il perch\u00e9 senza ottenere risposta. Per i pi\u00f9 \u201cfantasiosi\u201d per dare la possibilit\u00e0 di ammirare quello straordinario monumento qual \u00e8 la chiesa di San Rocco.\u00a0 L\u2019arcano \u00e8 stato chiarito quando, per completare \u201c<strong>l\u2019opera d\u2019arte<\/strong>\u201d, sono stati montati gli schienali.<\/p>\n<div style=\"text-align: justify;\"><\/div>\n<p style=\"text-align: justify;\">Ebbene, altra stranezza, gli schienali <strong>altro non erano che pannelli pubblicitari<\/strong> inneggianti a tre ditte che operano sul territorio, molto vicine a questa amministrazione, anzi, si pu\u00f2 senza ombra di dubbio dire che operano all\u2019interno e per conto della stessa amministrazione.<\/p>\n<div style=\"text-align: justify;\"><\/div>\n<p style=\"text-align: justify;\">Da una piccola indagine \u00e8 emerso che <strong>non saranno (purtroppo o per fortuna?) le uniche<\/strong>.<\/p>\n<div style=\"text-align: justify;\"><\/div>\n<p style=\"text-align: justify;\">Queste panchine altro <img loading=\"lazy\" decoding=\"async\" class=\" alignleft size-full wp-image-367\" style=\"margin: 3px; float: left;\" alt=\"panchine-pubb2\" src=\"https:\/\/archiviogioia.lavocedelpaese.info\/wp-content\/uploads\/2010\/02\/panchine-pubb2.jpg\" width=\"226\" height=\"105\" srcset=\"https:\/\/archiviogioia.lavocedelpaese.info\/wp-content\/uploads\/2010\/02\/panchine-pubb2.jpg 1664w, https:\/\/archiviogioia.lavocedelpaese.info\/wp-content\/uploads\/2010\/02\/panchine-pubb2-300x141.jpg 300w, https:\/\/archiviogioia.lavocedelpaese.info\/wp-content\/uploads\/2010\/02\/panchine-pubb2-1024x480.jpg 1024w, https:\/\/archiviogioia.lavocedelpaese.info\/wp-content\/uploads\/2010\/02\/panchine-pubb2-768x360.jpg 768w, https:\/\/archiviogioia.lavocedelpaese.info\/wp-content\/uploads\/2010\/02\/panchine-pubb2-1536x720.jpg 1536w\" sizes=\"auto, (max-width: 226px) 100vw, 226px\" \/>non sono che le prime di una lunga lista di altre panchine, sicuramente identiche sia nella conformazione che nella posizione strategica ma non nei messaggi, che saranno installate in diverse vie e piazze della nostra citt\u00e0.<\/p>\n<div style=\"text-align: justify;\"><\/div>\n<p style=\"text-align: justify;\">Pi\u00f9 precisamente <strong>nei pressi dell\u2019INPS, del Palazzetto, di Via F. Fellini, di Via G. Pastore c\/o Murrina, del Giardino di Paolo VI (solo per le panchine mancanti), Via Padre Pio c\/o chiesa del Crocifisso e Via Federico II di Svevia c\/o e di fronte Hotel Villa Duse<\/strong>.<\/p>\n<div style=\"text-align: justify;\"><\/div>\n<p style=\"text-align: justify;\"><img loading=\"lazy\" decoding=\"async\" class=\" alignright size-full wp-image-368\" style=\"margin: 3px; float: right;\" alt=\"panchine-e-pubbl-Delib.G\" src=\"https:\/\/archiviogioia.lavocedelpaese.info\/wp-content\/uploads\/2010\/02\/panchine-e-pubbl-Delib.G.jpg\" width=\"250\" height=\"354\" srcset=\"https:\/\/archiviogioia.lavocedelpaese.info\/wp-content\/uploads\/2010\/02\/panchine-e-pubbl-Delib.G.jpg 1512w, https:\/\/archiviogioia.lavocedelpaese.info\/wp-content\/uploads\/2010\/02\/panchine-e-pubbl-Delib.G-212x300.jpg 212w, https:\/\/archiviogioia.lavocedelpaese.info\/wp-content\/uploads\/2010\/02\/panchine-e-pubbl-Delib.G-724x1024.jpg 724w, https:\/\/archiviogioia.lavocedelpaese.info\/wp-content\/uploads\/2010\/02\/panchine-e-pubbl-Delib.G-768x1086.jpg 768w, https:\/\/archiviogioia.lavocedelpaese.info\/wp-content\/uploads\/2010\/02\/panchine-e-pubbl-Delib.G-1086x1536.jpg 1086w, https:\/\/archiviogioia.lavocedelpaese.info\/wp-content\/uploads\/2010\/02\/panchine-e-pubbl-Delib.G-1448x2048.jpg 1448w\" sizes=\"auto, (max-width: 250px) 100vw, 250px\" \/>Una decisione presa dall\u2019Amministrazione in carica e ufficializzata con <strong>Delibera di Giunta n.206 del 30.10.2009<\/strong>. Una delibera in cui si autorizza la societ\u00e0 richiedente, <st1:personname productid=\"la CRA Pubblicit\u00e0\" w:st=\"on\">la <strong>CRA Pubblicit\u00e0<\/strong><\/st1:personname><strong> s.a.s., con sede legale in Cercola (NA)<\/strong>, ad installarle perch\u00e9 \u201c\u00e8 volont\u00e0 dell\u2019Amministrazione comunale <strong>migliorare l\u2019estetica del proprio territorio<\/strong> e consentire ai cittadini di fruire di tali panchine\u201d.<\/p>\n<div style=\"text-align: justify;\"><\/div>\n<p style=\"text-align: justify;\">Una autorizzazione della <strong>durata di \u201canni sei<\/strong> dalla data di stipula della convenzione\u201d, e con <strong>l\u2019esonero dal \u201cpagamento della tassa di occupazione di suolo pubblico<\/strong> in considerazione che le panchine diverranno di propriet\u00e0 comunale al termine della concessione\u201d.<\/p>\n<div style=\"text-align: justify;\"><\/div>\n<p style=\"text-align: justify;\">Nella convenzione \u00e8 previsto anche che \u201cle postazioni individuate potranno essere successivamente modificate di comune accordo tra <st1:personname productid=\"la CRA Pubblicit\u00e0\" w:st=\"on\">la  CRA Pubblicit\u00e0<\/st1:personname> s.a.s. e l\u2019Ufficio Traffico\u201d.<\/p>\n<div style=\"text-align: justify;\"><\/div>\n<p style=\"text-align: justify;\">In tanti si chiederanno perch\u00e9 prevederlo e non farlo prima della stipula. Ma soprattutto perch\u00e9 installarle in una posizione non solo pericolosa (perch\u00e9 troppo vicine alle carreggiate stradali) ma anche <strong>dannosa<\/strong> per la salute degli utilizzatori, soprattutto anziani e bambini, per via dei gas nocivi emanati dagli scarichi dei numerosi automezzi in transito che saranno di conseguenza costretti a respirare?<\/p>\n","protected":false},"excerpt":{"rendered":"","protected":false},"author":1,"featured_media":364,"comment_status":"open","ping_status":"closed","sticky":false,"template":"","format":"standard","meta":{"colormag_page_container_layout":"default_layout","colormag_page_sidebar_layout":"default_layout","footnotes":""},"categories":[8],"tags":[],"class_list":["post-369","post","type-post","status-publish","format-standard","has-post-thumbnail","hentry","category-cronaca"],"_links":{"self":[{"href":"https:\/\/archiviogioia.lavocedelpaese.info\/index.php?rest_route=\/wp\/v2\/posts\/369","targetHints":{"allow":["GET"]}}],"collection":[{"href":"https:\/\/archiviogioia.lavocedelpaese.info\/index.php?rest_route=\/wp\/v2\/posts"}],"about":[{"href":"https:\/\/archiviogioia.lavocedelpaese.info\/index.php?rest_route=\/wp\/v2\/types\/post"}],"author":[{"embeddable":true,"href":"https:\/\/archiviogioia.lavocedelpaese.info\/index.php?rest_route=\/wp\/v2\/users\/1"}],"replies":[{"embeddable":true,"href":"https:\/\/archiviogioia.lavocedelpaese.info\/index.php?rest_route=%2Fwp%2Fv2%2Fcomments&post=369"}],"version-history":[{"count":0,"href":"https:\/\/archiviogioia.lavocedelpaese.info\/index.php?rest_route=\/wp\/v2\/posts\/369\/revisions"}],"wp:featuredmedia":[{"embeddable":true,"href":"https:\/\/archiviogioia.lavocedelpaese.info\/index.php?rest_route=\/wp\/v2\/media\/364"}],"wp:attachment":[{"href":"https:\/\/archiviogioia.lavocedelpaese.info\/index.php?rest_route=%2Fwp%2Fv2%2Fmedia&parent=369"}],"wp:term":[{"taxonomy":"category","embeddable":true,"href":"https:\/\/archiviogioia.lavocedelpaese.info\/index.php?rest_route=%2Fwp%2Fv2%2Fcategories&post=369"},{"taxonomy":"post_tag","embeddable":true,"href":"https:\/\/archiviogioia.lavocedelpaese.info\/index.php?rest_route=%2Fwp%2Fv2%2Ftags&post=369"}],"curies":[{"name":"wp","href":"https:\/\/api.w.org\/{rel}","templated":true}]}}