{"id":3726,"date":"2010-08-06T08:08:36","date_gmt":"2010-08-06T08:08:36","guid":{"rendered":"https:\/\/archiviogioia.lavocedelpaese.info\/?p=3726"},"modified":"2010-08-06T08:08:36","modified_gmt":"2010-08-06T08:08:36","slug":"giochi-della-terra-lezione-di-integrazione-sociale","status":"publish","type":"post","link":"https:\/\/archiviogioia.lavocedelpaese.info\/?p=3726","title":{"rendered":"\u201cGIOCHI DELLA TERRA\u201d LEZIONE DI INTEGRAZIONE SOCIALE"},"content":{"rendered":"<p><img loading=\"lazy\" decoding=\"async\" class=\" size-full wp-image-3721\" alt=\"ludotek-pp\" src=\"https:\/\/archiviogioia.lavocedelpaese.info\/wp-content\/uploads\/2010\/08\/ludotek-pp.jpg\" width=\"320\" height=\"150\" srcset=\"https:\/\/archiviogioia.lavocedelpaese.info\/wp-content\/uploads\/2010\/08\/ludotek-pp.jpg 640w, https:\/\/archiviogioia.lavocedelpaese.info\/wp-content\/uploads\/2010\/08\/ludotek-pp-300x141.jpg 300w\" sizes=\"auto, (max-width: 320px) 100vw, 320px\" \/> <\/p>\n<p><!--more--><\/p>\n<p style=\"text-align: justify;\"><strong><img loading=\"lazy\" decoding=\"async\" class=\" alignleft size-full wp-image-3722\" style=\"margin: 4px; float: left;\" alt=\"P8040422\" src=\"https:\/\/archiviogioia.lavocedelpaese.info\/wp-content\/uploads\/2010\/08\/P8040422.jpg\" width=\"220\" height=\"166\" srcset=\"https:\/\/archiviogioia.lavocedelpaese.info\/wp-content\/uploads\/2010\/08\/P8040422.jpg 494w, https:\/\/archiviogioia.lavocedelpaese.info\/wp-content\/uploads\/2010\/08\/P8040422-300x225.jpg 300w\" sizes=\"auto, (max-width: 220px) 100vw, 220px\" \/>Quattro sono le Nazioni protagoniste<\/strong> per la curata organizzazione <strong>dei \u201cGiochi della Terra\u201d<\/strong> data dalla ludoteca \u201c<strong>Ludo&amp;Tek<\/strong>\u201d, fabbrica dei sogni per tutti i bambini. <strong>Un\u2019iniziativa che tende all\u2019integrazione fra le varie etnie presenti sul nostro territorio<\/strong> gioiese, e che si \u00e8 tenuta in Piazza Giovanni Paolo II \u2013 nei pressi del liceo scientifico \u2013 dalle ore 18 alle 20.<\/p>\n<div style=\"text-align: justify;\"><\/div>\n<p style=\"text-align: justify;\"><strong>L\u2019iniziativa \u00e8 nell\u2019ambito dell\u2019\u201cEstate per Tutti\u201d<\/strong>, progetto finanziato dal Comune di Gioia del Colle e fortemente voluto dall\u2019Assessorato ai Servizi Sociali. \u00a0<strong>Le <img loading=\"lazy\" decoding=\"async\" class=\" alignright size-full wp-image-3723\" style=\"margin: 4px; float: right;\" alt=\"P8040424\" src=\"https:\/\/archiviogioia.lavocedelpaese.info\/wp-content\/uploads\/2010\/08\/P8040424.jpg\" width=\"221\" height=\"166\" srcset=\"https:\/\/archiviogioia.lavocedelpaese.info\/wp-content\/uploads\/2010\/08\/P8040424.jpg 494w, https:\/\/archiviogioia.lavocedelpaese.info\/wp-content\/uploads\/2010\/08\/P8040424-300x225.jpg 300w\" sizes=\"auto, (max-width: 221px) 100vw, 221px\" \/>quattro Nazioni<\/strong> sono la <strong>Tunisia<\/strong>, il <strong>Marocco<\/strong>, l\u2019<strong>Albania<\/strong> e l\u2019<strong>Italia<\/strong>.<\/p>\n<div style=\"text-align: justify;\"><\/div>\n<p style=\"text-align: justify;\"><strong>Tra i presenti<\/strong>, infatti, ci sono <strong>tre meravigliosi bambini albanesi<\/strong> \u2013 <strong>Claudio<\/strong>, <strong>Alessia<\/strong>, e <strong>Chiara<\/strong> \u2013 ed un bellissimo bambino marocchino. La premessa \u00e8 che tutti giocano anche ai giochi diversi dai propri, ed i bambini accettano di buon grado, con il solito entusiasmo che caratterizza i loro volti.<\/p>\n<div style=\"text-align: justify;\"><\/div>\n<p style=\"text-align: justify;\">Bravissimi sono <strong>gli animatori<\/strong> \u2013 <strong>Lucrezia Castellaneta<\/strong>, <strong>Marika Girardi<\/strong>, e <strong>Guido Leronni<\/strong> \u2013 che <strong>fanno di tutto per fa<img loading=\"lazy\" decoding=\"async\" class=\" alignleft size-full wp-image-3724\" style=\"margin: 4px; float: left;\" alt=\"P8040429\" src=\"https:\/\/archiviogioia.lavocedelpaese.info\/wp-content\/uploads\/2010\/08\/P8040429.jpg\" width=\"219\" height=\"165\" srcset=\"https:\/\/archiviogioia.lavocedelpaese.info\/wp-content\/uploads\/2010\/08\/P8040429.jpg 494w, https:\/\/archiviogioia.lavocedelpaese.info\/wp-content\/uploads\/2010\/08\/P8040429-300x225.jpg 300w\" sizes=\"auto, (max-width: 219px) 100vw, 219px\" \/>r sentire i bambini all\u2019interno di una grande famiglia<\/strong> con ottimi risultati.<\/p>\n<div style=\"text-align: justify;\"><\/div>\n<p style=\"text-align: justify;\"><strong>Una bella iniziativa, in fase ancora di crescita<\/strong>, come tiene a precisare Lucrezia Castellaneta, direttrice della Ludo&amp;Tek, che vorrebbe creare qualcosa di ancora pi\u00f9 organico e di pi\u00f9 grande con una pi\u00f9 sentita partecipazione. Ed aggiunge: \u201cC\u2019\u00e8 stata una ricerca per i giochi e le musiche delle varie nazionalit\u00e0 presenti in Gioia. <strong>Ci sarebbe anche piaciuto condire il tutto con delle ricette tipiche<\/strong> [\u2026]\u201d.<\/p>\n<div style=\"text-align: justify;\"><\/div>\n<p style=\"text-align: justify;\"><strong><img loading=\"lazy\" decoding=\"async\" class=\" alignright size-full wp-image-3725\" style=\"margin: 4px; float: right;\" alt=\"P8040426\" src=\"https:\/\/archiviogioia.lavocedelpaese.info\/wp-content\/uploads\/2010\/08\/P8040426.jpg\" width=\"220\" height=\"165\" srcset=\"https:\/\/archiviogioia.lavocedelpaese.info\/wp-content\/uploads\/2010\/08\/P8040426.jpg 494w, https:\/\/archiviogioia.lavocedelpaese.info\/wp-content\/uploads\/2010\/08\/P8040426-300x225.jpg 300w\" sizes=\"auto, (max-width: 220px) 100vw, 220px\" \/>L\u2019augurio<\/strong>, vista la gioia e la curiosit\u00e0 \u2013 da sempre sinonimo d\u2019intelligenza \u2013 dei bambini presenti, <strong>\u00e8 quello che ci possa essere una concreta crescita<\/strong>, <strong>e che manifestazioni di gioco<\/strong>, ma <strong>anche culturali<\/strong>, di questo genere, <strong>trovino spazio<\/strong>.<\/p>\n<div style=\"text-align: justify;\"><\/div>\n<p style=\"text-align: justify;\"><strong>Il prossimo appuntamento con l\u2019animazione della Ludo&amp;Tek \u00e8 fissato al 9 agosto<\/strong> in Piazza Pinto dalle ore 18 alle 20 con una festa dedicata all\u2019elemento dell\u2019aria dove i bambini stessi realizzeranno delle ali per giocare con il movimento del vento!<\/p>\n","protected":false},"excerpt":{"rendered":"","protected":false},"author":1,"featured_media":3721,"comment_status":"open","ping_status":"closed","sticky":false,"template":"","format":"standard","meta":{"colormag_page_container_layout":"default_layout","colormag_page_sidebar_layout":"default_layout","footnotes":""},"categories":[7],"tags":[],"class_list":["post-3726","post","type-post","status-publish","format-standard","has-post-thumbnail","hentry","category-attualita"],"_links":{"self":[{"href":"https:\/\/archiviogioia.lavocedelpaese.info\/index.php?rest_route=\/wp\/v2\/posts\/3726","targetHints":{"allow":["GET"]}}],"collection":[{"href":"https:\/\/archiviogioia.lavocedelpaese.info\/index.php?rest_route=\/wp\/v2\/posts"}],"about":[{"href":"https:\/\/archiviogioia.lavocedelpaese.info\/index.php?rest_route=\/wp\/v2\/types\/post"}],"author":[{"embeddable":true,"href":"https:\/\/archiviogioia.lavocedelpaese.info\/index.php?rest_route=\/wp\/v2\/users\/1"}],"replies":[{"embeddable":true,"href":"https:\/\/archiviogioia.lavocedelpaese.info\/index.php?rest_route=%2Fwp%2Fv2%2Fcomments&post=3726"}],"version-history":[{"count":0,"href":"https:\/\/archiviogioia.lavocedelpaese.info\/index.php?rest_route=\/wp\/v2\/posts\/3726\/revisions"}],"wp:featuredmedia":[{"embeddable":true,"href":"https:\/\/archiviogioia.lavocedelpaese.info\/index.php?rest_route=\/wp\/v2\/media\/3721"}],"wp:attachment":[{"href":"https:\/\/archiviogioia.lavocedelpaese.info\/index.php?rest_route=%2Fwp%2Fv2%2Fmedia&parent=3726"}],"wp:term":[{"taxonomy":"category","embeddable":true,"href":"https:\/\/archiviogioia.lavocedelpaese.info\/index.php?rest_route=%2Fwp%2Fv2%2Fcategories&post=3726"},{"taxonomy":"post_tag","embeddable":true,"href":"https:\/\/archiviogioia.lavocedelpaese.info\/index.php?rest_route=%2Fwp%2Fv2%2Ftags&post=3726"}],"curies":[{"name":"wp","href":"https:\/\/api.w.org\/{rel}","templated":true}]}}