{"id":37261,"date":"2013-04-06T07:26:14","date_gmt":"2013-04-06T07:26:14","guid":{"rendered":"https:\/\/archiviogioia.lavocedelpaese.info\/?p=37261"},"modified":"2013-04-06T07:26:14","modified_gmt":"2013-04-06T07:26:14","slug":"the-voice-danny-losito-supera-la-prima-battaglia-video-4","status":"publish","type":"post","link":"https:\/\/archiviogioia.lavocedelpaese.info\/?p=37261","title":{"rendered":"\u201cTHE VOICE\u201d. DANNY LOSITO SUPERA LA PRIMA BATTAGLIA-video"},"content":{"rendered":"<p><img loading=\"lazy\" decoding=\"async\" class=\" size-full wp-image-37201\" style=\"margin-right: 2px; margin-left: 2px;\" alt=\"the-voice-danny-losito-savio-vurchio-pp\" src=\"https:\/\/archiviogioia.lavocedelpaese.info\/wp-content\/uploads\/2013\/04\/the-voice-danny-losito-savio-vurchio-pp.png\" height=\"150\" width=\"320\" srcset=\"https:\/\/archiviogioia.lavocedelpaese.info\/wp-content\/uploads\/2013\/04\/the-voice-danny-losito-savio-vurchio-pp.png 640w, https:\/\/archiviogioia.lavocedelpaese.info\/wp-content\/uploads\/2013\/04\/the-voice-danny-losito-savio-vurchio-pp-300x141.png 300w\" sizes=\"auto, (max-width: 320px) 100vw, 320px\" \/><\/p>\n<p><!--more--><\/p>\n<p style=\"text-align: justify;\"><b><img loading=\"lazy\" decoding=\"async\" class=\" alignleft size-full wp-image-37204\" style=\"margin: 4px; float: left;\" alt=\"the-voice-danny-losito-savio-vurchio-5-600x337\" src=\"https:\/\/archiviogioia.lavocedelpaese.info\/wp-content\/uploads\/2013\/04\/the-voice-danny-losito-savio-vurchio-5-600x337.jpg\" height=\"191\" width=\"340\" srcset=\"https:\/\/archiviogioia.lavocedelpaese.info\/wp-content\/uploads\/2013\/04\/the-voice-danny-losito-savio-vurchio-5-600x337.jpg 600w, https:\/\/archiviogioia.lavocedelpaese.info\/wp-content\/uploads\/2013\/04\/the-voice-danny-losito-savio-vurchio-5-600x337-300x169.jpg 300w\" sizes=\"auto, (max-width: 340px) 100vw, 340px\" \/>Prima \u201cBattaglia\u201d vinta per il gioiese Danny Losito<\/b> <b>contro il bravissimo Savio Vurchio<\/b>. A loro \u00e8 stato assegnato il brano &#8220;<b>Crazy<\/b>&#8220;. Il Coach <strong>Pel\u00f9 <\/strong><b>si aspetta un &#8220;duello sanguigno&#8221;<\/b> e insieme a Cristiano Godano dispensa consigli per affrontarla al meglio. <strong>This is The Voice!<\/strong><\/p>\n<p style=\"text-align: justify;\"><b>La battaglia tra Danny e Savio \u00e8 veramente una lotta all&#8217;ultima nota<\/b>.&nbsp; Ad avere la meglio tra i due \u00e8 Danny&nbsp; solo perch\u00e9 ha affrontato la battaglia con un briciolo di &#8220;Crazy&#8221; in pi\u00f9.<\/p>\n<p style=\"text-align: justify;\"><b>Secondo scoglio, quindi, superato con pieno merito da Danny Losito<\/b>. Gioved\u00ec prossimo nuovo giro, nuova corsa. Vedremo come i Coach formeranno altre coppie e come li prepareranno al ring per poi scegliere le performance per loro pi\u00f9 convincenti.<\/p>\n<p style=\"text-align: justify;\"><b><img loading=\"lazy\" decoding=\"async\" class=\" alignright size-full wp-image-37206\" style=\"margin: 4px; float: right;\" alt=\"the-voice-4-aprile-2013-16-620x300\" src=\"https:\/\/archiviogioia.lavocedelpaese.info\/wp-content\/uploads\/2013\/04\/the-voice-4-aprile-2013-16-620x300.jpg\" height=\"165\" width=\"340\" srcset=\"https:\/\/archiviogioia.lavocedelpaese.info\/wp-content\/uploads\/2013\/04\/the-voice-4-aprile-2013-16-620x300.jpg 620w, https:\/\/archiviogioia.lavocedelpaese.info\/wp-content\/uploads\/2013\/04\/the-voice-4-aprile-2013-16-620x300-300x145.jpg 300w\" sizes=\"auto, (max-width: 340px) 100vw, 340px\" \/>Non \u00e8 stato facile per i<\/b> <strong>Coach <\/strong><b>scegliere<\/b> <b>chi portare ai <\/b><strong><span style=\"font-weight: normal;\">Live<\/span><\/strong>. Ma le <strong>Battle<\/strong> sono appena iniziate. Facciamo il punto sui risultati della prima puntata di battaglie.<\/p>\n<p style=\"text-align: justify;\"><b>Dei 22 cantanti saliti sul<\/b> <strong>ring<\/strong>, <b>solo 11 hanno passato il turno<\/b>. Per il <strong>Team Pel\u00f9<\/strong>: <b>Danny Losito<\/b>, Francesco Guasti e Marica Lermani. Per il <strong>Team Carr\u00e0<\/strong>: Stefania Tasca, Matteo Lotti e Paola Licata. <strong>Team Cocciante<\/strong>: Jessica Morlacchi, Giulia Saguatti e Donato Perrone. <strong>Team Noemi<\/strong>: Giuliana Danz\u00e8 e Flavio Capasso.<\/p>\n<p style=\"text-align: justify;\"><strong><a href=\"#p=\" target=\"_blank\" rel=\"noopener\"><span style=\"font-weight: normal; text-decoration: none;\">&#8211; Rivedi il momento dell\u2019assegnazione del brano&gt;&gt;<\/span><\/a><\/strong><\/p>\n<p style=\"text-align: justify;\"><strong><a href=\"#p=\" target=\"_blank\" rel=\"noopener\"><span style=\"font-weight: normal; text-decoration: none;\">&#8211; Rivedi l\u2019esibizione di Savio vs Danny&gt;&gt;<\/span><\/a><\/strong><\/p>\n<p><iframe loading=\"lazy\" src=\"http:\/\/www.rai.tv\/dl\/RaiTV\/programmi\/media\/ContentItem-54616b42-a039-4614-ae76-070b202501d8.html?iframe\" style=\"border: 0px; padding: 0px; margin: 0px; width: 100%; height: 100%;\" allowfullscreen=\"true\" webkitallowfullscreen=\"true\" mozallowfullscreen=\"true\" scrolling=\"no\" width=\"100%\" height=\"100%\"><\/iframe><\/p>\n","protected":false},"excerpt":{"rendered":"","protected":false},"author":1,"featured_media":37201,"comment_status":"open","ping_status":"closed","sticky":false,"template":"","format":"standard","meta":{"colormag_page_container_layout":"default_layout","colormag_page_sidebar_layout":"default_layout","footnotes":""},"categories":[7],"tags":[],"class_list":["post-37261","post","type-post","status-publish","format-standard","has-post-thumbnail","hentry","category-attualita"],"_links":{"self":[{"href":"https:\/\/archiviogioia.lavocedelpaese.info\/index.php?rest_route=\/wp\/v2\/posts\/37261","targetHints":{"allow":["GET"]}}],"collection":[{"href":"https:\/\/archiviogioia.lavocedelpaese.info\/index.php?rest_route=\/wp\/v2\/posts"}],"about":[{"href":"https:\/\/archiviogioia.lavocedelpaese.info\/index.php?rest_route=\/wp\/v2\/types\/post"}],"author":[{"embeddable":true,"href":"https:\/\/archiviogioia.lavocedelpaese.info\/index.php?rest_route=\/wp\/v2\/users\/1"}],"replies":[{"embeddable":true,"href":"https:\/\/archiviogioia.lavocedelpaese.info\/index.php?rest_route=%2Fwp%2Fv2%2Fcomments&post=37261"}],"version-history":[{"count":0,"href":"https:\/\/archiviogioia.lavocedelpaese.info\/index.php?rest_route=\/wp\/v2\/posts\/37261\/revisions"}],"wp:featuredmedia":[{"embeddable":true,"href":"https:\/\/archiviogioia.lavocedelpaese.info\/index.php?rest_route=\/wp\/v2\/media\/37201"}],"wp:attachment":[{"href":"https:\/\/archiviogioia.lavocedelpaese.info\/index.php?rest_route=%2Fwp%2Fv2%2Fmedia&parent=37261"}],"wp:term":[{"taxonomy":"category","embeddable":true,"href":"https:\/\/archiviogioia.lavocedelpaese.info\/index.php?rest_route=%2Fwp%2Fv2%2Fcategories&post=37261"},{"taxonomy":"post_tag","embeddable":true,"href":"https:\/\/archiviogioia.lavocedelpaese.info\/index.php?rest_route=%2Fwp%2Fv2%2Ftags&post=37261"}],"curies":[{"name":"wp","href":"https:\/\/api.w.org\/{rel}","templated":true}]}}