{"id":37352,"date":"2013-04-09T11:41:04","date_gmt":"2013-04-09T11:41:04","guid":{"rendered":"https:\/\/archiviogioia.lavocedelpaese.info\/?p=37352"},"modified":"2013-04-09T11:41:04","modified_gmt":"2013-04-09T11:41:04","slug":"campionati-nuoto-paralimpico-successo-inaspettato-2","status":"publish","type":"post","link":"https:\/\/archiviogioia.lavocedelpaese.info\/?p=37352","title":{"rendered":"CAMPIONATI NUOTO PARALIMPICO. SUCCESSO INASPETTATO"},"content":{"rendered":"<p><img loading=\"lazy\" decoding=\"async\" class=\" size-full wp-image-37344\" style=\"margin-right: 2px; margin-left: 2px;\" alt=\"federazione-nuoto-paralimpico-pp\" src=\"https:\/\/archiviogioia.lavocedelpaese.info\/wp-content\/uploads\/2013\/04\/federazione-nuoto-paralimpico-pp.png\" height=\"150\" width=\"320\" srcset=\"https:\/\/archiviogioia.lavocedelpaese.info\/wp-content\/uploads\/2013\/04\/federazione-nuoto-paralimpico-pp.png 640w, https:\/\/archiviogioia.lavocedelpaese.info\/wp-content\/uploads\/2013\/04\/federazione-nuoto-paralimpico-pp-300x141.png 300w\" sizes=\"auto, (max-width: 320px) 100vw, 320px\" \/><\/p>\n<p><!--more--><\/p>\n<p><strong>Riceviamo e pubblichiamo<\/strong>.<\/p>\n<p style=\"text-align: center;\">&#8212;&#8212;&#8212;&#8212;&#8212;&#8212;&#8212;&#8212;-<\/p>\n<p style=\"text-align: justify;\"><img loading=\"lazy\" decoding=\"async\" class=\" alignleft size-full wp-image-37346\" style=\"margin: 4px; float: left;\" alt=\"atleti ssd molfetta nuoto\" src=\"https:\/\/archiviogioia.lavocedelpaese.info\/wp-content\/uploads\/2013\/04\/atleti_ssd_molfetta_nuoto.jpg\" height=\"240\" width=\"320\" srcset=\"https:\/\/archiviogioia.lavocedelpaese.info\/wp-content\/uploads\/2013\/04\/atleti_ssd_molfetta_nuoto.jpg 960w, https:\/\/archiviogioia.lavocedelpaese.info\/wp-content\/uploads\/2013\/04\/atleti_ssd_molfetta_nuoto-300x225.jpg 300w, https:\/\/archiviogioia.lavocedelpaese.info\/wp-content\/uploads\/2013\/04\/atleti_ssd_molfetta_nuoto-768x576.jpg 768w\" sizes=\"auto, (max-width: 320px) 100vw, 320px\" \/>\u201cCon sei ori \u00e8 la <b>Ssd Molfetta nuoto<\/b> la societ\u00e0 pi\u00f9 forte dei Campionati regionali Finp 2013. La squadra del nord est barese \u00e8 quella che \u00e8 salita pi\u00f9 volte sul gradino pi\u00f9 alto del podio nella piscina comunale di Castellana domenica 7 aprile. I suoi tesserati per la Federazione italiana nuoto paralimpico sono stati i pi\u00f9 forti. Sul gradino pi\u00f9 alto \u00e8 salita due volte <b>Sara Granata <\/b>(classe 1995), doppio oro nella categoria S7 nei 50 stile (41\u2019\u201995) e nei 50 farfalla (50\u2019\u201906). Due volte primo posto anche per <b>Gaetano Gadaleta<\/b> (classe 1954) nella categoria S4 nei 50 stile (42\u2019\u201965) e nei 100 (1\u201939\u2019\u201912). Doppietta d\u2019oro pure per <b>Corrado Gadaleta<\/b> (classe 1997) nella categoria S3 nei 50 stile (1\u201914\u2019\u201902) e nei 50 dorso (1\u201940\u2019\u201964).<\/p>\n<p style=\"text-align: justify;\">Quattro ori per la <b>Framaros Sport Ssd<\/b> di Acquaviva delle Fonti che ha portato a casa anche due argenti. Due primi posti per <b>Marika Del Mastro<\/b> (classe 2003, categoria S9) nei 50 stile (54\u2019\u201963) e nei 100 dorso (2\u201903\u2019\u201903) e per <b>Geremia Partipilo<\/b> (classe 1982, categoria S4) nei 200 stile (4\u201947\u2019\u201947) e nei 150 misti (4\u201937\u2019\u201928). Partipilo, originario di Maglie \u00e8 anche campione italiano in carica nei 100 stile. I due argenti per la societ\u00e0 di Acquaviva sono arrivati grazie a <b>Mariano Recchia<\/b> (classe 1986, categoria S6) nei 50 stile (50\u2019\u201943) e nei 100 (1\u201947\u2019\u201905).<\/p>\n<p style=\"text-align: justify;\"><img loading=\"lazy\" decoding=\"async\" class=\" alignright size-full wp-image-37347\" style=\"margin: 4px; float: right;\" alt=\"Geremia Partipilo con Francesco Piccinini jpg 260x180 autocrop crop q80\" src=\"https:\/\/archiviogioia.lavocedelpaese.info\/wp-content\/uploads\/2013\/04\/Geremia_Partipilo_con_Francesco_Piccinini_jpg_260x180_autocrop_crop_q80.jpg\" height=\"208\" width=\"300\" \/>Due ori per la squadra di casa della <b>Ssd Nuoto Castellana<\/b> con <b>Mattia Gargano<\/b> (classe1992, categoria S6) nei 50 stile (46\u2019\u201951) e nei 100 (1\u201946\u2019\u201936). Sei medaglie per l\u2019<b>Asd Barletta nuoto<\/b>: due ori, due argenti e due bronzi. La societ\u00e0 ha fatto tripletta sul podio con tre suoi atleti nella categoia S11 sia nei 50 stile e sia nei 100 dorso. Sul gradino pi\u00f9 alto nei 50 stile \u00e8 salito <b>Francesco Disalvo<\/b> (classe 1998) con il tempo di 44\u201932, seguito da <b>Roberto Lamarca<\/b> (classe 1991, 1\u201913\u2019\u201918) e da <b>Mauro Campanale<\/b> (classe 1996) bronzo con 1\u201917\u2019\u201958. Stessa classifica nei 100 dorso con gli stessi atleti a medaglia e il tempo di 2\u201908\u2019\u201954 per Disalvo, 2\u201947\u2019\u201992 per Lamarca e 3\u201900\u2019\u201981 per Campanale.<\/p>\n<p style=\"text-align: justify;\">Tre medaglie per la <b>G.P. Modugno<\/b> che ha portato a casa due ori con <b>Fabio Maggi<\/b> (classe 1991, categoria S4) nei 100 stile con 2\u201915\u2019\u201981 e con <b>Luca Caputo<\/b> (classe 1980, categoria s4) sempre nei 100 con il tempo di 3\u201934\u2019\u201999. A questi va aggiunto l\u2019argento di Maggi nei 50 stile (56\u2019\u201905). Un oro a testa infine per l\u2019<b>Asd Genesi <\/b>di Maglie (<b>Armando Foscarini<\/b>, classe 1951, categoria S5, primo nei 50 stile con 1\u201932\u2019\u201935) e per la <b>Polisportiva Elos<\/b> di <img loading=\"lazy\" decoding=\"async\" class=\" alignleft size-full wp-image-37349\" style=\"margin: 4px; float: left;\" alt=\"Francesco Piccinini\" src=\"https:\/\/archiviogioia.lavocedelpaese.info\/wp-content\/uploads\/2013\/04\/Francesco_Piccinini.jpg\" height=\"220\" width=\"220\" srcset=\"https:\/\/archiviogioia.lavocedelpaese.info\/wp-content\/uploads\/2013\/04\/Francesco_Piccinini.jpg 450w, https:\/\/archiviogioia.lavocedelpaese.info\/wp-content\/uploads\/2013\/04\/Francesco_Piccinini-300x300.jpg 300w, https:\/\/archiviogioia.lavocedelpaese.info\/wp-content\/uploads\/2013\/04\/Francesco_Piccinini-150x150.jpg 150w\" sizes=\"auto, (max-width: 220px) 100vw, 220px\" \/>Bitonto (<b>Gaetano Parisi<\/b>, classe 1960, categoria S10, primo nei 50 stile 1\u201900\u2019\u201994).<\/p>\n<p style=\"text-align: justify;\">\u201c<i>E\u2019 stata un\u2019edizione davvero straordinaria<\/i> \u2013 dice <b>Francesco Piccinini<\/b>, delegato Finp Puglia \u2013. <i>Non avevamo mai avuto tanti atleti e tante societ\u00e0 partecipanti. L\u2019ottimo risultato dei Regionali \u00e8 un incitamento a continuare su questa strada<\/i>\u201d.<\/p>\n<p style=\"text-align: justify;\">&nbsp;La Finp, che raccoglie persone con disabilit\u00e0 fisica e visiva, \u00e8 nata nel 2010 per volont\u00e0 del Cip, il comitato italiano paralimpico con l\u2019obiettivo di rendere pi\u00f9 visibile il mondo dei disabili. Il campionato regionale si \u00e8 svolto all\u2019interno del primo trofeo Fin \u201cSwim on the caves\u201d, riservato ai Master, la categoria amatori del nuoto dai 25 anni in su. Grazie infatti a un protocollo di intesa fra la Federazione italiana nuoto e la Finp atleti disabili e normodotati possono gareggiare insieme. Perch\u00e9 in piscina si abbatte non esiste la corsia della diversit\u00e0\u201d.<\/p>\n<p style=\"text-align: right;\" align=\"right\">(<b>Patrizia Nettis<\/b> &#8211; Addetto stampa Finp Puglia)<\/p>\n<p>&nbsp;Per visionare e scaricare la <strong>classifica finale dei campionati<\/strong>, <a href=\"https:\/\/archiviogioia.lavocedelpaese.info\/wp-content\/uploads\/2013\/04\/classifica-camp.reg_.finp-2013-med.xls\">clicca qui<\/a>.<\/p>\n","protected":false},"excerpt":{"rendered":"","protected":false},"author":1,"featured_media":37344,"comment_status":"open","ping_status":"closed","sticky":false,"template":"","format":"standard","meta":{"colormag_page_container_layout":"default_layout","colormag_page_sidebar_layout":"default_layout","footnotes":""},"categories":[5],"tags":[],"class_list":["post-37352","post","type-post","status-publish","format-standard","has-post-thumbnail","hentry","category-sport"],"_links":{"self":[{"href":"https:\/\/archiviogioia.lavocedelpaese.info\/index.php?rest_route=\/wp\/v2\/posts\/37352","targetHints":{"allow":["GET"]}}],"collection":[{"href":"https:\/\/archiviogioia.lavocedelpaese.info\/index.php?rest_route=\/wp\/v2\/posts"}],"about":[{"href":"https:\/\/archiviogioia.lavocedelpaese.info\/index.php?rest_route=\/wp\/v2\/types\/post"}],"author":[{"embeddable":true,"href":"https:\/\/archiviogioia.lavocedelpaese.info\/index.php?rest_route=\/wp\/v2\/users\/1"}],"replies":[{"embeddable":true,"href":"https:\/\/archiviogioia.lavocedelpaese.info\/index.php?rest_route=%2Fwp%2Fv2%2Fcomments&post=37352"}],"version-history":[{"count":0,"href":"https:\/\/archiviogioia.lavocedelpaese.info\/index.php?rest_route=\/wp\/v2\/posts\/37352\/revisions"}],"wp:featuredmedia":[{"embeddable":true,"href":"https:\/\/archiviogioia.lavocedelpaese.info\/index.php?rest_route=\/wp\/v2\/media\/37344"}],"wp:attachment":[{"href":"https:\/\/archiviogioia.lavocedelpaese.info\/index.php?rest_route=%2Fwp%2Fv2%2Fmedia&parent=37352"}],"wp:term":[{"taxonomy":"category","embeddable":true,"href":"https:\/\/archiviogioia.lavocedelpaese.info\/index.php?rest_route=%2Fwp%2Fv2%2Fcategories&post=37352"},{"taxonomy":"post_tag","embeddable":true,"href":"https:\/\/archiviogioia.lavocedelpaese.info\/index.php?rest_route=%2Fwp%2Fv2%2Ftags&post=37352"}],"curies":[{"name":"wp","href":"https:\/\/api.w.org\/{rel}","templated":true}]}}