{"id":37395,"date":"2013-04-10T06:47:46","date_gmt":"2013-04-10T06:47:46","guid":{"rendered":"https:\/\/archiviogioia.lavocedelpaese.info\/?p=37395"},"modified":"2013-04-10T06:47:46","modified_gmt":"2013-04-10T06:47:46","slug":"inaugurazione-centro-socio-educativo-casa-di-gioia-2","status":"publish","type":"post","link":"https:\/\/archiviogioia.lavocedelpaese.info\/?p=37395","title":{"rendered":"INAUGURAZIONE CENTRO SOCIO-EDUCATIVO \u201cCASA DI GIOIA\u201d"},"content":{"rendered":"<p><img loading=\"lazy\" decoding=\"async\" class=\" size-full wp-image-37388\" style=\"margin-right: 2px; margin-left: 2px;\" alt=\"centro-diurno-inaugurazione-pp\" src=\"https:\/\/archiviogioia.lavocedelpaese.info\/wp-content\/uploads\/2013\/04\/centro-diurno-inaugurazione-pp.png\" height=\"150\" width=\"320\" srcset=\"https:\/\/archiviogioia.lavocedelpaese.info\/wp-content\/uploads\/2013\/04\/centro-diurno-inaugurazione-pp.png 320w, https:\/\/archiviogioia.lavocedelpaese.info\/wp-content\/uploads\/2013\/04\/centro-diurno-inaugurazione-pp-300x141.png 300w\" sizes=\"auto, (max-width: 320px) 100vw, 320px\" \/><\/p>\n<p><!--more--><\/p>\n<p style=\"margin-bottom: 0.0001pt; text-align: justify; line-height: normal;\"><b><img loading=\"lazy\" decoding=\"async\" class=\" alignleft size-full wp-image-37392\" style=\"margin: 4px; float: left;\" alt=\"invito\" src=\"https:\/\/archiviogioia.lavocedelpaese.info\/wp-content\/uploads\/2013\/04\/invito.jpeg\" height=\"162\" width=\"340\" srcset=\"https:\/\/archiviogioia.lavocedelpaese.info\/wp-content\/uploads\/2013\/04\/invito.jpeg 1241w, https:\/\/archiviogioia.lavocedelpaese.info\/wp-content\/uploads\/2013\/04\/invito-300x143.jpeg 300w, https:\/\/archiviogioia.lavocedelpaese.info\/wp-content\/uploads\/2013\/04\/invito-1024x488.jpeg 1024w, https:\/\/archiviogioia.lavocedelpaese.info\/wp-content\/uploads\/2013\/04\/invito-768x366.jpeg 768w\" sizes=\"auto, (max-width: 340px) 100vw, 340px\" \/>Marted\u00ec 16 aprile 2013<\/b>, ore 16.30, <b>inaugurazione del Centro Diurno Socio-Educativo e Riabilitativo \u201cCasa di gioia \u2013 centro per l\u2019integrazione\u201d<\/b>, via Canonico Indellicati 39 \/41 in Gioia del Colle. Il Centro nasce ai sensi dell\u2019art. 60 della Legge Regionale n. 4\/2007 ed \u00e8 attualmente l\u2019unico nell\u2019ambito di <b>Gioia del Colle, Casamassima, Sammichele e Turi<\/b>.<\/p>\n<p style=\"margin-bottom: 0.0001pt; text-align: justify; line-height: normal;\">L\u2019innovativit\u00e0 di Casa di gioia verte su una <b>Progettualit\u00e0 integrata<\/b> che vede come attori principali l\u2019\u00e9quipe della <b>ASL <\/b>e dei <b>Comuni<\/b> che mediante i PAI e i PEI offrono un indirizzo preciso sugli obiettivi e le modalit\u00e0 di intervento. Tali Piani vengono condivisi dall\u2019 \u00e9quipe multidisciplinare di <b>Impronta Etica s.r.l.<\/b>, che ha voluto inoltre, come partner Enti con una importante professionalit\u00e0 ed esperienza nel campo della disabilit\u00e0 e le Associazioni di famiglie, che diventano cos\u00ec alleate in un circolo virtuoso che vede al centro la persona con disabilit\u00e0.<\/p>\n<p style=\"margin-bottom: 0.0001pt; text-align: justify; line-height: normal;\">Per questo motivo oltre alle attivit\u00e0 e ai servizi previsti dall\u2019articolo 60, <b>il Centro ha previsto in particolare<\/b>:<\/p>\n<ul>\n<li style=\"text-align: justify;\"><b><img loading=\"lazy\" decoding=\"async\" class=\" alignright size-full wp-image-37393\" style=\"margin: 4px; float: right;\" alt=\"invito2\" src=\"https:\/\/archiviogioia.lavocedelpaese.info\/wp-content\/uploads\/2013\/04\/invito2.jpeg\" height=\"157\" width=\"330\" srcset=\"https:\/\/archiviogioia.lavocedelpaese.info\/wp-content\/uploads\/2013\/04\/invito2.jpeg 1654w, https:\/\/archiviogioia.lavocedelpaese.info\/wp-content\/uploads\/2013\/04\/invito2-300x143.jpeg 300w, https:\/\/archiviogioia.lavocedelpaese.info\/wp-content\/uploads\/2013\/04\/invito2-1024x488.jpeg 1024w, https:\/\/archiviogioia.lavocedelpaese.info\/wp-content\/uploads\/2013\/04\/invito2-768x366.jpeg 768w, https:\/\/archiviogioia.lavocedelpaese.info\/wp-content\/uploads\/2013\/04\/invito2-1536x732.jpeg 1536w\" sizes=\"auto, (max-width: 330px) 100vw, 330px\" \/>spazi per l\u2019informatica<\/b> adattata con strumentazione e programmi specifici con consulenti esterni altamente qualificati in disabilit\u00e0 fisiche, sensoriali, intellettive e relazionali<\/li>\n<li style=\"text-align: justify;\"><b>Programmi educativi specifici per l\u2019autismo<\/b>, grazie anche a sinergie con le Associazioni di famiglie<\/li>\n<li style=\"text-align: justify;\"><b>MusicArTerapia<\/b> nella Globalit\u00e0 dei Linguaggi, Musicoterapia, Psicomotricit\u00e0 e Laboratori che in percorsi individuali riescono a valorizzare le potenzialit\u00e0 della singola persona a prescindere dai limiti e dai deficit.<\/li>\n<li style=\"text-align: justify;\"><b>Consulenze esterne specifiche<\/b> di esperti in particolari situazioni di gravit\u00e0 e\/o complessit\u00e0.<\/li>\n<\/ul>\n<p style=\"margin-bottom: 0.0001pt; text-align: justify; line-height: normal;\"><b>Seguiranno<\/b>:<\/p>\n<div style=\"margin-bottom: 0.0001pt; text-align: justify; line-height: normal;\"><b>Presentazione<\/b> del Centro Diurno \u201cCasa di gioia\u201d<\/div>\n<div style=\"margin-bottom: 0.0001pt; text-align: justify; line-height: normal;\"><b>Saluto<\/b> delle Autorit\u00e0<\/div>\n<div style=\"margin-bottom: 0.0001pt; text-align: justify; line-height: normal;\"><b>Benedizione<\/b> del Centro<\/div>\n<div style=\"margin-bottom: 0.0001pt; text-align: justify; line-height: normal;\"><b>Rinfresco<\/b><\/div>\n<p>&nbsp;<\/p>\n","protected":false},"excerpt":{"rendered":"","protected":false},"author":1,"featured_media":37389,"comment_status":"open","ping_status":"closed","sticky":false,"template":"","format":"standard","meta":{"colormag_page_container_layout":"default_layout","colormag_page_sidebar_layout":"default_layout","footnotes":""},"categories":[7],"tags":[],"class_list":["post-37395","post","type-post","status-publish","format-standard","has-post-thumbnail","hentry","category-attualita"],"_links":{"self":[{"href":"https:\/\/archiviogioia.lavocedelpaese.info\/index.php?rest_route=\/wp\/v2\/posts\/37395","targetHints":{"allow":["GET"]}}],"collection":[{"href":"https:\/\/archiviogioia.lavocedelpaese.info\/index.php?rest_route=\/wp\/v2\/posts"}],"about":[{"href":"https:\/\/archiviogioia.lavocedelpaese.info\/index.php?rest_route=\/wp\/v2\/types\/post"}],"author":[{"embeddable":true,"href":"https:\/\/archiviogioia.lavocedelpaese.info\/index.php?rest_route=\/wp\/v2\/users\/1"}],"replies":[{"embeddable":true,"href":"https:\/\/archiviogioia.lavocedelpaese.info\/index.php?rest_route=%2Fwp%2Fv2%2Fcomments&post=37395"}],"version-history":[{"count":0,"href":"https:\/\/archiviogioia.lavocedelpaese.info\/index.php?rest_route=\/wp\/v2\/posts\/37395\/revisions"}],"wp:featuredmedia":[{"embeddable":true,"href":"https:\/\/archiviogioia.lavocedelpaese.info\/index.php?rest_route=\/wp\/v2\/media\/37389"}],"wp:attachment":[{"href":"https:\/\/archiviogioia.lavocedelpaese.info\/index.php?rest_route=%2Fwp%2Fv2%2Fmedia&parent=37395"}],"wp:term":[{"taxonomy":"category","embeddable":true,"href":"https:\/\/archiviogioia.lavocedelpaese.info\/index.php?rest_route=%2Fwp%2Fv2%2Fcategories&post=37395"},{"taxonomy":"post_tag","embeddable":true,"href":"https:\/\/archiviogioia.lavocedelpaese.info\/index.php?rest_route=%2Fwp%2Fv2%2Ftags&post=37395"}],"curies":[{"name":"wp","href":"https:\/\/api.w.org\/{rel}","templated":true}]}}