{"id":37983,"date":"2013-04-20T05:51:22","date_gmt":"2013-04-20T05:51:22","guid":{"rendered":"https:\/\/archiviogioia.lavocedelpaese.info\/?p=37983"},"modified":"2013-04-20T05:51:22","modified_gmt":"2013-04-20T05:51:22","slug":"chi-sono-io-secondo-concorso-fotografico-2","status":"publish","type":"post","link":"https:\/\/archiviogioia.lavocedelpaese.info\/?p=37983","title":{"rendered":"\u201cCHI SONO IO?\u201d. SECONDO CONCORSO FOTOGRAFICO"},"content":{"rendered":"<p><img loading=\"lazy\" decoding=\"async\" class=\" size-full wp-image-37980\" style=\"margin-right: 2px; margin-left: 2px;\" alt=\"chi-sono-io-concorso-pp\" src=\"https:\/\/archiviogioia.lavocedelpaese.info\/wp-content\/uploads\/2013\/04\/chi-sono-io-concorso-pp.png\" height=\"150\" width=\"320\" srcset=\"https:\/\/archiviogioia.lavocedelpaese.info\/wp-content\/uploads\/2013\/04\/chi-sono-io-concorso-pp.png 640w, https:\/\/archiviogioia.lavocedelpaese.info\/wp-content\/uploads\/2013\/04\/chi-sono-io-concorso-pp-300x141.png 300w\" sizes=\"auto, (max-width: 320px) 100vw, 320px\" \/><\/p>\n<p><!--more--><\/p>\n<p style=\"text-align: justify;\"><img loading=\"lazy\" decoding=\"async\" class=\" alignright size-full wp-image-37981\" style=\"margin: 4px; float: right;\" alt=\"558842 10200254393416227 1221608192 n\" src=\"https:\/\/archiviogioia.lavocedelpaese.info\/wp-content\/uploads\/2013\/04\/558842_10200254393416227_1221608192_n.jpg\" height=\"473\" width=\"334\" srcset=\"https:\/\/archiviogioia.lavocedelpaese.info\/wp-content\/uploads\/2013\/04\/558842_10200254393416227_1221608192_n.jpg 678w, https:\/\/archiviogioia.lavocedelpaese.info\/wp-content\/uploads\/2013\/04\/558842_10200254393416227_1221608192_n-212x300.jpg 212w\" sizes=\"auto, (max-width: 334px) 100vw, 334px\" \/>L\u2019Associazione <b>Pro Loco \u201cDino Bianco\u201d<\/b> di Sammichele di Bari <b>bandisce il secondo concorso fotografico 2013<\/b>: \u201c<b>Chi sono io?<\/b>\u201d, rivolto a tutti i cittadini di qualsiasi et\u00e0 che amano la fotografia.<\/p>\n<p style=\"text-align: justify;\">Per questo Concorso 2013 saranno <b>tre le sezioni alle quali le fotografie potranno essere iscritte<\/b>:<br \/> &#8211; <b>Fotografie Digitali<\/b>, sia a colori che in bianco e nero, che hanno subito un processo di elaborazione digitale di base (contrasto \u2013 saturazione \u2013 luminosit\u00e0 \u2013 livelli \u2013 curve \u2013 etc\u2026).<\/p>\n<p style=\"text-align: justify;\">&#8211; <b>Fotografie Digitali Elaborate<\/b>, sia a colori che in bianco e nero, che hanno subito un processo di elaborazione evidente (HDR, Fotomontaggi, ecc\u2026).<\/p>\n<p style=\"text-align: justify;\">&#8211; <b>Fotografie LO-FI<\/b>, foto scattate con cellulari e modificate SOLO con app, da cellulare stesso, come instagram, ecc\u2026<\/p>\n<p style=\"text-align: justify;\"><b>Con questo concorso, proponiamo di fermarci un attimo a pensare alla nostra persona<\/b>, ritrovando la nostra vera identit\u00e0 ed il nostro essere in ogni forma: abitanti delle nostre citt\u00e0, del nostro Paese; esseri viventi animali o vegetali; paesaggi, oggetti, e tutto ci\u00f2 che ci sentiamo di essere o di percepire nelle nostre vite e negli animi\u201d.<\/p>\n<p style=\"text-align: justify;\"><b>Per ulteriori informazioni<\/b>, consultare il bando.<\/p>\n<div style=\"text-align: justify;\"><b>Bando concorso<\/b>:<\/div>\n<div style=\"text-align: justify;\"><a href=\"http:\/\/www.prolocosammicheledibari.it\/download\/CONCORSO%20FOTOGRAFICO%202013(2).pdf\">http:\/\/www.prolocosammicheledibari.it\/download\/CONCORSO%20FOTOGRAFICO%202013(2).pdf<\/a><\/div>\n<div style=\"text-align: justify;\"><b>Scheda di partecipazione<\/b>:<\/div>\n<div style=\"text-align: justify;\"><a href=\"http:\/\/www.prolocosammicheledibari.it\/download\/SCHEDA%20DI%20PARTECIPAZIONE%20AL%20CONCORSO%20FOTOGRAFICO(3).doc\">http:\/\/www.prolocosammicheledibari.it\/download\/SCHEDA%20DI%20PARTECIPAZIONE%20AL%20CONCORSO%20FOTOGRAFICO(3).doc<\/a><\/div>\n<div style=\"text-align: justify;\"><b>Liberatoria<\/b>:<\/div>\n<div style=\"text-align: justify;\"><a href=\"http:\/\/www.prolocosammicheledibari.it\/download\/LIBERATORIA%20PER%20LA%20PUBBLICAZIONE%20DI%20FOTO%20DI%20TERZI.doc\"><\/a><a href=\"http:\/\/www.prolocosammicheledibari.it\/download\/LIBERATORIA%20PER%20LA%20PUBBLICAZIONE%20DI%20FOTO%20DI%20TERZI.doc\">http:\/\/www.prolocosammicheledibari.it\/download\/LIBERATORIA%20PER%20LA%20PUBBLICAZIONE%20DI%20FOTO%20DI%20TERZI.doc<\/a><\/div>\n<p>&nbsp;<\/p>\n","protected":false},"excerpt":{"rendered":"","protected":false},"author":1,"featured_media":37980,"comment_status":"open","ping_status":"closed","sticky":false,"template":"","format":"standard","meta":{"colormag_page_container_layout":"default_layout","colormag_page_sidebar_layout":"default_layout","footnotes":""},"categories":[7],"tags":[],"class_list":["post-37983","post","type-post","status-publish","format-standard","has-post-thumbnail","hentry","category-attualita"],"_links":{"self":[{"href":"https:\/\/archiviogioia.lavocedelpaese.info\/index.php?rest_route=\/wp\/v2\/posts\/37983","targetHints":{"allow":["GET"]}}],"collection":[{"href":"https:\/\/archiviogioia.lavocedelpaese.info\/index.php?rest_route=\/wp\/v2\/posts"}],"about":[{"href":"https:\/\/archiviogioia.lavocedelpaese.info\/index.php?rest_route=\/wp\/v2\/types\/post"}],"author":[{"embeddable":true,"href":"https:\/\/archiviogioia.lavocedelpaese.info\/index.php?rest_route=\/wp\/v2\/users\/1"}],"replies":[{"embeddable":true,"href":"https:\/\/archiviogioia.lavocedelpaese.info\/index.php?rest_route=%2Fwp%2Fv2%2Fcomments&post=37983"}],"version-history":[{"count":0,"href":"https:\/\/archiviogioia.lavocedelpaese.info\/index.php?rest_route=\/wp\/v2\/posts\/37983\/revisions"}],"wp:featuredmedia":[{"embeddable":true,"href":"https:\/\/archiviogioia.lavocedelpaese.info\/index.php?rest_route=\/wp\/v2\/media\/37980"}],"wp:attachment":[{"href":"https:\/\/archiviogioia.lavocedelpaese.info\/index.php?rest_route=%2Fwp%2Fv2%2Fmedia&parent=37983"}],"wp:term":[{"taxonomy":"category","embeddable":true,"href":"https:\/\/archiviogioia.lavocedelpaese.info\/index.php?rest_route=%2Fwp%2Fv2%2Fcategories&post=37983"},{"taxonomy":"post_tag","embeddable":true,"href":"https:\/\/archiviogioia.lavocedelpaese.info\/index.php?rest_route=%2Fwp%2Fv2%2Ftags&post=37983"}],"curies":[{"name":"wp","href":"https:\/\/api.w.org\/{rel}","templated":true}]}}