{"id":38181,"date":"2013-04-24T04:12:17","date_gmt":"2013-04-24T04:12:17","guid":{"rendered":"https:\/\/archiviogioia.lavocedelpaese.info\/?p=38181"},"modified":"2013-04-24T04:12:17","modified_gmt":"2013-04-24T04:12:17","slug":"ueffilo-grande-musica-live-lina-sastri-di-battista-3","status":"publish","type":"post","link":"https:\/\/archiviogioia.lavocedelpaese.info\/?p=38181","title":{"rendered":"U\u00c8FFILO: GRANDE MUSICA LIVE. LINA SASTRI, DI BATTISTA\u2026"},"content":{"rendered":"<p><img loading=\"lazy\" decoding=\"async\" class=\" size-full wp-image-38170\" style=\"margin-right: 2px; margin-left: 2px;\" alt=\"ueffilo-jazz-ristorante-pp\" src=\"https:\/\/archiviogioia.lavocedelpaese.info\/wp-content\/uploads\/2013\/04\/ueffilo-jazz-ristorante-pp.jpg\" height=\"150\" width=\"320\" srcset=\"https:\/\/archiviogioia.lavocedelpaese.info\/wp-content\/uploads\/2013\/04\/ueffilo-jazz-ristorante-pp.jpg 640w, https:\/\/archiviogioia.lavocedelpaese.info\/wp-content\/uploads\/2013\/04\/ueffilo-jazz-ristorante-pp-300x141.jpg 300w\" sizes=\"auto, (max-width: 320px) 100vw, 320px\" \/><\/p>\n<p><!--more--><\/p>\n<p style=\"text-align: justify;\"><b><span style=\"color: #222222;\"><img loading=\"lazy\" decoding=\"async\" class=\" alignleft size-full wp-image-38172\" style=\"margin: 4px; float: left;\" alt=\"linasastri\" src=\"https:\/\/archiviogioia.lavocedelpaese.info\/wp-content\/uploads\/2013\/04\/linasastri.jpg\" height=\"214\" width=\"320\" \/>Dal 24 al 28 aprile 2013 U\u00e8ffilo rilancia la programmazione live<\/span><\/b><span style=\"color: #222222;\"> con cinque giorni di <b>grande musica:dalla regina<\/b> della canzone napoletana <b>Lina Sastri<\/b> (24) <b>al sax di <\/b>gran smalto di <b>Stefano Di Battista<\/b> (25) dalla vocalist soul funky <b>Serena Brancale<\/b> (26) alla voce black di <b>Wendy Lewis<\/b> per chiudere con il sax virtuoso di <b>Rosario Giuliani<\/b> (28).<span style=\"color: #222222;\"><\/span><\/span><\/p>\n<p style=\"text-align: justify;\"><b><span style=\"color: #333333; background: none repeat scroll 0% 0% white;\">Mercoledi 24 aprile<\/span><\/b><span style=\"color: #333333; background: none repeat scroll 0% 0% white;\"> \u00e8 <b>Lina Sastri<\/b> la protagonista del secondo appuntamento della rassegna <b>U\u00e8ffilo d\u2019Autore<\/b> in uno spettacolo suggestivo tra racconto musica e teatro.<span class=\"apple-converted-space\">&nbsp;Qualcuno ha detto che Lina Sastri non si pu\u00f2 raccontare. Chi dice Lina Sastri dice, infatti, teatro, cinema, televisione, musica. Ma anche Napoli, tradizione, passione, coraggio, amore per le proprie radici. Pellicole come \u201cEcce bombo\u201d, \u201cMi manda Picone\u201d, \u201cSegreti Segreti\u201d, \u201cL\u2019inchiesta\u201d, \u201cCelluloide\u201d, \u201cVite strozzate\u201d le hanno perm<\/span><\/span><span class=\"textexposedshow\"><b><img loading=\"lazy\" decoding=\"async\" class=\" alignright size-full wp-image-38173\" style=\"margin: 4px; float: right;\" alt=\"stefano di battista\" src=\"https:\/\/archiviogioia.lavocedelpaese.info\/wp-content\/uploads\/2013\/04\/stefano_di_battista.jpg\" height=\"338\" width=\"250\" srcset=\"https:\/\/archiviogioia.lavocedelpaese.info\/wp-content\/uploads\/2013\/04\/stefano_di_battista.jpg 504w, https:\/\/archiviogioia.lavocedelpaese.info\/wp-content\/uploads\/2013\/04\/stefano_di_battista-222x300.jpg 222w\" sizes=\"auto, (max-width: 250px) 100vw, 250px\" \/><\/b><\/span><span style=\"color: #333333; background: none repeat scroll 0% 0% white;\"><span class=\"apple-converted-space\">esso d<span class=\"textexposedshow\">i diventare uno dei volti pi\u00f9 amati della settima arte italiana. Artista<\/span><\/span><\/span><span style=\"color: #333333; background: none repeat scroll 0% 0% white;\"><span class=\"apple-converted-space\"><span class=\"textexposedshow\"> a tutto tondo, ha lavorato con personalit\u00e0 come Eduardo de Filippo, Giuseppe Patroni Griffi, Armando Pugliese, passando dal t<\/span><\/span><\/span><span style=\"color: #333333; background: none repeat scroll 0% 0% white;\"><span class=\"apple-converted-space\"><span class=\"textexposedshow\">eatro di ricerca alla commedia musicale, fino a \u201cFilumena Marturano\u201d con Luca De Filippo e la regia di Francesco Rosi. L\u2019eclettica artista, amante della musica, ha anche fermato, in sala di registrazione, alcuni brani classici della tradizione napoletana. Grazie alla sua voce calda e roca ha raccolto in un disco, testi interpretati in questi anni, oltre a qualche brano mai cantato prima. Non solo: ha <\/span><\/span><\/span><span style=\"color: #333333; background: none repeat scroll 0% 0% white;\"><span class=\"apple-converted-space\"><span class=\"textexposedshow\">realizzato vari spettacoli musicali di cui ha curato anche la regia, l\u2019ideazione e la drammaturgia. Sono tanti poi, i registi che ha incontrato nella sua strada: Gianfranco Mingozzi, Nanni Moretti, Giuseppe Bertolucci, Nanni Loy, Damiano Damiani, Carlo Lizzani, Ricky Tognazzi, fino a Giuseppe Tornatore che l\u2019ha voluta in \u201cBaaria\u201d. Vincitrice di tre David di Donatello e due Nastri d\u2019Argento, Lina Sastri nel 2011 \u00e8 stata anche insignita del titolo di commendatore al merito dal Presidente della Repubblica Giorgio Napolitano.<\/span><\/span><\/span><\/p>\n<p style=\"text-align: justify;\"><span class=\"textexposedshow\"><b>Gioved\u00ec 25 Aprile<\/b> Ueffilo presenta <b>Stefano Di Battista Groove Edition<\/b> dopo la tappa al Blue Note di Milano. Stefano Di Battista, tra gli artisti di punta della scena italiana jazz, richiestissimo in tutto il mondo, ha collaborato con i pi\u00f9 grandi musicisti del panorama jazz internazionale, tra i tanti Michel Petrucciani, Elvin Jones, Michael Brecker. Le parole che vengono alla mente per descrivere il suo lirismo sono generosit\u00e0, energia e fluidit\u00e0: il suo \u00e8 un revival di virtuosismo e brillantezza che rendo<span style=\"color: #333333; background: none repeat scroll 0% 0% white;\">no i suoi spettacoli veramente impedibili per ogni amante di questa m<\/span><\/span><span class=\"textexposedshow\"><b><img loading=\"lazy\" decoding=\"async\" class=\" alignleft size-full wp-image-38175\" style=\"margin: 4px; float: left;\" alt=\"brancale\" src=\"https:\/\/archiviogioia.lavocedelpaese.info\/wp-content\/uploads\/2013\/04\/brancale.jpg\" height=\"497\" width=\"250\" srcset=\"https:\/\/archiviogioia.lavocedelpaese.info\/wp-content\/uploads\/2013\/04\/brancale.jpg 437w, https:\/\/archiviogioia.lavocedelpaese.info\/wp-content\/uploads\/2013\/04\/brancale-151x300.jpg 151w\" sizes=\"auto, (max-width: 250px) 100vw, 250px\" \/><\/b><\/span><span class=\"textexposedshow\"><span style=\"color: #333333; background: none repeat scroll 0% 0% white;\">usica. Accompagnato da un ensemble musicale d\u2019eccezione con Julian Mazzariello al pianoforte, Daniele Sorrentino al basso, Jerry Popolo al sax, il magistrale sass<\/span><\/span><span class=\"textexposedshow\"><span style=\"color: #333333; background: none repeat scroll 0% 0% white;\">ofonista romano incontra Paco Sery definito dalla critica uno dei pi\u00f9 grandi batteristi al mondo. Campione della musica fusion il batterista africano ha collaborato con Wayne Shorter, Dee Dee Bridgewater, Charlelie Couture, Manu Dibango, Jacques Higelin, Claude Nougaro, Dianne Reeves Mike Stern, Orchestre National de Barb\u00e8s, ma Joe Zawinul (ex Weather Report) \u00e8 la sua collaborazione pi\u00f9 duratura e decisiva. Formazione: Stefano Di Battista sax; Jerry Popolo sax;Julian Mazzariello pianoforte; Daniele Sorrentino basso; Paco Sery batteria.<\/span><\/span><\/p>\n<p style=\"text-align: justify;\"><span class=\"textexposedshow\"><b>Venerdi 26 Aprile<\/b> torna ancora una volta a grandissima richiesta <b>Serena Brancale<\/b> quartet. Talento tanto nitido quanto precoce, a soli 23 anni Serena Brancale \u00e8 gi\u00e0 alla guida di un progetto musicale composto da musicisti di valore e di esperienza. Dotata di una voce scura e personale affinata in tanti anni di studio e di una presenza scenica notevole sostenuta dalla passione per la danza e per la recitazione, con il suo quartetto Serena Brancale propone un repertorio che spazia tra R&amp;B,soul e jazz,in cui a<span style=\"color: #333333; background: none repeat scroll 0% 0% white;\">lterna standard a brani di sua composizione. La giovane cantante battezza un modello estetico costruito sull\u2019espressivit\u00e0 di una voce scura e prorompente, look tanto semplice quanto ricercato e lo sfoggio di una femminilit\u00e0 impellente e genuina che \u00e8 l\u2019efficace controparte del proprio stile musicale.&nbsp;Formazione: <span style=\"color: #333333; background: none repeat scroll 0% 0% white;\">Serena Brancale voce; Beppe Fortunato piano; Paolo Romano basso; Mimmo Campanale batteria.<\/span><\/span><\/span><\/p>\n<p style=\"text-align: justify;\"><span class=\"textexposedshow\"><b>Sabato 27 Aprile<\/b> \u00e8 la volta di <strong>Wendy Lewis<\/strong> in concerto. La suadente vocalist impegnata nel nuovo tour di Mario Biondi fa tappa a Gioia del Colle per una serata indimenticabile.<span style=\"color: #333333; background: none repeat scroll 0% 0% white;\"> Cantante, compositrice, autrice e donna di spettacolo, Wendy Lewis non \u00e8 una straniera dello stage. Nata negli Stati Uniti, nella provincia della citt\u00e0 del blues, gospel e house, Wendy, \u00e8 cresciuta respirando la musica di Chicago. Dal jazz club all&#8217;Orchestra Hall, ha una conoscenza della musica immensa, spaziando dal <\/span><\/span><span class=\"textexposedshow\"><span style=\"color: #333333; background: none repeat scroll 0% 0% white;\"><img loading=\"lazy\" decoding=\"async\" class=\" alignright size-full wp-image-38176\" style=\"margin: 4px; float: right;\" alt=\"Wendy\" src=\"https:\/\/archiviogioia.lavocedelpaese.info\/wp-content\/uploads\/2013\/04\/Wendy.jpg\" height=\"217\" width=\"320\" srcset=\"https:\/\/archiviogioia.lavocedelpaese.info\/wp-content\/uploads\/2013\/04\/Wendy.jpg 698w, https:\/\/archiviogioia.lavocedelpaese.info\/wp-content\/uploads\/2013\/04\/Wendy-300x204.jpg 300w\" sizes=\"auto, (max-width: 320px) 100vw, 320px\" \/><\/span><\/span><span class=\"textexposedshow\"><span style=\"color: #333333; background: none repeat scroll 0% 0% white;\">blues, alla lirica, al musical e tutta la musica americana. Con una voce elegante, calda e<\/span><\/span><span class=\"textexposedshow\"><span style=\"color: #333333; background: none repeat scroll 0% 0% white;\"> senza limiti, esprime le sue speranze e la sua anima. Ha frequentato la scuola di musica pi\u00f9 importante in America, la Juilliard School of New York, studiando con Joyce Mclean and Dodi Protero. Dopo qualche anno di studio decide di lasciare l&#8217;America per allargare la propria carriera all&#8217;estero, diventando in breve tempo un artista di calibro internazionale, con un seguito in Italia, Francia, Grecia, Germania, Svizzera, Ungheria e Nord America.Nei festivali jazz internazionali, ha condiviso il palco con artisti storici come Earth Wind and Fire, Al Jarreau, Maceo Parker, Dianne Reeves, Herbie Goins, Tuck and Patty e Herbie Hancock. In Italia ha collaborato con Ivana Spagna, Nek, Irene Grandi, Raf, Alexia e come solista con<\/span><\/span><span class=\"textexposedshow\"><span style=\"color: #333333; background: none repeat scroll 0% 0% white;\"> Mike Francio, nel gruppo Mystic Diversions.<\/span><\/span><\/p>\n<p style=\"text-align: justify;\"><span class=\"textexposedshow\"><b><img loading=\"lazy\" decoding=\"async\" class=\" alignleft size-full wp-image-38178\" style=\"margin: 4px; float: left;\" alt=\"rosariogiuliani\" src=\"https:\/\/archiviogioia.lavocedelpaese.info\/wp-content\/uploads\/2013\/04\/rosariogiuliani.jpg\" height=\"213\" width=\"320\" srcset=\"https:\/\/archiviogioia.lavocedelpaese.info\/wp-content\/uploads\/2013\/04\/rosariogiuliani.jpg 1024w, https:\/\/archiviogioia.lavocedelpaese.info\/wp-content\/uploads\/2013\/04\/rosariogiuliani-300x199.jpg 300w, https:\/\/archiviogioia.lavocedelpaese.info\/wp-content\/uploads\/2013\/04\/rosariogiuliani-768x510.jpg 768w\" sizes=\"auto, (max-width: 320px) 100vw, 320px\" \/>Domenica 28 Aprile<\/b> nuovo imperdibile appuntamento della prestigiosa <b>Rassegna Jazzitalia<\/b> con il quintetto del sassofonista romano <b>Rosario Giuliani<\/b> per la presentazione del nuovo lavoro discografico &#8220;<b>Images<\/b>\u201d.&nbsp;<span style=\"color: #333333; background: none repeat scroll 0% 0% white;\">In &#8220;Images&#8221; Rosario Giuliani compone quasi tutti i brani (tranne il tema &#8220;Light At Night&#8221; ad opera del talentuoso pianista milanese Roberto Tarenzi). L&#8217;album \u00e8 stato concepito e realizzato come un diario intimo, una sorta di quaderno di appunti di viaggio dove il giovane sassofonista romano traduce in musica una serie di impressioni istantanee legate a dei momenti particolari della sua vita. Un viaggio emotivo, lirico e introspettivo sorprendentemente profondo ed emozionante. Per questa nuovo disco, Giuliani ha scelto una formazione in quintetto con musicisti stellari: John Patitucci al contrabbasso (l&#8217;indispensabile partner di Chick Corea e Wayne Shorter), <strong>Joe La Barbera<\/strong> alla batteria (l&#8217;ultimo compagno di viaggio del grande Bill Evans), <strong>Joe Locke<\/strong> al vibrafono e <strong>Roberto Tarenzi<\/strong> al pianoforte. Ne scaturisce una musica riflessiva e al tempo stesso futuristica, melanconica e solare, capace di esplorare con grandissimo virtuosismo territori idiomatici toccanti e poco conosciuti. Rosario Giuliani, all&#8217;et\u00e0 di 45 anni si impone definitivamente come uno dei pi\u00f9 grandi sassofonisti apparsi sulla scena jazz degli ultimi vent&#8217;anni.&nbsp;Formazione<span style=\"color: #333333; background: none repeat scroll 0% 0% white;\">: Rosario Giuliani (sax), Joe Locke (vibrafono), Roberto Tarenzi (piano), Darryl Hall (contrabbasso), Joe La Barbera (batteria).<\/span><\/span><\/span><\/p>\n<p style=\"text-align: justify;\"><span class=\"textexposedshow\"><b><span style=\"background: none repeat scroll 0% 0% white;\">I concerti avranno inizio alle 21.30<\/span><\/b><span style=\"background: none repeat scroll 0% 0% white;\"> presso U\u00e8ffilo Music Club in Via Donato Boscia 21 a Gioia del Colle.<\/span><\/span><\/p>\n","protected":false},"excerpt":{"rendered":"","protected":false},"author":1,"featured_media":38170,"comment_status":"open","ping_status":"closed","sticky":false,"template":"","format":"standard","meta":{"colormag_page_container_layout":"default_layout","colormag_page_sidebar_layout":"default_layout","footnotes":""},"categories":[7],"tags":[],"class_list":["post-38181","post","type-post","status-publish","format-standard","has-post-thumbnail","hentry","category-attualita"],"_links":{"self":[{"href":"https:\/\/archiviogioia.lavocedelpaese.info\/index.php?rest_route=\/wp\/v2\/posts\/38181","targetHints":{"allow":["GET"]}}],"collection":[{"href":"https:\/\/archiviogioia.lavocedelpaese.info\/index.php?rest_route=\/wp\/v2\/posts"}],"about":[{"href":"https:\/\/archiviogioia.lavocedelpaese.info\/index.php?rest_route=\/wp\/v2\/types\/post"}],"author":[{"embeddable":true,"href":"https:\/\/archiviogioia.lavocedelpaese.info\/index.php?rest_route=\/wp\/v2\/users\/1"}],"replies":[{"embeddable":true,"href":"https:\/\/archiviogioia.lavocedelpaese.info\/index.php?rest_route=%2Fwp%2Fv2%2Fcomments&post=38181"}],"version-history":[{"count":0,"href":"https:\/\/archiviogioia.lavocedelpaese.info\/index.php?rest_route=\/wp\/v2\/posts\/38181\/revisions"}],"wp:featuredmedia":[{"embeddable":true,"href":"https:\/\/archiviogioia.lavocedelpaese.info\/index.php?rest_route=\/wp\/v2\/media\/38170"}],"wp:attachment":[{"href":"https:\/\/archiviogioia.lavocedelpaese.info\/index.php?rest_route=%2Fwp%2Fv2%2Fmedia&parent=38181"}],"wp:term":[{"taxonomy":"category","embeddable":true,"href":"https:\/\/archiviogioia.lavocedelpaese.info\/index.php?rest_route=%2Fwp%2Fv2%2Fcategories&post=38181"},{"taxonomy":"post_tag","embeddable":true,"href":"https:\/\/archiviogioia.lavocedelpaese.info\/index.php?rest_route=%2Fwp%2Fv2%2Ftags&post=38181"}],"curies":[{"name":"wp","href":"https:\/\/api.w.org\/{rel}","templated":true}]}}