{"id":38194,"date":"2013-04-23T09:01:12","date_gmt":"2013-04-23T09:01:12","guid":{"rendered":"https:\/\/archiviogioia.lavocedelpaese.info\/?p=38194"},"modified":"2013-04-23T09:01:12","modified_gmt":"2013-04-23T09:01:12","slug":"i-problemi-affrontati-dal-m5s-gioiese-creano-scalpore-4","status":"publish","type":"post","link":"https:\/\/archiviogioia.lavocedelpaese.info\/?p=38194","title":{"rendered":"I PROBLEMI AFFRONTATI DAL M5S GIOIESE CREANO SCALPORE-video"},"content":{"rendered":"<p><img loading=\"lazy\" decoding=\"async\" class=\" size-full wp-image-38149\" style=\"margin-right: 2px; margin-left: 2px;\" alt=\"m5s-gioia-via-roma-pp\" src=\"https:\/\/archiviogioia.lavocedelpaese.info\/wp-content\/uploads\/2013\/04\/m5s-gioia-via-roma-pp.jpg\" height=\"150\" width=\"320\" srcset=\"https:\/\/archiviogioia.lavocedelpaese.info\/wp-content\/uploads\/2013\/04\/m5s-gioia-via-roma-pp.jpg 640w, https:\/\/archiviogioia.lavocedelpaese.info\/wp-content\/uploads\/2013\/04\/m5s-gioia-via-roma-pp-300x141.jpg 300w\" sizes=\"auto, (max-width: 320px) 100vw, 320px\" \/><\/p>\n<p><!--more--><\/p>\n<p style=\"text-align: justify;\"><span><b><img loading=\"lazy\" decoding=\"async\" class=\" alignleft size-full wp-image-38151\" style=\"margin: 4px; float: left;\" alt=\"m5s-gioia-via-roma\" src=\"https:\/\/archiviogioia.lavocedelpaese.info\/wp-content\/uploads\/2013\/04\/m5s-gioia-via-roma.jpg\" height=\"240\" width=\"320\" srcset=\"https:\/\/archiviogioia.lavocedelpaese.info\/wp-content\/uploads\/2013\/04\/m5s-gioia-via-roma.jpg 800w, https:\/\/archiviogioia.lavocedelpaese.info\/wp-content\/uploads\/2013\/04\/m5s-gioia-via-roma-300x225.jpg 300w, https:\/\/archiviogioia.lavocedelpaese.info\/wp-content\/uploads\/2013\/04\/m5s-gioia-via-roma-768x576.jpg 768w\" sizes=\"auto, (max-width: 320px) 100vw, 320px\" \/>Dopo l\u2019incontro del 21 aprile organizzato dai soci di \u201cGioia del Colle in Movimento\u201d <\/b>in via Roma <b>per affrontare i problemi<\/b> <b>della citt\u00e0<\/b>, <b>in primis quello<\/b> <b>del depuratore<\/b> il cui malfunzionamento continua ad ammorbare con effluvi insopportabili la citt\u00e0 e del canile comunale, altra \u201canomalia\u201d tutta gioiese, <b>le \u201ccinque stelle\u201d iniziano a brillare<\/b> (<a href=\"politica\/7097-gioia-in-movimento-5-stelle-inizia-a-farsi-sentire.html\"><span style=\"text-decoration: none;\">\u201cGIOIA IN MOVIMENTO\u201d 5 STELLE INIZIA A FARSI SENTIRE<\/span><\/a>).<\/span><\/p>\n<p style=\"text-align: justify;\"><span>&#8220;<b>Grande anzi grandissima soddisfazione per l&#8217;interessamento della gente per questo delicato problema<\/b>. Le persone alla nostra prima uscita ci hanno accolto con grande gioia e stupore &nbsp;&#8211; <b>confessa Giuseppe Aquilino<\/b>, presidente dell\u2019Associazione &#8211; &nbsp;e si sono meravigliati del nostro grande lavoro organizzato per il depuratore. La giornata \u00e8 iniziata verso le ore 9.00 in via Roma per poi terminare verso le ore 13 la mattina, per poi proseguire e concludersi la sera alle ore 21. <b>Abbiamo proiettato un video<\/b> fatto da noi <b>dove abbiamo illustrato il vero scempio ambientale e i vari disagi creati <\/b>dal malfunzionamento del nostro depuratore davanti a tanto stupore e incredulit\u00e0 della gente. <b>Tanti i ringraziamenti ricevuti per aver portato sotto gli occhi di tut<\/b><\/span><span><img loading=\"lazy\" decoding=\"async\" class=\" alignright size-full wp-image-38154\" style=\"margin: 4px; float: right;\" alt=\"934057 10200493383431294 724121734 n\" src=\"https:\/\/archiviogioia.lavocedelpaese.info\/wp-content\/uploads\/2013\/04\/934057_10200493383431294_724121734_n.jpg\" height=\"240\" width=\"320\" srcset=\"https:\/\/archiviogioia.lavocedelpaese.info\/wp-content\/uploads\/2013\/04\/934057_10200493383431294_724121734_n.jpg 960w, https:\/\/archiviogioia.lavocedelpaese.info\/wp-content\/uploads\/2013\/04\/934057_10200493383431294_724121734_n-300x225.jpg 300w, https:\/\/archiviogioia.lavocedelpaese.info\/wp-content\/uploads\/2013\/04\/934057_10200493383431294_724121734_n-768x576.jpg 768w\" sizes=\"auto, (max-width: 320px) 100vw, 320px\" \/><\/span><span><b>ti un grosso e delicato problema<\/b> che opprime per la puzza ma non solo tutti i cittadini, e di certo andremo avanti nel combattere tale battaglia, affinch\u00e9 la nostra Amministrazione faccia qualcosa per risolverla. <b>Questa \u00e8 stata la prima di tante uscite che faremo<\/b>&#8230; abbiamo gi\u00e0 <b>in programma<\/b> altri incontri per <b>il problema del canile<\/b> e nell&#8217;allestimento di <b>un mercatino a km zero<\/b>, iniziativa tesa ad aiutare gli agricoltori gioiesi, gi\u00e0 tartassati da mille difficolt\u00e0, e contemporaneamente, garantire ai consumatori la fruibilit\u00e0 di prodotti locali di alta qualit\u00e0 a prezzi contenuti. <b>Ormai siamo una bella realt\u00e0 e invitiamo tutti coloro che vogliono sposare il nostro progetto e le nostre idee per il BENE COMUNE DEL NOSTRO PAESE a partecipare!<\/b>&#8220;<\/span><\/p>\n<p style=\"text-align: justify;\"><span>\u201c<b>Come prima esperienza ci riteniamo soddisfatti &#8211; dichiara Annamaria Lippolis<\/b>, segretaria e vice-presidente -, <b>la gente si \u00e8 avvicinata incuriosita dal video<\/b> e molti <b>ci hanno chiesto informazioni<\/b>. Hanno attratto anche gli <\/span><span>articoli sull\u2019argomento e le mappe riportate sugli espositori. <b>Sicuramente \u00e8 un problema difficile<\/b> da risolvere e molto controverso, <b>ma riteniamo che l\u2019informazione ai cittadini sia doverosa<\/b>, per questo abbiamo deciso di presentarci con il video per mostrare quel che veramente c\u2019\u00e8 nei paraggi del depuratore e delle vasche, con un impatto sicuramente maggiore rispetto al sentito dire\u201d.<\/span><\/p>\n<p><object width=\"640\" height=\"480\" data=\"https:\/\/www.youtube.com\/v\/3iIQDJsqDUo?hl=it_IT&amp;version=3&amp;rel=0\" type=\"application\/x-shockwave-flash\"><param name=\"movie\" value=\"https:\/\/www.youtube.com\/v\/3iIQDJsqDUo?hl=it_IT&amp;version=3&amp;rel=0\" \/><param name=\"allowFullScreen\" value=\"true\" \/><param name=\"allowscriptaccess\" value=\"always\" \/><\/object><\/p>\n","protected":false},"excerpt":{"rendered":"","protected":false},"author":1,"featured_media":38149,"comment_status":"open","ping_status":"closed","sticky":false,"template":"","format":"standard","meta":{"colormag_page_container_layout":"default_layout","colormag_page_sidebar_layout":"default_layout","footnotes":""},"categories":[4],"tags":[],"class_list":["post-38194","post","type-post","status-publish","format-standard","has-post-thumbnail","hentry","category-politica"],"_links":{"self":[{"href":"https:\/\/archiviogioia.lavocedelpaese.info\/index.php?rest_route=\/wp\/v2\/posts\/38194","targetHints":{"allow":["GET"]}}],"collection":[{"href":"https:\/\/archiviogioia.lavocedelpaese.info\/index.php?rest_route=\/wp\/v2\/posts"}],"about":[{"href":"https:\/\/archiviogioia.lavocedelpaese.info\/index.php?rest_route=\/wp\/v2\/types\/post"}],"author":[{"embeddable":true,"href":"https:\/\/archiviogioia.lavocedelpaese.info\/index.php?rest_route=\/wp\/v2\/users\/1"}],"replies":[{"embeddable":true,"href":"https:\/\/archiviogioia.lavocedelpaese.info\/index.php?rest_route=%2Fwp%2Fv2%2Fcomments&post=38194"}],"version-history":[{"count":0,"href":"https:\/\/archiviogioia.lavocedelpaese.info\/index.php?rest_route=\/wp\/v2\/posts\/38194\/revisions"}],"wp:featuredmedia":[{"embeddable":true,"href":"https:\/\/archiviogioia.lavocedelpaese.info\/index.php?rest_route=\/wp\/v2\/media\/38149"}],"wp:attachment":[{"href":"https:\/\/archiviogioia.lavocedelpaese.info\/index.php?rest_route=%2Fwp%2Fv2%2Fmedia&parent=38194"}],"wp:term":[{"taxonomy":"category","embeddable":true,"href":"https:\/\/archiviogioia.lavocedelpaese.info\/index.php?rest_route=%2Fwp%2Fv2%2Fcategories&post=38194"},{"taxonomy":"post_tag","embeddable":true,"href":"https:\/\/archiviogioia.lavocedelpaese.info\/index.php?rest_route=%2Fwp%2Fv2%2Ftags&post=38194"}],"curies":[{"name":"wp","href":"https:\/\/api.w.org\/{rel}","templated":true}]}}