{"id":38209,"date":"2013-04-24T04:25:45","date_gmt":"2013-04-24T04:25:45","guid":{"rendered":"https:\/\/archiviogioia.lavocedelpaese.info\/?p=38209"},"modified":"2013-04-24T04:25:45","modified_gmt":"2013-04-24T04:25:45","slug":"con-vda-voci-dellanima-attori-e-registi-di-pregio-4","status":"publish","type":"post","link":"https:\/\/archiviogioia.lavocedelpaese.info\/?p=38209","title":{"rendered":"CON \u201cVD\u2019A \u2013 VOCI DELL\u2019ANIMA\u201d, ATTORI E REGISTI DI PREGIO"},"content":{"rendered":"<p><img loading=\"lazy\" decoding=\"async\" class=\" size-full wp-image-38182\" style=\"margin-right: 2px; margin-left: 2px;\" alt=\"vda-voci-dellanima-pp\" src=\"https:\/\/archiviogioia.lavocedelpaese.info\/wp-content\/uploads\/2013\/04\/vda-voci-dellanima-pp.png\" height=\"150\" width=\"320\" srcset=\"https:\/\/archiviogioia.lavocedelpaese.info\/wp-content\/uploads\/2013\/04\/vda-voci-dellanima-pp.png 640w, https:\/\/archiviogioia.lavocedelpaese.info\/wp-content\/uploads\/2013\/04\/vda-voci-dellanima-pp-300x141.png 300w\" sizes=\"auto, (max-width: 320px) 100vw, 320px\" \/><\/p>\n<p><!--more--><\/p>\n<p style=\"text-align: justify;\"><b><img loading=\"lazy\" decoding=\"async\" class=\" alignleft size-full wp-image-38183\" style=\"margin: 4px; float: left;\" alt=\"IMG 2073\" src=\"https:\/\/archiviogioia.lavocedelpaese.info\/wp-content\/uploads\/2013\/04\/IMG_2073.JPG\" height=\"240\" width=\"320\" srcset=\"https:\/\/archiviogioia.lavocedelpaese.info\/wp-content\/uploads\/2013\/04\/IMG_2073.JPG 2304w, https:\/\/archiviogioia.lavocedelpaese.info\/wp-content\/uploads\/2013\/04\/IMG_2073-300x225.jpg 300w, https:\/\/archiviogioia.lavocedelpaese.info\/wp-content\/uploads\/2013\/04\/IMG_2073-1024x768.jpg 1024w, https:\/\/archiviogioia.lavocedelpaese.info\/wp-content\/uploads\/2013\/04\/IMG_2073-768x576.jpg 768w, https:\/\/archiviogioia.lavocedelpaese.info\/wp-content\/uploads\/2013\/04\/IMG_2073-1536x1152.jpg 1536w, https:\/\/archiviogioia.lavocedelpaese.info\/wp-content\/uploads\/2013\/04\/IMG_2073-2048x1536.jpg 2048w\" sizes=\"auto, (max-width: 320px) 100vw, 320px\" \/>Vd\u2019A, \u201cVoci dell\u2019anima\u201d<\/b> &#8211; <b>festival teatrale giunto all\u2019undicesima edizione<\/b> -, negli ultimi anni \u201ccontaminato\u201d dal fascino e dalla teatralit\u00e0 della danza di <b>ResExtensa<\/b> che affianca il teatro della Centena di Rimini di <b>Maurizio Arg\u00e0n<\/b> e porta nei suoi teatri abitati in Puglia, per la quarta volta, attori e registi di pregio.<\/p>\n<p style=\"text-align: justify;\">\u201c<b>Il festival offre opportunit\u00e0 di spazio e confronto<\/b> a giovani e affermate compagnie &#8211; afferma <b>Elisa Barucchieri<\/b> -, ricerca e nuove proposte creano osmosi con le realt\u00e0 del territorio. <b>Abbiamo ospitato Michele Sinisi, Roberto Corradino<\/b> e in questi dieci anni pi\u00f9 di seicento compagnie hanno partecipato al Festival\u201d.<\/p>\n<p style=\"text-align: justify;\">\u201c<b>Il territorio si nutre di incontri come questi<\/b> &#8211; <b>conferma<\/b> l\u2019assessore alla Cultura <b>Piera De Giorgi<\/b> -, occasioni preziose per crescere<b>. Questa settimana \u00e8 ricca di eventi<\/b>, fortunatamente non in sovrapposizione con gli spettacoli serali. <b>Con Cultour abbiamo voluto aprire luoghi e realt\u00e0 non sempre <img loading=\"lazy\" decoding=\"async\" class=\" alignright size-full wp-image-38184\" style=\"margin: 4px; float: right;\" alt=\"IMG 2072\" src=\"https:\/\/archiviogioia.lavocedelpaese.info\/wp-content\/uploads\/2013\/04\/IMG_2072.JPG\" height=\"240\" width=\"320\" srcset=\"https:\/\/archiviogioia.lavocedelpaese.info\/wp-content\/uploads\/2013\/04\/IMG_2072.JPG 2304w, https:\/\/archiviogioia.lavocedelpaese.info\/wp-content\/uploads\/2013\/04\/IMG_2072-300x225.jpg 300w, https:\/\/archiviogioia.lavocedelpaese.info\/wp-content\/uploads\/2013\/04\/IMG_2072-1024x768.jpg 1024w, https:\/\/archiviogioia.lavocedelpaese.info\/wp-content\/uploads\/2013\/04\/IMG_2072-768x576.jpg 768w, https:\/\/archiviogioia.lavocedelpaese.info\/wp-content\/uploads\/2013\/04\/IMG_2072-1536x1152.jpg 1536w, https:\/\/archiviogioia.lavocedelpaese.info\/wp-content\/uploads\/2013\/04\/IMG_2072-2048x1536.jpg 2048w\" sizes=\"auto, (max-width: 320px) 100vw, 320px\" \/>fruibili<\/b>, coinvolgendo artisti, archeologi, architetti ed il teatro si armonizza con una diversa declinazione con queste iniziative. E\u2019 il cuore pulsante della citt\u00e0, un magico luogo di incontro in cui ritrovarsi\u201d.<\/p>\n<p style=\"text-align: justify;\">\u201c<b>E\u2019 sconvolgente vedere come vibra l\u2019energia di chi viene per la prima volta in Puglia<\/b> &#8211; confessa Elisa -, il loro viaggio \u00e8 anche il nostro viaggio. La luce, la storia, i profumi, i sapori\u2026 <b>tutto affascina ed \u00e8 con orgoglio e piacere che ospitiamo realt\u00e0 come la Transitions Dance Company<\/b> e le compagnie che parteciperanno alla semifinale del Festival \u201c<b>Voci dell\u2019anima<\/b>\u201d.<\/p>\n<p style=\"text-align: justify;\"><b>\u201cVd\u2019A \u00e8 un osservatorio teatrale interattivo &#8211; dichiara Maurizio Arg\u00e0n<\/b> &#8211; il limite, l&#8217;ostacolo pi\u00f9 insormontabile per le produzioni teatrali risiede nella mancanza di opportunit\u00e0 di circuitazione, limite questo che pregiudica non poco l&#8217;essenza stessa del fare teatro. Il Vd&#8217;A \u00e8 <b>riuscito, attraverso la sua stessa struttura itinerante<\/b> organizzata in tappe geograficamente dislocate e grazie alla sempre pi\u00f9 numerosa partecipazione di teatri e associazioni culturali <img loading=\"lazy\" decoding=\"async\" class=\" alignleft size-full wp-image-38185\" style=\"margin: 4px; float: left;\" alt=\"164909 535213036521994 1128867701 n\" src=\"https:\/\/archiviogioia.lavocedelpaese.info\/wp-content\/uploads\/2013\/04\/164909_535213036521994_1128867701_n.jpg\" height=\"456\" width=\"320\" srcset=\"https:\/\/archiviogioia.lavocedelpaese.info\/wp-content\/uploads\/2013\/04\/164909_535213036521994_1128867701_n.jpg 673w, https:\/\/archiviogioia.lavocedelpaese.info\/wp-content\/uploads\/2013\/04\/164909_535213036521994_1128867701_n-210x300.jpg 210w\" sizes=\"auto, (max-width: 320px) 100vw, 320px\" \/>partner, a fornire una risposta valida a tale problematica, permettendo la compresenza su territori diversi di un certo numero di produzioni provenienti dalle diverse regioni d&#8217;Italia, e garantendo al tempo stesso anche la compresenza di una ampia pluralit\u00e0 di linguaggi\u201d.<\/p>\n<p style=\"text-align: justify;\"><b>In programma ben otto rappresentazioni di cui sei in concorso<\/b>, dall\u2019approccio fortemente sperimentale e multidisciplinare, in cui si intrecciano diversi linguaggi espressivi (<b>teatro, danza, video arte, musica<\/b>). <b>Questa sera<\/b>, mercoled\u00ec 24 aprile, <b>andr\u00e0 in scena alle 21 il<span class=\"textexposedshow\"> Teatro dei Limoni<\/span><\/b><span class=\"textexposedshow\"> (Puglia) <span class=\"textexposedshow\"><b>in Bukowski<\/b>.<\/span><\/span><\/p>\n<p style=\"text-align: justify;\">Questa <b>un\u2019anticipazione di quel che si ascolter\u00e0<\/b>: \u201cIo non sono Bukowski. Charles non era Bukowski. E nessuno sar\u00e0 mai Bukowski. C&#8217;\u00e8 qualcosa nascosto\u2026 qualcosa di cos\u00ec puro che pu\u00f2 appartenere solo a un angelo. Ma gli angeli non esistono, e se esistono hanno le ali di carta che si bagnano alla prima goccia di pioggia. Esiste, invece, una notte che divide il mito dello scrittore dal fragile ubriacone perdente. Una notte sola. Soltanto lui e il suo piccolo uccello azzurro nel cuore. Una notte con Hank\u201d.<\/p>\n<p style=\"text-align: justify;\"><b>Gioved\u00ec, <span class=\"textexposedshow\">25 aprile \u201cApologize Democracy\u201d<\/span><\/b><span class=\"textexposedshow\">, rappresentazione fuori concorso di ResExtensa. <b>Il 26<\/b> sul palco del Rossini <b>Caterina Genta\/Marco Schiavoni<\/b> (Umbria) <span class=\"textexposedshow\">in \u201cBolero del Drago Rosso e altre storie\u201d. <b>Il 27 Matutateatro<\/b> (Lazio) <span class=\"textexposedshow\">in \u201cMacellum\u201d ovvero \u201cIl valzer dell\u2019Orazio\u201d. <b>Domenica <span class=\"textexposedshow\">28 in scena la Compagnia Teatrale Artigianale Elena Guerrini<\/span><\/b><span class=\"textexposedshow\"> (Toscana) <span class=\"textexposedshow\">in \u201cBella tutta\u201d, <b>il 29 la Compagnia Progetto d\u2019Arte<\/b> (Lombardia) <span class=\"textexposedshow\">in \u201cScelta R.Evocabile\u201d, <b>marted\u00ec <span class=\"textexposedshow\">30 aprile fuori concorso il Teatro della Centena<\/span><\/b><span class=\"textexposedshow\"> (Emilia R.) <span class=\"textexposedshow\">in \u201cA-Mantide &#8211; monologo di augurio al pasto\u201d, infine <b>il 1\u00b0 maggio il Teatro Instabile di Aosta<\/b> (Valle d\u2019Aosta) <span class=\"textexposedshow\">in \u201cMedea Reloaded\u201d, mentre le finali&nbsp;si terranno&nbsp;a Rimini in ottobre.<\/span><\/span><\/span><\/span><\/span><\/span><\/span><\/span><\/span><\/p>\n<p style=\"text-align: justify;\"><b>Un primo bilancio su questi mesi di \u201cteatro abitato\u201d<\/b> Elisa lo traccia affermando di aver deciso di lavorare su tutte le opere in <img loading=\"lazy\" decoding=\"async\" class=\" alignright size-full wp-image-32662\" style=\"margin: 4px; float: right;\" alt=\"teatro-ragazzi-laboratorio2\" src=\"https:\/\/archiviogioia.lavocedelpaese.info\/wp-content\/uploads\/2012\/12\/teatro-ragazzi-laboratorio2.jpg\" height=\"240\" width=\"320\" srcset=\"https:\/\/archiviogioia.lavocedelpaese.info\/wp-content\/uploads\/2012\/12\/teatro-ragazzi-laboratorio2.jpg 900w, https:\/\/archiviogioia.lavocedelpaese.info\/wp-content\/uploads\/2012\/12\/teatro-ragazzi-laboratorio2-300x225.jpg 300w, https:\/\/archiviogioia.lavocedelpaese.info\/wp-content\/uploads\/2012\/12\/teatro-ragazzi-laboratorio2-768x576.jpg 768w\" sizes=\"auto, (max-width: 320px) 100vw, 320px\" \/>simultanea.<\/p>\n<p style=\"text-align: justify;\">\u201c<b>Sono grata agli insegnanti che sensibilizzano i ragazzi e ai ragazzi che vengono in teatro<\/b>, mostrandosi attenti ed interessati. Mia madre \u00e8 un\u2019insegnante, sin da piccola l\u2019ho sentita ripetere che <b>se insegni ad un bambino cosa pensare hai creato un perfetto esecutore, se gli insegni \u201ccome\u201d pensare gli hai dato le ali per la vita<\/b>. Il teatro educa i ragazzi all\u2019ascolto ed alla condivisione di linguaggi plurali e <b>le loro osservazioni sono davvero straordinarie<\/b>\u201d.<\/p>\n<div style=\"text-align: justify;\"><span class=\"textexposedshow\"><b>Per informazioni e prenotazioni<\/b>:<\/span><\/div>\n<div style=\"text-align: justify;\"><span class=\"textexposedshow\">ResExtensa 393.4128363 <a href=\"mailto:&lt;a href=\" it=\"\" resextensa=\"\" mailto:prenotazioni=\"\">prenotazioni@resextensa.it<\/a><\/span><\/div>\n<div style=\"text-align: justify;\"><span class=\"textexposedshow\"><b>Teatro Rossini<\/b> 080.3484453 <a href=\"mailto:&lt;a href=\" it=\"\" virgilio=\"\" mailto:teatrorossini=\"\">teatrorossini@virgilio.it<\/a><\/span><\/div>\n<div style=\"text-align: justify;\"><span class=\"textexposedshow\">5,00 \u20ac biglietto posto unico 40,00 \u20ac abbonamento al festival <span class=\"textexposedshow\">per associazioni e gruppi di studenti: <b>ogni 4 biglietti acquistati<\/b> si riceve <b>1 biglietto omaggio<\/b>.<\/span><\/span><\/div>\n<p>&nbsp;<\/p>\n<p>&nbsp;<\/p>\n","protected":false},"excerpt":{"rendered":"","protected":false},"author":1,"featured_media":38182,"comment_status":"open","ping_status":"closed","sticky":false,"template":"","format":"standard","meta":{"colormag_page_container_layout":"default_layout","colormag_page_sidebar_layout":"default_layout","footnotes":""},"categories":[7],"tags":[],"class_list":["post-38209","post","type-post","status-publish","format-standard","has-post-thumbnail","hentry","category-attualita"],"_links":{"self":[{"href":"https:\/\/archiviogioia.lavocedelpaese.info\/index.php?rest_route=\/wp\/v2\/posts\/38209","targetHints":{"allow":["GET"]}}],"collection":[{"href":"https:\/\/archiviogioia.lavocedelpaese.info\/index.php?rest_route=\/wp\/v2\/posts"}],"about":[{"href":"https:\/\/archiviogioia.lavocedelpaese.info\/index.php?rest_route=\/wp\/v2\/types\/post"}],"author":[{"embeddable":true,"href":"https:\/\/archiviogioia.lavocedelpaese.info\/index.php?rest_route=\/wp\/v2\/users\/1"}],"replies":[{"embeddable":true,"href":"https:\/\/archiviogioia.lavocedelpaese.info\/index.php?rest_route=%2Fwp%2Fv2%2Fcomments&post=38209"}],"version-history":[{"count":0,"href":"https:\/\/archiviogioia.lavocedelpaese.info\/index.php?rest_route=\/wp\/v2\/posts\/38209\/revisions"}],"wp:featuredmedia":[{"embeddable":true,"href":"https:\/\/archiviogioia.lavocedelpaese.info\/index.php?rest_route=\/wp\/v2\/media\/38182"}],"wp:attachment":[{"href":"https:\/\/archiviogioia.lavocedelpaese.info\/index.php?rest_route=%2Fwp%2Fv2%2Fmedia&parent=38209"}],"wp:term":[{"taxonomy":"category","embeddable":true,"href":"https:\/\/archiviogioia.lavocedelpaese.info\/index.php?rest_route=%2Fwp%2Fv2%2Fcategories&post=38209"},{"taxonomy":"post_tag","embeddable":true,"href":"https:\/\/archiviogioia.lavocedelpaese.info\/index.php?rest_route=%2Fwp%2Fv2%2Ftags&post=38209"}],"curies":[{"name":"wp","href":"https:\/\/api.w.org\/{rel}","templated":true}]}}