{"id":38380,"date":"2013-04-27T16:54:55","date_gmt":"2013-04-27T16:54:55","guid":{"rendered":"https:\/\/archiviogioia.lavocedelpaese.info\/?p=38380"},"modified":"2013-04-27T16:54:55","modified_gmt":"2013-04-27T16:54:55","slug":"25-aprile-1945-data-storica-da-ricordare-sempre-foto-2","status":"publish","type":"post","link":"https:\/\/archiviogioia.lavocedelpaese.info\/?p=38380","title":{"rendered":"25 APRILE 1945, DATA STORICA DA RICORDARE, SEMPRE-foto"},"content":{"rendered":"<p><img loading=\"lazy\" decoding=\"async\" class=\" size-full wp-image-38371\" style=\"margin-right: 2px; margin-left: 2px;\" alt=\"cerimonia-25-aprile-2013-pp\" src=\"https:\/\/archiviogioia.lavocedelpaese.info\/wp-content\/uploads\/2013\/04\/cerimonia-25-aprile-2013-pp.png\" height=\"150\" width=\"320\" srcset=\"https:\/\/archiviogioia.lavocedelpaese.info\/wp-content\/uploads\/2013\/04\/cerimonia-25-aprile-2013-pp.png 640w, https:\/\/archiviogioia.lavocedelpaese.info\/wp-content\/uploads\/2013\/04\/cerimonia-25-aprile-2013-pp-300x141.png 300w\" sizes=\"auto, (max-width: 320px) 100vw, 320px\" \/><\/p>\n<p><!--more--><\/p>\n<p style=\"text-align: justify;\"><b><img loading=\"lazy\" decoding=\"async\" class=\" alignleft size-full wp-image-38374\" style=\"margin: 4px; float: left;\" alt=\"25 aprile 2013\" src=\"https:\/\/archiviogioia.lavocedelpaese.info\/wp-content\/uploads\/2013\/04\/25_aprile_2013.jpg\" height=\"214\" width=\"340\" srcset=\"https:\/\/archiviogioia.lavocedelpaese.info\/wp-content\/uploads\/2013\/04\/25_aprile_2013.jpg 499w, https:\/\/archiviogioia.lavocedelpaese.info\/wp-content\/uploads\/2013\/04\/25_aprile_2013-300x189.jpg 300w\" sizes=\"auto, (max-width: 340px) 100vw, 340px\" \/>Una ricorrenza che dopo 68 anni ritrova freschezza su face book<\/b>, nelle foto \u201ctaggate\u201d da giovani che di quell\u2019epoca conservano un vago ricordo, nelle trasmissioni televisive di qualit\u00e0 (poche, a onor del vero) in cui riecheggiano le voci dei <b>padri della Costituzione<\/b>, di <b>Pertini<\/b>, <b>Moro<\/b> e dei presidenti di Consiglio e della Repubblica <b>che in questa data<\/b>, <b>con commozione<\/b>, <b>hanno condiviso i loro ricordi e le loro riflessioni<\/b>.<\/p>\n<p style=\"text-align: justify;\"><b>Anche Gioia ha avuto per anni un degno rappresentante della memoria storica di quell\u2019epoca, Vittorio Giannico<\/b>. Oggi un po\u2019 in sordina, al cospetto di pochi, senza quelle scolaresche cui sarebbe bello tramandare il vissuto, <b>si ridepone la corona di alloro e si critica la posizione della fascia tricolore indossata dall\u2019assessore Mariantonietta Taranto<\/b>.<b><img loading=\"lazy\" decoding=\"async\" class=\" alignright size-full wp-image-38375\" style=\"margin: 4px; float: right;\" alt=\"taranto mariantonietta 25 aprile\" src=\"https:\/\/archiviogioia.lavocedelpaese.info\/wp-content\/uploads\/2013\/04\/taranto_mariantonietta_25_aprile.JPG\" height=\"227\" width=\"340\" srcset=\"https:\/\/archiviogioia.lavocedelpaese.info\/wp-content\/uploads\/2013\/04\/taranto_mariantonietta_25_aprile.JPG 720w, https:\/\/archiviogioia.lavocedelpaese.info\/wp-content\/uploads\/2013\/04\/taranto_mariantonietta_25_aprile-300x200.jpg 300w\" sizes=\"auto, (max-width: 340px) 100vw, 340px\" \/><\/b><\/p>\n<p style=\"text-align: justify;\"><b>Una critica pi\u00f9 costruttiva forse sarebbe da rivolgere agli amministratori in generale, <\/b>gli stessi che oggi possono governare grazie a quella \u201clibert\u00e0\u201d conquistata a caro prezzo 68 anni fa, <b>molti dei quali assenti e soprattutto indifferenti a tutto ci\u00f2 che non sia il bando, l\u2019aggiudicazione, la deliberazione del momento<\/b>. In un regime quale futuro avrebbero avuto?<\/p>\n<p style=\"text-align: justify;\"><b>I protagonisti di quell\u2019eroica liberazione ancora in vita sono pochi<\/b>, eppur fortemente legati a quel momento storico in cui la conquista della libert\u00e0, la fine di una dittatura e di una guerra, aprivano scenari di speranza per gli italiani.<\/p>\n<p style=\"text-align: justify;\">\u201c<b>Posso dirti che in giornate come queste apprezzi ci\u00f2 che si d\u00e0 per scontato<\/b> &#8211; <b>dichiara a GioiaNet l\u2019assessore Taranto<\/b> &#8211; &#8230; la liberta di agire, di pensare&#8230; non \u00e9 sempre stato cos\u00ec. <b>Stamattina mi ha fatto riflettere un episodio<\/b>: una ragazzina, neo liceale ha chiesto a sua madre <img loading=\"lazy\" decoding=\"async\" class=\" alignleft size-full wp-image-38376\" style=\"margin: 4px; float: left;\" alt=\"25 aprile 2013a\" src=\"https:\/\/archiviogioia.lavocedelpaese.info\/wp-content\/uploads\/2013\/04\/25_aprile_2013a.jpg\" height=\"239\" width=\"340\" srcset=\"https:\/\/archiviogioia.lavocedelpaese.info\/wp-content\/uploads\/2013\/04\/25_aprile_2013a.jpg 500w, https:\/\/archiviogioia.lavocedelpaese.info\/wp-content\/uploads\/2013\/04\/25_aprile_2013a-300x211.jpg 300w\" sizes=\"auto, (max-width: 340px) 100vw, 340px\" \/>cosa si stesse festeggiando. Ho sorriso con amarezza, pensando che <b>cerimonie come quelle di stamattina diventano non solo importanti ma fondamentali<\/b>. Occorre ricordare alle giovani generazioni che quello che loro danno per scontato, \u00e9 <b>il risultato di una grande lotta e questo anche per evitare che gli errori del passato possano essere ripetuti<\/b>. Se si pensa, poi, che ancor oggi ci sono nel mondo regimi totalitari vengono i brividi\u2026 <b>Non si pu\u00f2 prescindere da certi valori, come il rispetto della libert\u00e0 altrui&#8230;<\/b> ogni adulto che si voglia definire tale, ha la responsabilit\u00e0 oltre che il dovere di spiegare questo ai propri figli e nipoti!\u201d.<\/p>\n<p style=\"text-align: justify;\">\u201cL\u2019esempio pi\u00f9 importante che va mutuato da questa ricorrenza &#8211; conclude la Taranto &#8211; \u00e8 che <b>al di l\u00e0 delle varie ideologie si sia uniti<\/b> contro quei regimi che trovano la loro forza nella violenza e nell\u2019annientamento delle libert\u00e0 e dei diritti fondamentali dell&#8217;uomo. <b>Questa \u00e8 la festa di tutti noi italiani<\/b>, questi sono i valori per cui \u00e8 importante lottare da sem<img loading=\"lazy\" decoding=\"async\" class=\" alignright size-full wp-image-27338\" style=\"margin: 4px; float: right;\" alt=\"orfino\" src=\"https:\/\/archiviogioia.lavocedelpaese.info\/wp-content\/uploads\/2012\/09\/orfino.jpg\" height=\"333\" width=\"250\" srcset=\"https:\/\/archiviogioia.lavocedelpaese.info\/wp-content\/uploads\/2012\/09\/orfino.jpg 721w, https:\/\/archiviogioia.lavocedelpaese.info\/wp-content\/uploads\/2012\/09\/orfino-225x300.jpg 225w\" sizes=\"auto, (max-width: 250px) 100vw, 250px\" \/>pre e in cui bisogna credere\u201d.<\/p>\n<p style=\"text-align: justify;\">\u201c<b>Leggo sulle bacheche di tanti amici che non ha pi\u00f9 senso festeggiare il 25 aprile \u2013 afferma Giovanni Orfino<\/b> -, capisco il loro malcontento, <b>ma non condivido quest&#8217;idea di rassegnazione<\/b>. Non \u00e8 arrendendosi che si risolve il problema. Sar\u00e0 che per mia natura sono ottimista, ma credo che <b>prima o poi usciremo da questo &#8220;pantano&#8221; morale<\/b>, oltre che economico, nel quale siamo scivolati. Sottolineo, anzi, l&#8217;aggettivazione &#8220;morale&#8221; perch\u00e9 assistiamo quotidianamente ad un declino dei valori che hanno caratterizzato negli anni la nostra &#8220;italianit\u00e0&#8221;.<\/p>\n<p style=\"text-align: justify;\"><b>Siamo governati da chi non \u00e8 in grado di fare nulla <\/b>e che, peraltro, appartiene a quella generazione che ha portato alla rovina l&#8217;Italia, ne ha prosciugato le casse ed oggi vive a spese di un&#8217;altra generazione, la nostra, che prende in giro, offende ed alla quale ha tolto il &#8220;diritto&#8221; a pianificare il proprio avvenire. <b>Questa amara constatazione, tuttavia, non deve portarci ad abbatterci e rinunciare a sperare in un futuro migliore<\/b>.A chi scrive che oggi ci vorrebbero dei veri partigiani rispondo che, in realt\u00e0, ci sono. <b>I veri &#8220;rivoluzionari&#8221; sono quelli che<\/b>, nonostante tutto, <b>non si piegano ai &#8220;canoni&#8221; di questa societ\u00e0<\/b> e, a schiena dritta e testa alta, vanno avanti. Sono quelli che la mattina si alzano per andare a lavorare (magari sottopagati), che fanno ricerca, che pagano le tasse, che <b>fanno associazionismo ed aiutano il prossimo<\/b>&#8230;<b>sono quelli che<\/b>, anche se stanno bene, <b>si incazzano se vedono che<\/b> per gli altri non \u00e8 cos\u00ec. Questi sono i veri <img loading=\"lazy\" decoding=\"async\" class=\" alignleft size-full wp-image-38377\" style=\"margin: 4px; float: left;\" alt=\"cerimonia 25 aprile corona\" src=\"https:\/\/archiviogioia.lavocedelpaese.info\/wp-content\/uploads\/2013\/04\/cerimonia_25_aprile_corona.JPG\" height=\"227\" width=\"340\" srcset=\"https:\/\/archiviogioia.lavocedelpaese.info\/wp-content\/uploads\/2013\/04\/cerimonia_25_aprile_corona.JPG 720w, https:\/\/archiviogioia.lavocedelpaese.info\/wp-content\/uploads\/2013\/04\/cerimonia_25_aprile_corona-300x200.jpg 300w\" sizes=\"auto, (max-width: 340px) 100vw, 340px\" \/>partigiani e, ne sono sicuro, prima o poi vinceranno\u201d.<\/p>\n<p style=\"text-align: justify;\">Scatti fotografici della manifestazione a cura di <strong>Mario Di Giuseppe<\/strong> che ringraziamo per la consueta collaborazione.<\/p>\n<p><object type=\"application\/x-shockwave-flash\" width=\"660\" height=\"660\" flashvars=\"host=picasaweb.google.com&amp;hl=it&amp;feat=flashalbum&amp;RGB=0x000000&amp;feed=https:\/\/picasaweb.google.com\/data\/feed\/api\/user\/104626251937098962566\/albumid\/5871594922295583761?alt=rss&amp;kind=photo&amp;hl=it\" pluginspage=\"http:\/\/www.macromedia.com\/go\/getflashplayer\" data=\"https:\/\/picasaweb.google.com\/s\/c\/bin\/slideshow.swf\"><param name=\"movie\" value=\"https:\/\/picasaweb.google.com\/s\/c\/bin\/slideshow.swf\" \/><\/object><\/p>\n","protected":false},"excerpt":{"rendered":"","protected":false},"author":1,"featured_media":38371,"comment_status":"open","ping_status":"closed","sticky":false,"template":"","format":"standard","meta":{"colormag_page_container_layout":"default_layout","colormag_page_sidebar_layout":"default_layout","footnotes":""},"categories":[4],"tags":[],"class_list":["post-38380","post","type-post","status-publish","format-standard","has-post-thumbnail","hentry","category-politica"],"_links":{"self":[{"href":"https:\/\/archiviogioia.lavocedelpaese.info\/index.php?rest_route=\/wp\/v2\/posts\/38380","targetHints":{"allow":["GET"]}}],"collection":[{"href":"https:\/\/archiviogioia.lavocedelpaese.info\/index.php?rest_route=\/wp\/v2\/posts"}],"about":[{"href":"https:\/\/archiviogioia.lavocedelpaese.info\/index.php?rest_route=\/wp\/v2\/types\/post"}],"author":[{"embeddable":true,"href":"https:\/\/archiviogioia.lavocedelpaese.info\/index.php?rest_route=\/wp\/v2\/users\/1"}],"replies":[{"embeddable":true,"href":"https:\/\/archiviogioia.lavocedelpaese.info\/index.php?rest_route=%2Fwp%2Fv2%2Fcomments&post=38380"}],"version-history":[{"count":0,"href":"https:\/\/archiviogioia.lavocedelpaese.info\/index.php?rest_route=\/wp\/v2\/posts\/38380\/revisions"}],"wp:featuredmedia":[{"embeddable":true,"href":"https:\/\/archiviogioia.lavocedelpaese.info\/index.php?rest_route=\/wp\/v2\/media\/38371"}],"wp:attachment":[{"href":"https:\/\/archiviogioia.lavocedelpaese.info\/index.php?rest_route=%2Fwp%2Fv2%2Fmedia&parent=38380"}],"wp:term":[{"taxonomy":"category","embeddable":true,"href":"https:\/\/archiviogioia.lavocedelpaese.info\/index.php?rest_route=%2Fwp%2Fv2%2Fcategories&post=38380"},{"taxonomy":"post_tag","embeddable":true,"href":"https:\/\/archiviogioia.lavocedelpaese.info\/index.php?rest_route=%2Fwp%2Fv2%2Ftags&post=38380"}],"curies":[{"name":"wp","href":"https:\/\/api.w.org\/{rel}","templated":true}]}}