{"id":38603,"date":"2013-04-30T04:56:31","date_gmt":"2013-04-30T04:56:31","guid":{"rendered":"https:\/\/archiviogioia.lavocedelpaese.info\/?p=38603"},"modified":"2013-04-30T04:56:31","modified_gmt":"2013-04-30T04:56:31","slug":"cultour-visita-museo-della-civilta-contadina-foto-5","status":"publish","type":"post","link":"https:\/\/archiviogioia.lavocedelpaese.info\/?p=38603","title":{"rendered":"\u201cCULTOUR\u201d VISITA MUSEO DELLA CIVILT\u00c1 CONTADINA-foto"},"content":{"rendered":"<p><img loading=\"lazy\" decoding=\"async\" class=\" size-full wp-image-38528\" style=\"margin-right: 2px; margin-left: 2px;\" height=\"150\" alt=\"museo-visitatori-pp\" src=\"https:\/\/archiviogioia.lavocedelpaese.info\/wp-content\/uploads\/2013\/04\/museo-visitatori-pp.jpg\" width=\"320\" srcset=\"https:\/\/archiviogioia.lavocedelpaese.info\/wp-content\/uploads\/2013\/04\/museo-visitatori-pp.jpg 640w, https:\/\/archiviogioia.lavocedelpaese.info\/wp-content\/uploads\/2013\/04\/museo-visitatori-pp-300x141.jpg 300w\" sizes=\"auto, (max-width: 320px) 100vw, 320px\" \/><\/p>\n<p><!--more--><\/p>\n<p style=\"text-align: justify;\"><b><img loading=\"lazy\" decoding=\"async\" class=\" alignleft size-full wp-image-38529\" style=\"margin: 4px; float: left;\" height=\"240\" alt=\"museo visitatori2\" src=\"https:\/\/archiviogioia.lavocedelpaese.info\/wp-content\/uploads\/2013\/04\/museo_visitatori2.jpg\" width=\"320\" srcset=\"https:\/\/archiviogioia.lavocedelpaese.info\/wp-content\/uploads\/2013\/04\/museo_visitatori2.jpg 640w, https:\/\/archiviogioia.lavocedelpaese.info\/wp-content\/uploads\/2013\/04\/museo_visitatori2-300x225.jpg 300w\" sizes=\"auto, (max-width: 320px) 100vw, 320px\" \/>In occasione della settimana della Cultura 2013<\/b>, organizzata dall\u2019assessorato competente in collaborazione con la Biblioteca comunale e l\u2019Associazione culturale onlus, \u201cLa Meridiana\u201d, il 28 aprile <b>il Museo della Civilt\u00e0 contadina ed industriale del dottor Vito Santoiemma ha accolto in visita guidata i gioiesi<\/b>.<\/p>\n<p style=\"text-align: justify;\"><b>Di seguito la testimonianza della professoressa Rosalba Buttiglione<\/b>.<\/p>\n<p style=\"text-align: justify;\">\u201c<b>Siamo stati ricevuti da due componenti dell\u2019Associazione Culturale LA MERIDIANA<\/b>, la dottoressa <b>Daniela Paradiso<\/b>, presidente, e il professore <b>Domenico Paradiso<\/b> e dall\u2019ideatore &#8211; proprietario dell\u2019intera struttura, suppellettili comprese, il dottor <b>Vito Santoiemma<\/b>.<\/p>\n<p style=\"text-align: justify;\"><b>Il gruppo non era numeroso, ma molt<\/b><img loading=\"lazy\" decoding=\"async\" class=\" alignright size-full wp-image-38532\" style=\"margin: 4px; float: right;\" height=\"333\" alt=\"museo oggetti antichi\" src=\"https:\/\/archiviogioia.lavocedelpaese.info\/wp-content\/uploads\/2013\/04\/museo_oggetti_antichi.jpg\" width=\"250\" srcset=\"https:\/\/archiviogioia.lavocedelpaese.info\/wp-content\/uploads\/2013\/04\/museo_oggetti_antichi.jpg 384w, https:\/\/archiviogioia.lavocedelpaese.info\/wp-content\/uploads\/2013\/04\/museo_oggetti_antichi-225x300.jpg 225w\" sizes=\"auto, (max-width: 250px) 100vw, 250px\" \/><b>o interessato<\/b>! <b>Qualcuno <\/b>di noi, stranamente, <b>non conosceva ancora l\u2019esistenza di questa&nbsp; raccolta<\/b> e quindi \u00e8 stato particolarmente impressionato dalla vastit\u00e0 e ricchezza della stessa.<\/p>\n<p style=\"text-align: justify;\"><b>Il dottor Vito Santoiemma con grande competenza e gentilezza ci ha fatto strada fra i suoi \u201cgioielli\u201d<\/b>. In realt\u00e0, su nostra richiesta, ha cominciato col narrarci la storia dell\u2019interesse familiare per l\u2019artigianato.<\/p>\n<p style=\"text-align: justify;\"><b>Il padre Peppino e gli zii Alessandro e Giovanni<\/b>, sulla scia del loro padre bottaio, <b>hanno incominciato, sin da giovanissimi, a coltivare attivit\u00e0&nbsp;artigianali<\/b> che hanno trasmesso in lui l\u2019interesse per la conservazione del patrimonio culturale legato a questo mondo lavorativo.<\/p>\n<p style=\"text-align: justify;\"><b>La prima cosa che colpisce<\/b>, entrando nei grandi locali di famiglia, <b>\u00e8 la numerosit\u00e0 e variet\u00e0 dei pezzi collezionati<\/b>.<\/p>\n<p style=\"text-align: justify;\">Insieme a \u201cnormali\u201d brocche, forconi, zappe, mortai\u2026 di varie fatture e dimensioni, <b>\u00e8 la singolare rarit\u00e0 di alcuni pezzi che incanta!<\/b> <b>Impossibile citarli tutti! Restano nello sguardo e nella mente<\/b>\u2026 si potrebbe sognare che di notte si mettano in movimento e <img loading=\"lazy\" decoding=\"async\" class=\" alignleft size-full wp-image-38534\" style=\"margin: 4px; float: left;\" height=\"333\" alt=\"museo scolaresca\" src=\"https:\/\/archiviogioia.lavocedelpaese.info\/wp-content\/uploads\/2013\/04\/museo_scolaresca.jpg\" width=\"250\" srcset=\"https:\/\/archiviogioia.lavocedelpaese.info\/wp-content\/uploads\/2013\/04\/museo_scolaresca.jpg 384w, https:\/\/archiviogioia.lavocedelpaese.info\/wp-content\/uploads\/2013\/04\/museo_scolaresca-225x300.jpg 225w\" sizes=\"auto, (max-width: 250px) 100vw, 250px\" \/>tornino a vivere come in un film d\u2019animazione! Prover\u00f2 a citarne alcuni tra i pi\u00f9 facili da ricordare, ad esempio <b>i piccoli trapani per riparare i piatti di creta, i punti metallici, i post<\/b>, che venivano usati da questi specialisti! <b>Accanto a questi oggetti\u2026 quanti ricordi!<\/b> La casa della nonna, artigiani che arrivavano con la bicicletta, unico veicolo alla loro portata! La richiesta, le trattative per il prezzo\u2026 e poi il lavoro sotto la capanna! E la nonna con un bicchiere di vino&#8230; un pezzo di pane&#8230; un po\u2019 di formaggio per offrire un po\u2019 di ristoro! Il sole abbacinante sull\u2019aia!<\/p>\n<p style=\"text-align: justify;\"><b>Dopo di noi \u00e8 arrivata una scolaresca, terza elementare! Loro non hanno e&nbsp;non avranno mai questi ricordi! <\/b>Mi sono chiesta cosa pensassero di tutti quegli attrezzi, nella loro testolina!<\/p>\n<p style=\"text-align: justify;\"><b>Suggerirei a tutti di visitare questa raccolta interessantissima<\/b> in cui ci sono i \u201cmegafoni\u201d dei banditori di notizie o di vendite straordinarie, <b>attrezzi che vanno dal III secolo a. C.<\/b> per la lavorazione del grano, <b>sino al secolo scorso<\/b>; un congegno a pale per produrre energia, antenato delle pale eoliche; forbici per tosare le pecore; formine per i dolci; torni per il legno; lavori artistici in ferro battuto; attrezzature per cererie; l\u2019antenata di un\u2019incubatrice! <b>Ma tra i pezzi pi\u00f9 singolari, unici, un antichissimo mulino a macina <img loading=\"lazy\" decoding=\"async\" class=\" alignright size-full wp-image-38535\" style=\"margin: 4px; float: right;\" height=\"240\" alt=\"museo mulino in pietra\" src=\"https:\/\/archiviogioia.lavocedelpaese.info\/wp-content\/uploads\/2013\/04\/museo_mulino_in_pietra.jpg\" width=\"320\" srcset=\"https:\/\/archiviogioia.lavocedelpaese.info\/wp-content\/uploads\/2013\/04\/museo_mulino_in_pietra.jpg 640w, https:\/\/archiviogioia.lavocedelpaese.info\/wp-content\/uploads\/2013\/04\/museo_mulino_in_pietra-300x225.jpg 300w\" sizes=\"auto, (max-width: 320px) 100vw, 320px\" \/>in pietra<\/b>, poggiato, <b>incastrato in un tronco mastodontico..<\/b> tutto tarlato da voracissimi tarli! E poi una montagna di forme per scarpe personalizzate, con gli adattamenti ai bisogni &#8211; problemi dei vari clienti! Piccole forme per scarpette di bambini\u2026 Proprio sotto le innumerevoli forme per scarpe, gli attrezzi per calzolaio, in un accostamento forse casuale, ma per me significativo, evocativo. <b>Uno dei pochi oggetti del museo che porta la targhetta della sua provenienza: \u201cMaestro Saverio Tancorre, Corso Vittorio Emanuele, 100\u201d. Trattasi di un <em>mest<\/em> di biciclette e motorini!<\/b> Un tipo di artigiano ormai scomparso, ma molto importante nel secolo scorso, quando la bicicletta ed i primi motorini erano gli unici mezzi di locomozione. <b>E&#8230; fortunato chi poteva permetterseli!<\/b> L\u2019oggetto donato dai figli del maestro al museo \u00e8 una graziosissima biciclettina per bambini, ancora in buona stato, con annesso un carrozzino! <b>Una vera e propria sidecar! Facile <img loading=\"lazy\" decoding=\"async\" class=\" alignleft size-full wp-image-38536\" style=\"margin: 4px; float: left;\" height=\"240\" alt=\"museo bicicletta depoca\" src=\"https:\/\/archiviogioia.lavocedelpaese.info\/wp-content\/uploads\/2013\/04\/museo_bicicletta_depoca.jpg\" width=\"320\" srcset=\"https:\/\/archiviogioia.lavocedelpaese.info\/wp-content\/uploads\/2013\/04\/museo_bicicletta_depoca.jpg 640w, https:\/\/archiviogioia.lavocedelpaese.info\/wp-content\/uploads\/2013\/04\/museo_bicicletta_depoca-300x225.jpg 300w\" sizes=\"auto, (max-width: 320px) 100vw, 320px\" \/>immaginare la gioia dei bimbi destinatari di tale oggetto! <\/b>Non si sa se il maestro l\u2019abbia costruita per i propri figli, o meglio, per ragioni economiche, per i figli di qualche ricco committente!Tutti oggetti che ricordano la vita di persone che fanno parte ormai della nostra storia! Tutti oggetti che suscitano tanta tenerezza! <b>Nel gruppo anche Leonardo Resta, agricoltore, ma di quelli che s\u2019interessano anche di altro, innamorato della pietra che lavora ed usa in varie forme artistiche! <\/b>Nella sua masseria anche la cuccia del cane \u00e8 di pietra! Oggi, interessato come noi alla visita, alla fine ha rivestito il ruolo del maestro cestaio ed ha iniziato ad intrecciare un cestino per innamorarci alla sua arte! Era gi\u00e0 un po\u2019 tardi e lui si affrettava, perch\u00e9 voleva che assistessimo al suo lavoro! <b>Per fortuna ci sono ancora persone cos\u00ec! Come lui e come il dottor Santoiemma a cui dovrebbe andare il plauso dei concittadini e delle autorit\u00e0 costituite<\/b>, ed il loro impegno affinch\u00e9 questa bella, unica opportunit\u00e0 cittadina sia valorizzata al massimo\u201d.<\/p>\n<p style=\"text-align: justify;\"><b>Si ringrazia per il ricco contributo fotografico Vanna Magistro<\/b>.<\/p>\n<p><object type=\"application\/x-shockwave-flash\" width=\"660\" height=\"660\" flashvars=\"host=picasaweb.google.com&amp;hl=it&amp;feat=flashalbum&amp;RGB=0x000000&amp;feed=https:\/\/picasaweb.google.com\/data\/feed\/api\/user\/104626251937098962566\/albumid\/5872542382488685249?alt=rss&amp;kind=photo&amp;hl=it\" pluginspage=\"http:\/\/www.macromedia.com\/go\/getflashplayer\" data=\"https:\/\/picasaweb.google.com\/s\/c\/bin\/slideshow.swf\"><param name=\"movie\" value=\"https:\/\/picasaweb.google.com\/s\/c\/bin\/slideshow.swf\" \/><\/object><\/p>\n","protected":false},"excerpt":{"rendered":"","protected":false},"author":1,"featured_media":38528,"comment_status":"open","ping_status":"closed","sticky":false,"template":"","format":"standard","meta":{"colormag_page_container_layout":"default_layout","colormag_page_sidebar_layout":"default_layout","footnotes":""},"categories":[7],"tags":[],"class_list":["post-38603","post","type-post","status-publish","format-standard","has-post-thumbnail","hentry","category-attualita"],"_links":{"self":[{"href":"https:\/\/archiviogioia.lavocedelpaese.info\/index.php?rest_route=\/wp\/v2\/posts\/38603","targetHints":{"allow":["GET"]}}],"collection":[{"href":"https:\/\/archiviogioia.lavocedelpaese.info\/index.php?rest_route=\/wp\/v2\/posts"}],"about":[{"href":"https:\/\/archiviogioia.lavocedelpaese.info\/index.php?rest_route=\/wp\/v2\/types\/post"}],"author":[{"embeddable":true,"href":"https:\/\/archiviogioia.lavocedelpaese.info\/index.php?rest_route=\/wp\/v2\/users\/1"}],"replies":[{"embeddable":true,"href":"https:\/\/archiviogioia.lavocedelpaese.info\/index.php?rest_route=%2Fwp%2Fv2%2Fcomments&post=38603"}],"version-history":[{"count":0,"href":"https:\/\/archiviogioia.lavocedelpaese.info\/index.php?rest_route=\/wp\/v2\/posts\/38603\/revisions"}],"wp:featuredmedia":[{"embeddable":true,"href":"https:\/\/archiviogioia.lavocedelpaese.info\/index.php?rest_route=\/wp\/v2\/media\/38528"}],"wp:attachment":[{"href":"https:\/\/archiviogioia.lavocedelpaese.info\/index.php?rest_route=%2Fwp%2Fv2%2Fmedia&parent=38603"}],"wp:term":[{"taxonomy":"category","embeddable":true,"href":"https:\/\/archiviogioia.lavocedelpaese.info\/index.php?rest_route=%2Fwp%2Fv2%2Fcategories&post=38603"},{"taxonomy":"post_tag","embeddable":true,"href":"https:\/\/archiviogioia.lavocedelpaese.info\/index.php?rest_route=%2Fwp%2Fv2%2Ftags&post=38603"}],"curies":[{"name":"wp","href":"https:\/\/api.w.org\/{rel}","templated":true}]}}