{"id":38901,"date":"2013-05-05T09:46:33","date_gmt":"2013-05-05T09:46:33","guid":{"rendered":"https:\/\/archiviogioia.lavocedelpaese.info\/?p=38901"},"modified":"2013-05-05T09:46:33","modified_gmt":"2013-05-05T09:46:33","slug":"lezioni-di-sicurezza-per-gli-scolari-scuola-c-soria-foto","status":"publish","type":"post","link":"https:\/\/archiviogioia.lavocedelpaese.info\/?p=38901","title":{"rendered":"LEZIONI DI SICUREZZA PER GLI SCOLARI SCUOLA \u201cC. SORIA\u201d-foto"},"content":{"rendered":"<p><img loading=\"lazy\" decoding=\"async\" class=\" size-full wp-image-38890\" style=\"margin-right: 2px; margin-left: 2px;\" height=\"150\" alt=\"sicurezza-visita-vigili-del-fuoco2-pp\" src=\"https:\/\/archiviogioia.lavocedelpaese.info\/wp-content\/uploads\/2013\/05\/sicurezza-visita-vigili-del-fuoco2-pp.png\" width=\"320\" srcset=\"https:\/\/archiviogioia.lavocedelpaese.info\/wp-content\/uploads\/2013\/05\/sicurezza-visita-vigili-del-fuoco2-pp.png 640w, https:\/\/archiviogioia.lavocedelpaese.info\/wp-content\/uploads\/2013\/05\/sicurezza-visita-vigili-del-fuoco2-pp-300x141.png 300w\" sizes=\"auto, (max-width: 320px) 100vw, 320px\" \/><\/p>\n<p><!--more--><\/p>\n<p style=\"text-align: justify;\"><b><img loading=\"lazy\" decoding=\"async\" class=\" alignleft size-full wp-image-38892\" style=\"margin: 4px; float: left;\" height=\"333\" alt=\"sicurezza educazione nelle scuole\" src=\"https:\/\/archiviogioia.lavocedelpaese.info\/wp-content\/uploads\/2013\/05\/sicurezza_educazione_nelle_scuole.JPG\" width=\"250\" srcset=\"https:\/\/archiviogioia.lavocedelpaese.info\/wp-content\/uploads\/2013\/05\/sicurezza_educazione_nelle_scuole.JPG 384w, https:\/\/archiviogioia.lavocedelpaese.info\/wp-content\/uploads\/2013\/05\/sicurezza_educazione_nelle_scuole-225x300.jpg 225w\" sizes=\"auto, (max-width: 250px) 100vw, 250px\" \/>Nella Scuola dell\u2019Infanzia \u201cC. Soria\u201d<\/b>, plesso facente parte dell\u2019Istituto Comprensivo \u201cCarano-Mazzini\u201d <b>diretto dal D.S. Professor Antonio Pavone<\/b>, <b>da diversi anni si inserisce<\/b> nella Programmazione Curricolare <b>l\u2019Educazione alla Sicurezza<\/b>.<\/p>\n<p style=\"text-align: justify;\"><b>Quest\u2019anno<\/b>, in linea con le Indicazioni del Piano dell\u2019Offerta Formativa dal titolo:<\/p>\n<div style=\"text-align: justify;\">\u201c<b>VERSO UNA\u2026<\/b><\/div>\n<div style=\"text-align: justify;\"><b>S<\/b> olidariet\u00e0<\/div>\n<div style=\"text-align: justify;\"><b>C<\/b> ondivisione<\/div>\n<div style=\"text-align: justify;\"><b>U<\/b> nit\u00e0<\/div>\n<div style=\"text-align: justify;\"><b>O<\/b> spitalit\u00e0<\/div>\n<div style=\"text-align: justify;\"><b>L<\/b> egalit\u00e0<\/div>\n<div style=\"text-align: justify;\"><b>A<\/b> rmonia\u2026<\/div>\n<p style=\"text-align: justify;\"><b>AMICA\u2026<\/b> <b>tra armonia e BEN-ESSERE<\/b>\u201d, la Scuola dell\u2019Infanzia \u201cC. Soria\u201d, intende essere AMICA dei bambini proprio <b>a cominciare dalla SICUREZZA<\/b>.<\/p>\n<p style=\"text-align: justify;\">Secondo le docenti, lo <b>scopo del progetto<\/b> \u00e8 stato <b>quello di sviluppare la consapevolezza dei pericoli<\/b> cercando di stimolare negli alunni la capacit\u00e0 di riconoscere i rischi e di affrontare i pericoli senza incorrere in atteggiamenti di panico.<\/p>\n<p style=\"text-align: justify;\"><b><img loading=\"lazy\" decoding=\"async\" class=\" alignright size-full wp-image-38893\" style=\"margin: 4px; float: right;\" height=\"240\" alt=\"sicurezza visita vigili del fuoco\" src=\"https:\/\/archiviogioia.lavocedelpaese.info\/wp-content\/uploads\/2013\/05\/sicurezza_visita_vigili_del_fuoco.JPG\" width=\"320\" srcset=\"https:\/\/archiviogioia.lavocedelpaese.info\/wp-content\/uploads\/2013\/05\/sicurezza_visita_vigili_del_fuoco.JPG 640w, https:\/\/archiviogioia.lavocedelpaese.info\/wp-content\/uploads\/2013\/05\/sicurezza_visita_vigili_del_fuoco-300x225.jpg 300w\" sizes=\"auto, (max-width: 320px) 100vw, 320px\" \/>Ad accompagnare i piccini<\/b> nell\u2019arco dei tre appuntamenti mensili le docenti <b>Mariangela Cirillo<\/b> della Sez. A, <b>Michela Ditrani e Anna Galatone<\/b> della Sez. B (bambini 3 anni), <b>Rosa Caricato e Isa Mastromarino<\/b> della Sez. C, <b>Paola Laghezza e Anna Maria Masi<\/b> della Sez. D (bambini di 4 anni), <b>Francesca D\u2019Auria e Tina Losito<\/b> della Sez. E (bambini di 5 anni), <b>Sabrina Pistillo e Rosanna Soranno<\/b> della Sez. F (bambini di 5 anni).<\/p>\n<p style=\"text-align: justify;\"><b>&#8220;Rendere un bambino capace di riconoscere i pericoli &#8211; dichiara Tina Losito, docente funzione strumentale del P.O.F -, significa educarlo alla prevenzione<\/b> e quindi alla tutela delle propria Salute, del proprio BEN-ESSERE&#8221;.<\/p>\n<p style=\"text-align: justify;\"><b>&#8220;In quest\u2019ottica &#8211; continua la Losito -, l\u2019Educazione alla Sicurezza assume un pi\u00f9 ampio significato<\/b> perch\u00e9 \u00e8 un diritto primario che deve essere garantito non solo nella scuola, ma anche nelle case, per strada, nell\u2019ambiente che ci circonda&#8221;.<\/p>\n<p style=\"text-align: justify;\"><b><img loading=\"lazy\" decoding=\"async\" class=\" alignleft size-full wp-image-38896\" style=\"margin: 4px; float: left;\" height=\"240\" alt=\"sicurezza scuole\" src=\"https:\/\/archiviogioia.lavocedelpaese.info\/wp-content\/uploads\/2013\/05\/sicurezza_scuole.JPG\" width=\"320\" srcset=\"https:\/\/archiviogioia.lavocedelpaese.info\/wp-content\/uploads\/2013\/05\/sicurezza_scuole.JPG 640w, https:\/\/archiviogioia.lavocedelpaese.info\/wp-content\/uploads\/2013\/05\/sicurezza_scuole-300x225.jpg 300w\" sizes=\"auto, (max-width: 320px) 100vw, 320px\" \/>&#8220;Il Progetto<\/b> &#8211; dichiarano le docenti delle classi in visita &#8211; si \u00e8 svolto nel corso dell\u2019anno scolastico ed <b>ha previsto una serie di percorsi miranti ad individuare situazioni pericolose<\/b>, ad assumere comportamenti corretti nei vari contesti di vita (scuola, casa, strada\u2026) <b>e a muoversi in maniera adeguata nelle situazioni di emergenza<\/b>. A tale scopo sono state simulate prove di evacuazione.&#8221;<\/p>\n<p style=\"text-align: justify;\"><b>&#8220;I pericoli in casa, a scuola, per strada sono numerosi &#8211; afferma Anna Maria Masi -, <\/b>i bambini, non hanno ancora una completa concezione del mondo e dei suoi rischi, non riescono a percepirli, <b>pertanto diventa indispensabile educarli sin da piccoli alla SICUREZZA<\/b>.&#8221;<\/p>\n<p style=\"text-align: justify;\">&#8220;Infatti, <b>semplici cadute, ferite, incidenti vari, spesso possono essere evitati rispettando alcune semplici regole<\/b>. Attraverso attivit\u00e0 didattiche finalizzate &#8211; dichiara <strong>Rosa Caricato<\/strong> &#8211;&nbsp;i bambini sono stati messi in condizione di conoscere i pericoli che pi\u00f9 frequentemente affrontano nella vita quotidiana per acquisire un atteggiamento di prudenza e di prevenzione.&#8221;<b><img loading=\"lazy\" decoding=\"async\" class=\" alignright size-full wp-image-38897\" style=\"margin: 4px; float: right;\" height=\"240\" alt=\"sicurezza visita vigili del fuoco4\" src=\"https:\/\/archiviogioia.lavocedelpaese.info\/wp-content\/uploads\/2013\/05\/sicurezza_visita_vigili_del_fuoco4.JPG\" width=\"320\" srcset=\"https:\/\/archiviogioia.lavocedelpaese.info\/wp-content\/uploads\/2013\/05\/sicurezza_visita_vigili_del_fuoco4.JPG 640w, https:\/\/archiviogioia.lavocedelpaese.info\/wp-content\/uploads\/2013\/05\/sicurezza_visita_vigili_del_fuoco4-300x225.jpg 300w\" sizes=\"auto, (max-width: 320px) 100vw, 320px\" \/><\/b><\/p>\n<p style=\"text-align: justify;\"><b>&#8220;E\u2019 importante &#8211; continua la Caricato &#8211; che i bambini, sin dalla Scuola dell\u2019Infanzia, acquisiscano un bagaglio di conoscenze per imparare a difendersi dai rischi&#8221;<\/b>.<\/p>\n<p style=\"text-align: justify;\"><b>Per sviluppare al meglio tale progetto<\/b>, <b>le docenti<\/b> gi\u00e0 dallo scorso anno scolastico, <b>si sono avvalse della collaborazione dei VVF di Bari<\/b> impegnati attivamente in diverse scuole.<\/p>\n<p style=\"text-align: justify;\">Anche quest\u2019anno nell\u2019ambito dell\u2019Educazione alla Salute, del Ben-Essere e quindi della Sicurezza, <b>il Progetto si \u00e8 concluso con una visita didattica <\/b><b>presso il Comando dei V<\/b><b>VF di Bari<\/b>.<\/p>\n<p style=\"text-align: justify;\"><b>Le docenti<\/b> <strong>Francesca D\u2019Auria<\/strong> e <strong>Tina Losito<\/strong> della Sez. E e le docenti <strong>Sabrina Pistillo<\/strong> e <strong>Rosanna Soranno<\/strong> della Sez. F, per prime <b>hanno accompagnato i loro alunni di 5 anni con l\u2019intento di far osservare direttamente ai bambini il luogo<\/b> dove i VVF svolgono la loro attivit\u00e0, quale divisa indossano, la centrale operativa dove arrivano le <img loading=\"lazy\" decoding=\"async\" class=\" alignleft size-full wp-image-38899\" style=\"margin: 4px; float: left;\" height=\"240\" alt=\"5 aprile 2013-uscita presso il comando vigili del fuoco 066\" src=\"https:\/\/archiviogioia.lavocedelpaese.info\/wp-content\/uploads\/2013\/05\/5_aprile_2013-uscita_presso_il_comando_vigili_del_fuoco_066.jpg\" width=\"320\" srcset=\"https:\/\/archiviogioia.lavocedelpaese.info\/wp-content\/uploads\/2013\/05\/5_aprile_2013-uscita_presso_il_comando_vigili_del_fuoco_066.jpg 640w, https:\/\/archiviogioia.lavocedelpaese.info\/wp-content\/uploads\/2013\/05\/5_aprile_2013-uscita_presso_il_comando_vigili_del_fuoco_066-300x225.jpg 300w\" sizes=\"auto, (max-width: 320px) 100vw, 320px\" \/>chiamate di soccorso, le segnalazioni acustiche e visive in caso di emergenza.<\/p>\n<p style=\"text-align: justify;\"><b>&#8220;L\u2019attenzione dei bambini &#8211; ci confida Anna Maria Masi &#8211; \u00e8 stata monopolizata dai mezzi<\/b> (autopompa, autoscala\u2026), che hanno esercitato un indiscusso fascino&#8221;. <b>Tanta la curiosit\u00e0 <\/b>nell\u2019osservare &#8211; alzando le saracinesche di questi mezzi -, quali strumenti di soccorso custodiscono e come \u00e8 la cabina di guida.<\/p>\n<p style=\"text-align: justify;\">Inoltre, <b>i bambini hanno vi<\/b><b>sionato un cartone animato<\/b> a tema e tante sono state le curiosit\u00e0 e le domande- stimolo che esso ha suscitato nei piccoli.<\/p>\n<p style=\"text-align: justify;\"><b>La visita didattica<\/b>, pianificata per approfondire il tema gi\u00e0 sviluppato a scuola, <b>si \u00e8 quindi rivelata costruttiva e molto positiva<\/b>.<\/p>\n<p style=\"text-align: justify;\"><b>&#8220;Tale esperienza, inoltre &#8211; precisa Tina Losito &#8211; \u00e8 stata vissuta dai bambini in maniera <img loading=\"lazy\" decoding=\"async\" class=\" alignright size-full wp-image-38900\" style=\"margin: 4px; float: right;\" height=\"240\" alt=\"sicurezza visita vigili del fuoco6\" src=\"https:\/\/archiviogioia.lavocedelpaese.info\/wp-content\/uploads\/2013\/05\/sicurezza_visita_vigili_del_fuoco6.JPG\" width=\"320\" srcset=\"https:\/\/archiviogioia.lavocedelpaese.info\/wp-content\/uploads\/2013\/05\/sicurezza_visita_vigili_del_fuoco6.JPG 640w, https:\/\/archiviogioia.lavocedelpaese.info\/wp-content\/uploads\/2013\/05\/sicurezza_visita_vigili_del_fuoco6-300x225.jpg 300w\" sizes=\"auto, (max-width: 320px) 100vw, 320px\" \/>entusiasmante<\/b>, anche perch\u00e9 ci si \u00e8 recati al Comando dei Vigili del Fuoco di Bari con il pullman <b>in un vissuto extrascolastico particolarmente gioioso: una vera e propria prima gita scolastica<\/b>\u201d!<\/p>\n<p style=\"text-align: justify;\">Preservare la propria salute e integrit\u00e0 fisica nell&#8217;ottica del ben-essere, cio\u00e8 dello &#8220;stare bene&#8221;, questa la finalit\u00e0 principale del progetto.<\/p>\n<p style=\"text-align: justify;\"><b>&#8220;Alla signora Enza Angelillo<\/b>, operante presso il Comando dei VVF di Bari e genitore attento e sensibile, <b>al Comandante ing. Cesare Gaspari, al signor Nicola Vangi, al C.S. Lorenzo De Napoli, al C.R. Violante ed a tutto il personale<\/b> che con pazienza ha accolto queste tre \u201cinvasioni\u201d di piccoli scolari &#8211; corale l&#8217;apprezzamento delle docenti -, <b>un caro saluto ed un ringraziamento<\/b> per aver accolto e ospitato le nostre visite didattiche con tanta cordialit\u00e0&#8221;.<\/p>\n<p><object type=\"application\/x-shockwave-flash\" width=\"660\" height=\"660\" flashvars=\"host=picasaweb.google.com&amp;hl=it&amp;feat=flashalbum&amp;RGB=0x000000&amp;feed=https:\/\/picasaweb.google.com\/data\/feed\/api\/user\/104626251937098962566\/albumid\/5874592548884125057?alt=rss&amp;kind=photo&amp;hl=it\" pluginspage=\"http:\/\/www.macromedia.com\/go\/getflashplayer\" data=\"https:\/\/picasaweb.google.com\/s\/c\/bin\/slideshow.swf\"><param name=\"movie\" value=\"https:\/\/picasaweb.google.com\/s\/c\/bin\/slideshow.swf\" \/><\/object><\/p>\n","protected":false},"excerpt":{"rendered":"","protected":false},"author":1,"featured_media":38890,"comment_status":"open","ping_status":"closed","sticky":false,"template":"","format":"standard","meta":{"colormag_page_container_layout":"default_layout","colormag_page_sidebar_layout":"default_layout","footnotes":""},"categories":[7],"tags":[],"class_list":["post-38901","post","type-post","status-publish","format-standard","has-post-thumbnail","hentry","category-attualita"],"_links":{"self":[{"href":"https:\/\/archiviogioia.lavocedelpaese.info\/index.php?rest_route=\/wp\/v2\/posts\/38901","targetHints":{"allow":["GET"]}}],"collection":[{"href":"https:\/\/archiviogioia.lavocedelpaese.info\/index.php?rest_route=\/wp\/v2\/posts"}],"about":[{"href":"https:\/\/archiviogioia.lavocedelpaese.info\/index.php?rest_route=\/wp\/v2\/types\/post"}],"author":[{"embeddable":true,"href":"https:\/\/archiviogioia.lavocedelpaese.info\/index.php?rest_route=\/wp\/v2\/users\/1"}],"replies":[{"embeddable":true,"href":"https:\/\/archiviogioia.lavocedelpaese.info\/index.php?rest_route=%2Fwp%2Fv2%2Fcomments&post=38901"}],"version-history":[{"count":0,"href":"https:\/\/archiviogioia.lavocedelpaese.info\/index.php?rest_route=\/wp\/v2\/posts\/38901\/revisions"}],"wp:featuredmedia":[{"embeddable":true,"href":"https:\/\/archiviogioia.lavocedelpaese.info\/index.php?rest_route=\/wp\/v2\/media\/38890"}],"wp:attachment":[{"href":"https:\/\/archiviogioia.lavocedelpaese.info\/index.php?rest_route=%2Fwp%2Fv2%2Fmedia&parent=38901"}],"wp:term":[{"taxonomy":"category","embeddable":true,"href":"https:\/\/archiviogioia.lavocedelpaese.info\/index.php?rest_route=%2Fwp%2Fv2%2Fcategories&post=38901"},{"taxonomy":"post_tag","embeddable":true,"href":"https:\/\/archiviogioia.lavocedelpaese.info\/index.php?rest_route=%2Fwp%2Fv2%2Ftags&post=38901"}],"curies":[{"name":"wp","href":"https:\/\/api.w.org\/{rel}","templated":true}]}}