{"id":38945,"date":"2013-05-06T07:30:03","date_gmt":"2013-05-06T07:30:03","guid":{"rendered":"https:\/\/archiviogioia.lavocedelpaese.info\/?p=38945"},"modified":"2013-05-06T07:30:03","modified_gmt":"2013-05-06T07:30:03","slug":"ce-chi-accusa-il-pd-ma-dove-vive-gianni-valletta-4","status":"publish","type":"post","link":"https:\/\/archiviogioia.lavocedelpaese.info\/?p=38945","title":{"rendered":"&#8220;G. VALLETTA? AAA CERCASI POLITICI DI SINISTRA VERI&#8221;"},"content":{"rendered":"<p><img loading=\"lazy\" decoding=\"async\" class=\" size-full wp-image-38925\" style=\"margin-right: 2px; margin-left: 2px;\" alt=\"pd-sede-locale-pp\" src=\"https:\/\/archiviogioia.lavocedelpaese.info\/wp-content\/uploads\/2013\/05\/pd-sede-locale-pp.jpg\" height=\"150\" width=\"320\" srcset=\"https:\/\/archiviogioia.lavocedelpaese.info\/wp-content\/uploads\/2013\/05\/pd-sede-locale-pp.jpg 640w, https:\/\/archiviogioia.lavocedelpaese.info\/wp-content\/uploads\/2013\/05\/pd-sede-locale-pp-300x141.jpg 300w\" sizes=\"auto, (max-width: 320px) 100vw, 320px\" \/><\/p>\n<p><!--more--><\/p>\n<p style=\"text-align: justify;\"><img loading=\"lazy\" decoding=\"async\" class=\" alignleft size-full wp-image-38926\" style=\"margin: 4px; float: left;\" alt=\"376342 10200476850232765 490596462 n\" src=\"https:\/\/archiviogioia.lavocedelpaese.info\/wp-content\/uploads\/2013\/05\/376342_10200476850232765_490596462_n.jpg\" height=\"240\" width=\"320\" srcset=\"https:\/\/archiviogioia.lavocedelpaese.info\/wp-content\/uploads\/2013\/05\/376342_10200476850232765_490596462_n.jpg 960w, https:\/\/archiviogioia.lavocedelpaese.info\/wp-content\/uploads\/2013\/05\/376342_10200476850232765_490596462_n-300x225.jpg 300w, https:\/\/archiviogioia.lavocedelpaese.info\/wp-content\/uploads\/2013\/05\/376342_10200476850232765_490596462_n-768x576.jpg 768w\" sizes=\"auto, (max-width: 320px) 100vw, 320px\" \/>\u201cLeggo con stupore il comunicato stampa del Pd e mi chiedo e vi chiedo: ha un senso? Disorientata, rileggo per la seconda volta. Si parla di partecipazione, di ricambio generazionale, di personalismi da avversare, di azzeramento e dimissioni di chi ha dimostrato slealt\u00e0 nei confronti di un partito delegittimato.<\/p>\n<p style=\"text-align: justify;\">Tutto assolutamente vero, ma soprattutto a livello locale, microcosmo di personalismi e slealt\u00e0 regionali e nazionali.<\/p>\n<p style=\"text-align: justify;\">Rileggo quanto scritto e denunciato in questi mesi, non ritrovo un solo provvedimento di SINISTRA in nessuno degli atti di questa amministrazione che tante lodi sperticate riceve dal segretario e dai consiglieri del Pd.<\/p>\n<p style=\"text-align: justify;\">Forse sbaglio, ma non \u00e8 questa la sinistra per cui mio nonno e mio padre hanno lottato. E\u2019 altro. Guardo la mia realt\u00e0: personalismi? E\u2019 indubbio che vi siano, sono sotto gli occhi di tutti. Slealt\u00e0? Per me che ho votato a sinistra per trovarmi un governo di destra, con atti amministrativi che nulla hanno di \u201csinistra\u201d, il pi\u00f9 grande atto di slealt\u00e0 \u00e8 questo trasversale consociativismo nel quale non mi <img loading=\"lazy\" decoding=\"async\" class=\" alignright size-full wp-image-38927\" style=\"margin: 4px; float: right;\" alt=\"66534 540979502595886 1538192074 n\" src=\"https:\/\/archiviogioia.lavocedelpaese.info\/wp-content\/uploads\/2013\/05\/66534_540979502595886_1538192074_n.jpg\" height=\"240\" width=\"320\" srcset=\"https:\/\/archiviogioia.lavocedelpaese.info\/wp-content\/uploads\/2013\/05\/66534_540979502595886_1538192074_n.jpg 960w, https:\/\/archiviogioia.lavocedelpaese.info\/wp-content\/uploads\/2013\/05\/66534_540979502595886_1538192074_n-300x225.jpg 300w, https:\/\/archiviogioia.lavocedelpaese.info\/wp-content\/uploads\/2013\/05\/66534_540979502595886_1538192074_n-768x576.jpg 768w\" sizes=\"auto, (max-width: 320px) 100vw, 320px\" \/>riconosco, n\u00e9 intravedo all\u2019orizzonte figure \u201cguida\u201d della storica sinistra gioiese. Se ancora qualcuno c\u2019\u00e8, tace o \u00e8 relegato al ruolo sterile di \u201ccaca dubbi\u201d.<\/p>\n<p style=\"text-align: justify;\">Quando poi sento dire al mio segretario che concorda con Povia sul tanto fatto, leggo l\u2019intervista di Antonella a Povia e rischio di veder pignorata la pensione di mia madre per non aver pagato la seconda rata della Tarsu di cui non ha il versamento, perso nel trasloco, trasecolo.<\/p>\n<p style=\"text-align: justify;\">Ma chi ho votato negli ultimi venti anni? Dove sono gli uomini e le donne del Pd in cui ho creduto? Perch\u00e9 non protestano accanto ai cittadini in difficolt\u00e0? Perch\u00e9 tacciono o peggio, appoggiano scelte che impoveriscono la citt\u00e0? Per un piatto di lenticchie? Briciole per un posto alla Spes o una assunzione sotto pagata alla Cerin? Per una concessione edilizia in zone F? Per fare il bidello ai cessi?<\/p>\n<p style=\"text-align: justify;\">Ma dove vive Gianni Valletta? Millanta autonomia dal nazionale e si inchina alle scelte di esternalizzazioni locali, \u00e8 una continua sorpresa veder con quanta sciatteria par<img loading=\"lazy\" decoding=\"async\" class=\" alignleft size-full wp-image-38928\" style=\"margin: 4px; float: left;\" alt=\"383466 3275461378178 834921701 n\" src=\"https:\/\/archiviogioia.lavocedelpaese.info\/wp-content\/uploads\/2013\/05\/383466_3275461378178_834921701_n.jpg\" height=\"226\" width=\"340\" srcset=\"https:\/\/archiviogioia.lavocedelpaese.info\/wp-content\/uploads\/2013\/05\/383466_3275461378178_834921701_n.jpg 640w, https:\/\/archiviogioia.lavocedelpaese.info\/wp-content\/uploads\/2013\/05\/383466_3275461378178_834921701_n-300x200.jpg 300w\" sizes=\"auto, (max-width: 340px) 100vw, 340px\" \/>la ai cittadini, ritenuti poco pi\u00f9 che mentecatti.<\/p>\n<p style=\"text-align: justify;\">Riferimenti regionali\u2026 chi sarebbero? Loizzo per il depuratore? Vendola dopo l\u2019accordo farsa con il SEL?<\/p>\n<p style=\"text-align: justify;\">Pudore \u00e8 una parola caduta in disuso, per un partito che si delegittima da solo qui a Gioia cos\u00ec come in tutta Italia, nel momento in cui scende a patti con Berlusconi per assurdo pi\u00f9 di \u201csinistra\u201d di certi uomini tesserati da 30 anni, senza nessun orgoglio di appartenenza.<\/p>\n<p style=\"text-align: justify;\">Partito o uomini di partito? Io credo che le ideologie camminino sulle gambe e soprattutto nella testa di uomini di partito, ma vedo solo nani che abbassano al loro livello partiti divenuti nani per assenza di giganti e per giganteschi interessi di uomini d\u2019affare prestati alla politica per mera ambizione.<\/p>\n<p style=\"text-align: justify;\">AAA Cercasi politici di sinistra VERI, in grado di governare con buon senso la citt\u00e0 e la nazione!<\/p>\n<p style=\"text-align: justify;\">Con profonda avversione\u201d,<\/p>\n<p style=\"text-align: right;\" align=\"right\">Isa Falcone<\/p>\n<p><strong>Leggi comunicato segreteria Pd gioiese<\/strong>:<\/p>\n<p><a href=\"politica\/7230-pd-locale-chiede-dimissioni-a-tutti-i-livelli-ma-non-a-gioia.html\"><span style=\"text-decoration: none;\">PD LOCALE CHIEDE DIMISSIONI A TUTTI I LIVELLI, MA NON A GIOIA<\/span><\/a><\/p>\n<p>&nbsp;<\/p>\n","protected":false},"excerpt":{"rendered":"","protected":false},"author":1,"featured_media":38925,"comment_status":"open","ping_status":"closed","sticky":false,"template":"","format":"standard","meta":{"colormag_page_container_layout":"default_layout","colormag_page_sidebar_layout":"default_layout","footnotes":""},"categories":[4],"tags":[],"class_list":["post-38945","post","type-post","status-publish","format-standard","has-post-thumbnail","hentry","category-politica"],"_links":{"self":[{"href":"https:\/\/archiviogioia.lavocedelpaese.info\/index.php?rest_route=\/wp\/v2\/posts\/38945","targetHints":{"allow":["GET"]}}],"collection":[{"href":"https:\/\/archiviogioia.lavocedelpaese.info\/index.php?rest_route=\/wp\/v2\/posts"}],"about":[{"href":"https:\/\/archiviogioia.lavocedelpaese.info\/index.php?rest_route=\/wp\/v2\/types\/post"}],"author":[{"embeddable":true,"href":"https:\/\/archiviogioia.lavocedelpaese.info\/index.php?rest_route=\/wp\/v2\/users\/1"}],"replies":[{"embeddable":true,"href":"https:\/\/archiviogioia.lavocedelpaese.info\/index.php?rest_route=%2Fwp%2Fv2%2Fcomments&post=38945"}],"version-history":[{"count":0,"href":"https:\/\/archiviogioia.lavocedelpaese.info\/index.php?rest_route=\/wp\/v2\/posts\/38945\/revisions"}],"wp:featuredmedia":[{"embeddable":true,"href":"https:\/\/archiviogioia.lavocedelpaese.info\/index.php?rest_route=\/wp\/v2\/media\/38925"}],"wp:attachment":[{"href":"https:\/\/archiviogioia.lavocedelpaese.info\/index.php?rest_route=%2Fwp%2Fv2%2Fmedia&parent=38945"}],"wp:term":[{"taxonomy":"category","embeddable":true,"href":"https:\/\/archiviogioia.lavocedelpaese.info\/index.php?rest_route=%2Fwp%2Fv2%2Fcategories&post=38945"},{"taxonomy":"post_tag","embeddable":true,"href":"https:\/\/archiviogioia.lavocedelpaese.info\/index.php?rest_route=%2Fwp%2Fv2%2Ftags&post=38945"}],"curies":[{"name":"wp","href":"https:\/\/api.w.org\/{rel}","templated":true}]}}