{"id":39582,"date":"2013-05-21T10:22:43","date_gmt":"2013-05-21T10:22:43","guid":{"rendered":"https:\/\/archiviogioia.lavocedelpaese.info\/?p=39582"},"modified":"2013-05-21T10:22:43","modified_gmt":"2013-05-21T10:22:43","slug":"tributi-povia-non-vedo-lora-di-firmare-con-la-cerin","status":"publish","type":"post","link":"https:\/\/archiviogioia.lavocedelpaese.info\/?p=39582","title":{"rendered":"TRIBUTI. POVIA: \u201cNON VEDO L\u2019ORA DI FIRMARE CON LA CE.R.IN.\u201d"},"content":{"rendered":"<p><img loading=\"lazy\" decoding=\"async\" class=\" size-full wp-image-23849\" style=\"margin-right: 2px; margin-left: 2px;\" alt=\"sergio-povia-programma-pp\" src=\"https:\/\/archiviogioia.lavocedelpaese.info\/wp-content\/uploads\/2012\/06\/sergio-povia-programma-pp.png\" height=\"150\" width=\"320\" srcset=\"https:\/\/archiviogioia.lavocedelpaese.info\/wp-content\/uploads\/2012\/06\/sergio-povia-programma-pp.png 640w, https:\/\/archiviogioia.lavocedelpaese.info\/wp-content\/uploads\/2012\/06\/sergio-povia-programma-pp-300x141.png 300w\" sizes=\"auto, (max-width: 320px) 100vw, 320px\" \/><\/p>\n<p><!--more--><\/p>\n<p style=\"text-align: justify;\"><b><img loading=\"lazy\" decoding=\"async\" class=\" alignleft size-full wp-image-32376\" style=\"margin: 4px; float: left;\" alt=\"consiglio-comunale-ferrovia\" src=\"https:\/\/archiviogioia.lavocedelpaese.info\/wp-content\/uploads\/2012\/12\/consiglio-comunale-ferrovia.jpg\" height=\"255\" width=\"340\" srcset=\"https:\/\/archiviogioia.lavocedelpaese.info\/wp-content\/uploads\/2012\/12\/consiglio-comunale-ferrovia.jpg 900w, https:\/\/archiviogioia.lavocedelpaese.info\/wp-content\/uploads\/2012\/12\/consiglio-comunale-ferrovia-300x225.jpg 300w, https:\/\/archiviogioia.lavocedelpaese.info\/wp-content\/uploads\/2012\/12\/consiglio-comunale-ferrovia-768x577.jpg 768w\" sizes=\"auto, (max-width: 340px) 100vw, 340px\" \/>A conclusione dell\u2019ultimo consiglio comunale, il sindaco Sergio Povia non ce l\u2019ha fatta pi\u00f9 ed \u00e8 \u201csbottato\u201d<\/b> gridando quello che pensa realmente sulla vicenda della esternalizzazione (gestione al privato) di tutte le entrate comunali.<\/p>\n<p style=\"text-align: justify;\">\u201c<b>Non vedo l\u2019ora di firmare il contratto con la Ce.r.in.<\/b>. Smettiamola di pensare che questa sia una battaglia del bene contro il male. <b>Non ce la faccio pi\u00f9<\/b> e posso assicurarvi che <b>questo sar\u00e0 il mio ultimo mandato<\/b>\u201d. <b>In queste frasi<\/b>, sbraitate rabbiosamente in chiusura dell\u2019assise, <b>il sunto di oltre tre ore di inutili quanto inconcludenti<\/b> (nel senso di inascoltate) \u201c<b>schermaglie<\/b>\u201d <b>politiche<\/b>.<\/p>\n<p style=\"text-align: justify;\"><b>Un consiglio comunale interamente basato sul \u201cpericolo sociale\u201d creato dall\u2019invio di centinaia di \u201cAtti di Precetto\u201d<\/b>, che numerose famiglie gioiesi hanno inaspettatamente ricevuto, <b>per una presunta \u201cevasione della Tarsu\u201d<\/b>, la tassa sui rifiuti <b>dovuta per gli anni che vanno dal 1999 al 2001<\/b>, <b>inviati dalla Ce.r.in Srl<\/b>, la societ\u00e0 aggiudicataria, da quest\u2019anno, <img loading=\"lazy\" decoding=\"async\" class=\" alignright size-full wp-image-39321\" style=\"margin: 4px; float: right;\" alt=\"precetto-tarsu-cerin-pp\" src=\"https:\/\/archiviogioia.lavocedelpaese.info\/wp-content\/uploads\/2013\/05\/precetto-tarsu-cerin-pp.jpg\" height=\"159\" width=\"340\" srcset=\"https:\/\/archiviogioia.lavocedelpaese.info\/wp-content\/uploads\/2013\/05\/precetto-tarsu-cerin-pp.jpg 640w, https:\/\/archiviogioia.lavocedelpaese.info\/wp-content\/uploads\/2013\/05\/precetto-tarsu-cerin-pp-300x141.jpg 300w\" sizes=\"auto, (max-width: 340px) 100vw, 340px\" \/>anche della gestione di tutte le entrate comunali.<\/p>\n<p style=\"text-align: justify;\"><b>Ben 828 gli atti approntati<\/b> di cui 327 gi\u00e0 notificati (5 rifiutati), 250 notificati ma solo per compiuta giacenza (cio\u00e8 mai ritirati ma validi), 166 non ancora notificati, 85 in attesa di \u201crelata di notifica\u201d. <b>Un dato corrispondente a ben oltre il 10% delle famiglie contribuenti gioiesi<\/b> (circa 8000 a detta di Povia).<\/p>\n<p style=\"text-align: justify;\"><b>Un dato che<\/b>, rapportato alle cifre \u201csnocciolate\u201d dai responsabili comunali dell\u2019Ufficio Tributi sulla situazione degli anni successivi (dal 2002 ad oggi), <b>preoccupa e non poco per il futuro<\/b>. Soprattutto <b>se si considera l\u2019andamento della \u201cnon esigibilit\u00e0\u201d del tributo<\/b> (in corso di accertamento) <b>passata negli ultimi dieci anni dai 147.000 euro del <img loading=\"lazy\" decoding=\"async\" class=\" alignleft size-full wp-image-39581\" style=\"margin: 4px; float: left;\" alt=\"ufficio tributi\" src=\"https:\/\/archiviogioia.lavocedelpaese.info\/wp-content\/uploads\/2013\/05\/ufficio_tributi.jpg\" height=\"254\" width=\"340\" srcset=\"https:\/\/archiviogioia.lavocedelpaese.info\/wp-content\/uploads\/2013\/05\/ufficio_tributi.jpg 600w, https:\/\/archiviogioia.lavocedelpaese.info\/wp-content\/uploads\/2013\/05\/ufficio_tributi-300x225.jpg 300w\" sizes=\"auto, (max-width: 340px) 100vw, 340px\" \/>2002<\/b> (nel 2003 poco pi\u00f9 di 20 mila euro) <b>a 1.754.813 euro del 2011 e a 1.355.000 del 2012<\/b>. <b>Un crescendo<\/b> che, guarda caso, ha <b>coinciso con lo svuotamento in termini di risorse umane e professionali<\/b>, se voluto o meno dalla politica poco importa, <b>dell\u2019ufficio, avvenuto progressivamente negli stessi anni<\/b>, soprattutto negli ultimi due, <b>in cui l\u2019inesigibilit\u00e0 si \u00e8 moltiplicata a dismisura<\/b> (nel 2008 era di 311.000 euro).<\/p>\n<p style=\"text-align: justify;\"><b>Una situazione allarmante, al cui confronto quanto accaduto in queste ultime settimane sarebbe una bazzecola<\/b>, creatasi, \u00e8 sembrato di capire, dallo smarrimento da parte dell\u2019Ufficio Postale dei bollettini utilizzati dai contribuenti per il pagamento della stessa tassa\u201d. <b>Una \u201cscomparsa\u201d<\/b>, avvenuta nel periodo 2006-2011, <b>a cui si \u00e8 dovuto far fronte con la cos\u00ec chiamata \u201cdematerializzazione o smaterializzazione dei file postali<\/b>, resasi necessaria per riportare e allineare i versamenti che risultavano omessi, <b>con una spesa a carico delle casse comunali di 800 euro pi\u00f9 Iva\u201d<\/b>.<\/p>\n<p style=\"text-align: justify;\"><b><img loading=\"lazy\" decoding=\"async\" class=\" alignright size-full wp-image-18613\" style=\"margin: 4px; float: right;\" alt=\"sergio-povia-intervista\" src=\"https:\/\/archiviogioia.lavocedelpaese.info\/wp-content\/uploads\/2012\/01\/sergio-povia-intervista.jpg\" height=\"234\" width=\"250\" srcset=\"https:\/\/archiviogioia.lavocedelpaese.info\/wp-content\/uploads\/2012\/01\/sergio-povia-intervista.jpg 472w, https:\/\/archiviogioia.lavocedelpaese.info\/wp-content\/uploads\/2012\/01\/sergio-povia-intervista-300x281.jpg 300w\" sizes=\"auto, (max-width: 250px) 100vw, 250px\" \/>E se \u00e8 vero<\/b>, come \u00e8 vero, lo hanno ripetuto pi\u00f9 volte, <b>che nel periodo oggetto degli Atti di Precetto l\u2019ufficio funzionava, cosa succeder\u00e0 per gli anni successivi?<\/b> I contribuenti gioiesi saranno per davvero <b>sommersi dagli avvisi bonari<\/b>, <b>o dagli atti ingiuntivi fiscali<\/b>, <b>per omesso versamento di una tassa che probabilmente in molti hanno regolarmente pagato<\/b>, come i recenti fatti stanno dimostrando?<\/p>\n<p style=\"text-align: justify;\"><b>E se \u00e8 vero, come \u00e8 vero, che l\u2019Ufficio Postale<\/b>, a prescindere dagli smarrimenti dei bollettini, avvenuto successivamente al periodo 1999-2001, <b>ha comunque provveduto a girocontare nelle casse comunali quanto incassato, come mai non si \u00e8 provveduto a \u201cdare un nome ed un cognome a quegli importi\u201d<\/b> anzich\u00e9 inviare a scatola chiusa centinaia \u201cPrecetti\u201d su importi che i fatti hanno dimostrato non erano dovuti?<\/p>\n<p style=\"text-align: justify;\">E se \u00e8 vero, come \u00e8 vero, rispondendo al sindaco Sergio Povia, che<b> quei contribuenti<\/b>, vessati da simili richieste, <b>avevano regolarmente pagato quanto dovuto, perch\u00e9 avrebbero dovuto conservare<\/b>, sempre secondo lui, <b>le ricevute di avvenuto pagamento anche dopo i termini di prescrizione?<\/b> E gli stessi, stando dalla parte della ragione, <b>perch\u00e9 avrebbero dovuto eludere le precedenti richieste di pagamento <\/b>o gli avvisi di mancato versamento, ammesso che siano stati notificati o<b><img loading=\"lazy\" decoding=\"async\" class=\" alignleft size-full wp-image-34490\" style=\"margin: 4px; float: left;\" alt=\"municipio balcone\" src=\"https:\/\/archiviogioia.lavocedelpaese.info\/wp-content\/uploads\/2013\/02\/municipio_balcone.JPG\" height=\"333\" width=\"250\" srcset=\"https:\/\/archiviogioia.lavocedelpaese.info\/wp-content\/uploads\/2013\/02\/municipio_balcone.JPG 384w, https:\/\/archiviogioia.lavocedelpaese.info\/wp-content\/uploads\/2013\/02\/municipio_balcone-225x300.jpg 225w\" sizes=\"auto, (max-width: 250px) 100vw, 250px\" \/><\/b> effettivamente consegnati?<\/p>\n<p style=\"text-align: justify;\"><b>Il castello<\/b>, cos\u00ec come concepito dai nostri amministratori,<b> non sta per\u00f2 in piedi<\/b>. <b>La sensazione \u00e8 che<\/b> <b>in assenza di una banca dati completa e aggiornata<\/b>, cos\u00ec come confermato nel corso della discussione, <b>qualcuno ha pensato bene di aggiornarla utilizzando la soluzione pi\u00f9 semplice<\/b>, in questi casi, <b>per farvi fronte<\/b>. Quale? <b>Quella cio\u00e8 di avvalersi<\/b> <b>dell\u2019ormai acclarato e spesso mal utilizzato<\/b>, come in questa circostanza, <b>istituto \u201cdell\u2019onere della prova\u201d<\/b> <b>che<\/b>, come in tanti sanno, <b>spetta al contribuente<\/b>, a prescindere se sia realmente moroso o meno, come accaduto qui a Gioia del Colle.<\/p>\n<p style=\"text-align: justify;\"><b>Un istituto che in questo caso<\/b>, in mancanza delle ricevute in molti casi buttate perch\u00e9 ritenute prescritte, <b>potrebbe s\u00ec portare qualche euro in pi\u00f9 non dovuto nelle casse comunali<\/b>, <b>ma anche tanta rabbia<\/b> in tutti quei cittadini che sicuramente si sentiranno ingiustamente \u201cvessati\u201d dall\u2019utilizzo di questa procedura, certamente legale ma poco consona. <b>Soprattutto se adoperata dopo oltre un decennio, e a maggior ragione se in possesso della prescritta documentazione probatoria<\/b>. E <b>a poco servono le rassicurazioni su una eventuale rateizzazione<\/b> di quanto richiesto, nel frattempo incrementato a dismisura da balzelli vari. <b>Il marchio di \u201cevasore\u201d, sia pur presunto, comunque rimane<\/b>.<\/p>\n<p><object width=\"640\" height=\"360\" data=\"https:\/\/www.youtube.com\/v\/ekQ_foqb5-M?version=3&amp;hl=it_IT&amp;rel=0\" type=\"application\/x-shockwave-flash\"><param name=\"movie\" value=\"https:\/\/www.youtube.com\/v\/ekQ_foqb5-M?version=3&amp;hl=it_IT&amp;rel=0\" \/><param name=\"allowFullScreen\" value=\"true\" \/><param name=\"allowscriptaccess\" value=\"always\" \/><\/object> <iframe loading=\"lazy\" width=\"640\" height=\"360\" src=\"http:\/\/www.ustream.tv\/embed\/12145397?v=3&amp;wmode=direct\" scrolling=\"no\" frameborder=\"0\" style=\"border: 0px none transparent;\"><\/iframe><br \/><a href=\"http:\/\/www.ustream.tv\/\" style=\"padding: 2px 0px 4px; width: 400px; background: #ffffff; display: block; color: #000000; font-weight: normal; font-size: 10px; text-decoration: underline; text-align: center;\" target=\"_blank\" rel=\"noopener\">Video streaming by Ustream<\/a><\/p>\n","protected":false},"excerpt":{"rendered":"","protected":false},"author":1,"featured_media":23849,"comment_status":"open","ping_status":"closed","sticky":false,"template":"","format":"standard","meta":{"colormag_page_container_layout":"default_layout","colormag_page_sidebar_layout":"default_layout","footnotes":""},"categories":[4],"tags":[],"class_list":["post-39582","post","type-post","status-publish","format-standard","has-post-thumbnail","hentry","category-politica"],"_links":{"self":[{"href":"https:\/\/archiviogioia.lavocedelpaese.info\/index.php?rest_route=\/wp\/v2\/posts\/39582","targetHints":{"allow":["GET"]}}],"collection":[{"href":"https:\/\/archiviogioia.lavocedelpaese.info\/index.php?rest_route=\/wp\/v2\/posts"}],"about":[{"href":"https:\/\/archiviogioia.lavocedelpaese.info\/index.php?rest_route=\/wp\/v2\/types\/post"}],"author":[{"embeddable":true,"href":"https:\/\/archiviogioia.lavocedelpaese.info\/index.php?rest_route=\/wp\/v2\/users\/1"}],"replies":[{"embeddable":true,"href":"https:\/\/archiviogioia.lavocedelpaese.info\/index.php?rest_route=%2Fwp%2Fv2%2Fcomments&post=39582"}],"version-history":[{"count":0,"href":"https:\/\/archiviogioia.lavocedelpaese.info\/index.php?rest_route=\/wp\/v2\/posts\/39582\/revisions"}],"wp:featuredmedia":[{"embeddable":true,"href":"https:\/\/archiviogioia.lavocedelpaese.info\/index.php?rest_route=\/wp\/v2\/media\/23849"}],"wp:attachment":[{"href":"https:\/\/archiviogioia.lavocedelpaese.info\/index.php?rest_route=%2Fwp%2Fv2%2Fmedia&parent=39582"}],"wp:term":[{"taxonomy":"category","embeddable":true,"href":"https:\/\/archiviogioia.lavocedelpaese.info\/index.php?rest_route=%2Fwp%2Fv2%2Fcategories&post=39582"},{"taxonomy":"post_tag","embeddable":true,"href":"https:\/\/archiviogioia.lavocedelpaese.info\/index.php?rest_route=%2Fwp%2Fv2%2Ftags&post=39582"}],"curies":[{"name":"wp","href":"https:\/\/api.w.org\/{rel}","templated":true}]}}