{"id":39726,"date":"2013-05-24T05:47:32","date_gmt":"2013-05-24T05:47:32","guid":{"rendered":"https:\/\/archiviogioia.lavocedelpaese.info\/?p=39726"},"modified":"2013-05-24T05:47:32","modified_gmt":"2013-05-24T05:47:32","slug":"marica-girardi-racconta-la-qstoriaq-di-san-filippo-foto","status":"publish","type":"post","link":"https:\/\/archiviogioia.lavocedelpaese.info\/?p=39726","title":{"rendered":"MARICA GIRARDI RACCONTA LA &#8220;STORIA&#8221; DI SAN FILIPPO-foto"},"content":{"rendered":"<p><img loading=\"lazy\" decoding=\"async\" class=\" size-full wp-image-39714\" style=\"margin-right: 2px; margin-left: 2px;\" alt=\"marica-girardi-san-filippo-pp\" src=\"https:\/\/archiviogioia.lavocedelpaese.info\/wp-content\/uploads\/2013\/05\/marica-girardi-san-filippo-pp.jpg\" height=\"150\" width=\"320\" srcset=\"https:\/\/archiviogioia.lavocedelpaese.info\/wp-content\/uploads\/2013\/05\/marica-girardi-san-filippo-pp.jpg 640w, https:\/\/archiviogioia.lavocedelpaese.info\/wp-content\/uploads\/2013\/05\/marica-girardi-san-filippo-pp-300x141.jpg 300w\" sizes=\"auto, (max-width: 320px) 100vw, 320px\" \/><\/p>\n<p><!--more--><\/p>\n<p style=\"text-align: justify;\"><img loading=\"lazy\" decoding=\"async\" class=\" alignleft size-full wp-image-39717\" style=\"margin: 4px; float: left;\" alt=\"marica-girardi-san-filippo3\" src=\"https:\/\/archiviogioia.lavocedelpaese.info\/wp-content\/uploads\/2013\/05\/marica-girardi-san-filippo3.jpg\" height=\"240\" width=\"320\" srcset=\"https:\/\/archiviogioia.lavocedelpaese.info\/wp-content\/uploads\/2013\/05\/marica-girardi-san-filippo3.jpg 640w, https:\/\/archiviogioia.lavocedelpaese.info\/wp-content\/uploads\/2013\/05\/marica-girardi-san-filippo3-300x225.jpg 300w\" sizes=\"auto, (max-width: 320px) 100vw, 320px\" \/>In occasione dell\u2019inaugurazione della mostra \u201c<b>Conosciamo i Santi patroni delle comunit\u00e0 di Puglia<\/b>\u201d, che ha visto esporre nel salone della Chiesa Madre oltre <b>130 immagini con brevi note dei Santi protettori delle comunit\u00e0 pugliesi<\/b>, ad accogliere i convenuti <b>don Tonino Posa e Marica Girardi<\/b>.<\/p>\n<p style=\"text-align: justify;\"><b>Alla giovane<\/b> che da pochi mesi ha conseguito la laurea in \u201cLettere\u201d indirizzo &#8220;Cutura teatrale&#8221;, <b>\u00e8 stato affidato il compito di presentare un inedito profilo di San Filippo<\/b>, oggetto della sua tesi di laurea. La freschezza e la competenza della relatrice hanno conquistato i presenti.<\/p>\n<p style=\"text-align: justify;\"><b>Dopo aver contestualizzato la figura del santo Patrono<\/b> nella Roma cinquecentesca, divenuta polo di attrazione dei maggiori letterati e artisti rinascimentali, incentivati dal mecenatismo dei papa-re, <b>si \u00e8 entrati in argomento<\/b>.<\/p>\n<p style=\"text-align: justify;\">\u201c<b>La congregazione Trinit\u00e0 dei Pellegrini, fondata da Filippo Neri<\/b>, padre Persiano Rosa e altri dodici laici &#8211; afferma Marica Giradi -, <b>si occupava di accogliere i pellegrini poveri giunti a Roma<\/b>, con un <img loading=\"lazy\" decoding=\"async\" class=\" alignright size-full wp-image-39718\" style=\"margin: 4px; float: right;\" alt=\"marica-girardi-san-filippo6\" src=\"https:\/\/archiviogioia.lavocedelpaese.info\/wp-content\/uploads\/2013\/05\/marica-girardi-san-filippo6.jpg\" height=\"240\" width=\"320\" srcset=\"https:\/\/archiviogioia.lavocedelpaese.info\/wp-content\/uploads\/2013\/05\/marica-girardi-san-filippo6.jpg 640w, https:\/\/archiviogioia.lavocedelpaese.info\/wp-content\/uploads\/2013\/05\/marica-girardi-san-filippo6-300x225.jpg 300w\" sizes=\"auto, (max-width: 320px) 100vw, 320px\" \/>preciso rituale di accoglienza che prevedeva la lavanda dei piedi ed eventuali cure mediche, la lettura di un brano del Vangelo e l&#8217;accompagnamento dei pellegrini nei maggiori luoghi di culto della citt\u00e0, <b>creando un clima di unit\u00e0 di popoli provenienti da Paesi e culture differenti<\/b>.<\/p>\n<p style=\"text-align: justify;\"><b>Filippo Neri, incarnava la figura del prete ideale<\/b> delineata dal Concilio, era inoltre devoto verso Girolamo Savonarola. Nel 1532-1533 part\u00ec da Firenze per trasferirsi a Cassino prima di giungere a Roma, dove si stabil\u00ec in seguito. La partenza da Firenze qualche anno&nbsp;dopo il ritorno dei Medici e la richiesta&nbsp;di reggenza della chiesa di San Giovanni dei Fiorentini nel 1572, luogo di culto frequentato dai fiorentini antimedicei residenti a Roma, lasciano ipotizzare che Filippo Neri non apprezzasse i Medici. <b>E\u2019 certo che fosse filofrancese, scevro dal riconoscere il potere temporale del Papa<\/b>. La decisione di Clemente VIII di concedere il perdono ad un anno dalla riconversione al cattolicesimo del re di Francia ugonotto Enrico IV, provoc\u00f2 moti di ostruzionismo da parte dell&#8217;Auditore di Rota Pe\u00f1a durante il processo di canonizzazione, poich\u00e9 andava contro gli interessi della cattolicissima Spagna.<\/p>\n<p style=\"text-align: justify;\"><b><img loading=\"lazy\" decoding=\"async\" class=\" alignleft size-full wp-image-39719\" style=\"margin: 4px; float: left;\" alt=\"marica-girardi-san-filippo1\" src=\"https:\/\/archiviogioia.lavocedelpaese.info\/wp-content\/uploads\/2013\/05\/marica-girardi-san-filippo1.jpg\" height=\"240\" width=\"320\" srcset=\"https:\/\/archiviogioia.lavocedelpaese.info\/wp-content\/uploads\/2013\/05\/marica-girardi-san-filippo1.jpg 640w, https:\/\/archiviogioia.lavocedelpaese.info\/wp-content\/uploads\/2013\/05\/marica-girardi-san-filippo1-300x225.jpg 300w\" sizes=\"auto, (max-width: 320px) 100vw, 320px\" \/>Giunto a Roma, Filippo Neri lavor\u00f2 come precettore dei figli del doganiere fiorentino Guido del Caccia in cambio di vitto e alloggio<\/b> e dal 1536 al 1548 si dedic\u00f2 a prestare servizio come volontario presso l&#8217;ospedale di San Giacomo degli Incurabili e ad evangelizzare per le vie di Roma e della campagna romana, <b>finch\u00e9 fu ordinato sacerdote nel 1551<\/b>, sotto la spinta di Persiano Rosa.\u201d<\/p>\n<p style=\"text-align: justify;\">\u201c<b>Del sacerdote &#8211; continua la Girardi &#8211; si narra soffrisse di palpitazioni, tremori violenti, amnesie, diminuzione dell&#8217;attivit\u00e0 sensoria e lacrimazione copiosa mentre adorava l&#8217;Eucarestia o celebrava Messa<\/b> ed anche estasi e levitazioni. I medici pi\u00f9 insigni dell&#8217;epoca riconducevano questi fenomeni a crisi epilettiche e aneurisma provocati dal gonfiore al petto. che <b>dopo la morte si constat\u00f2 essere provocato dalla rottura di due costole all&#8217;altezza del cuore<\/b>, il quale appariva dilatato, ma non affaticato. I medici giudicarono queste <b>patologie soprannaturali<\/b>, perch\u00e9 erano talmente violente che nessun avrebbe potuto sopravvivere per lungo tempo. <b>Filippo Neri era diffidente verso le manifestazioni<\/b> che lo interessavano e allo stesso modo lo era <img loading=\"lazy\" decoding=\"async\" class=\" alignright size-full wp-image-39720\" style=\"margin: 4px; float: right;\" alt=\"marica-girardi-san-filippo2\" src=\"https:\/\/archiviogioia.lavocedelpaese.info\/wp-content\/uploads\/2013\/05\/marica-girardi-san-filippo2.jpg\" height=\"240\" width=\"320\" srcset=\"https:\/\/archiviogioia.lavocedelpaese.info\/wp-content\/uploads\/2013\/05\/marica-girardi-san-filippo2.jpg 640w, https:\/\/archiviogioia.lavocedelpaese.info\/wp-content\/uploads\/2013\/05\/marica-girardi-san-filippo2-300x225.jpg 300w\" sizes=\"auto, (max-width: 320px) 100vw, 320px\" \/>verso coloro che erano protagonisti di questi fenomeni. la sua diffidenza <b>e prudenza port\u00f2 Gregorio XIII a sceglierlo come esaminatore nel 1582 di una giovane mistica napoletana, Orsola Benincasa<\/b>, interessata da fenomeni estatici in cui asseriva di colloquiare con Dio\u201d.<\/p>\n<p style=\"text-align: justify;\"><b>&#8220;Filippo Neri istitu\u00ec il pellegrinaggio alle Sette Chiese<\/b>, cio\u00e8 alle basiliche giubilari il gioved\u00ec grasso, <b>per tenere lontani i fedeli e i giovani dalle nefandezze del Carnevale<\/b>; nell\u2019Oratorio, nato inizialmente come libera discussione su temi edificanti tra pochi membri, fino a divenire un ragionamento intorno al libro, ciascuno prendeva la parola e teneva dei semplici sermoni. Poich\u00e9 veniva data la possibilit\u00e0 ai laici di tenerli senza avere una adeguata preparazione teologica, <b>l&#8217;Oratorio venne accusato di essere un ritrovo di eretici sotto Pio V<\/b>, il grande inquisitore, finch\u00e9 Gregorio XIII riconobbe nel 1575 l&#8217;Oratorio come una Congregazione e ne stabil\u00ec la sede presso la chiesa della Vallicella, dove Filippo Neri si trasfer\u00ec nel 1583\u201d.<\/p>\n<p style=\"text-align: justify;\"><b>Il sacerdote dal 1551<\/b> (anno dell&#8217;ordinazione sacerdotale) <b>al 1583 aveva operato presso la chiesa di San Girolamo della Carit\u00e0<\/b>.<\/p>\n<p style=\"text-align: justify;\"><img loading=\"lazy\" decoding=\"async\" class=\" alignleft size-full wp-image-39721\" style=\"margin: 4px; float: left;\" alt=\"marica-girardi-san-filippo8\" src=\"https:\/\/archiviogioia.lavocedelpaese.info\/wp-content\/uploads\/2013\/05\/marica-girardi-san-filippo8.jpg\" height=\"240\" width=\"320\" srcset=\"https:\/\/archiviogioia.lavocedelpaese.info\/wp-content\/uploads\/2013\/05\/marica-girardi-san-filippo8.jpg 640w, https:\/\/archiviogioia.lavocedelpaese.info\/wp-content\/uploads\/2013\/05\/marica-girardi-san-filippo8-300x225.jpg 300w\" sizes=\"auto, (max-width: 320px) 100vw, 320px\" \/>\u201c<b>L&#8217;Oratorio fu anche il centro musicale pi\u00f9 importante del mondo romano<\/b>, dal quale si diffusero il genere dell&#8217;Historia Sacra e le laudi della tradizione popolare fiorentina, cantate al termine di ogni incontro. <b>Durante le funzioni liturgiche un&#8217;orchestra vera e propria eseguiva brani elaborati ed eleganti con lo scopo di attrarre i fedeli<\/b>, ma con lo svantaggio di distrarli. Qui prestarono servizio musicisti provenienti dalle grandi corti cardinalizie e soprani attivi nella Cappella Pontificia.<\/p>\n<p style=\"text-align: justify;\"><b>L\u2019apertura del processo di canonizzazione del Santo fu chiesta dai discepoli oratoriani Baronio e Tarugi <\/b>(divenuti poi cardinali) il 2 agosto 1595, ma venne bloccata dal 1601 al 1605 a causa dei moti di ostruzionismo. <b>Il 25 maggio del 1615 Filippo venne beatificato e il 16 marzo del 1622 canonizzato<\/b> insieme a Ignazio di Loyola, Francesco Saverio, Teresa d&#8217;Avila e Isidoro Labrador.<\/p>\n<p style=\"text-align: justify;\"><b>La voce diffusasi a Roma asseriva che la Spagna avesse imposto il proprio monopolio anche in materia di santit\u00e0<\/b> e che il Papa, per smentire la notizia, avesse inserito all&#8217;ultimo momento Filippo Neri. <b>Anche la scelta di Filippo Neri non fu casuale<\/b>, perch\u00e9 era utile a mantenere i rapporti c<b><img loading=\"lazy\" decoding=\"async\" class=\" alignright size-full wp-image-39723\" style=\"margin: 4px; float: right;\" alt=\"marica-girardi-san-filippo4\" src=\"https:\/\/archiviogioia.lavocedelpaese.info\/wp-content\/uploads\/2013\/05\/marica-girardi-san-filippo4.jpg\" height=\"240\" width=\"320\" srcset=\"https:\/\/archiviogioia.lavocedelpaese.info\/wp-content\/uploads\/2013\/05\/marica-girardi-san-filippo4.jpg 640w, https:\/\/archiviogioia.lavocedelpaese.info\/wp-content\/uploads\/2013\/05\/marica-girardi-san-filippo4-300x225.jpg 300w\" sizes=\"auto, (max-width: 320px) 100vw, 320px\" \/><\/b>on la Francia\u201d.<\/p>\n<p style=\"text-align: justify;\">\u201cQuando gli oratoriani deposero sul catafalco il corpo di Filippo, <b>gli fu reso omaggio da un gran numero di persone, tra cui anche cardinali<\/b>. <b>Per la popolazione Filippo era gi\u00e0 santo<\/b>, infatti c\u2019era chi gli tagliava ciocche di capelli, i peli della barba, prendeva i fiori posti sul corpo o gli tagliava le unghie per portarle a casa come reliquie\u201d.<\/p>\n<p style=\"text-align: justify;\"><b>La biografia di Bacci redatta nel 1622<\/b> &#8211; da cui Marica ha attinto informazioni per la tesi -, <b>riporta numerose guarigioni miracolose durante i funerali di Filippo<\/b>, riprese dalle testimonianze del processo di canonizzazione. &#8220;Dopo i funerali &#8211; prosegue&nbsp;la Girardi&nbsp;&#8211; lo seppellirono in una cappella a parte, subito invasa da tabelle votive e ceri, mentre alcuni organi furono asportati e seppelliti nella fossa comune senza protezione. <b>Dopo qualche anno, vennero riesumati e si scopr\u00ec che eran<\/b><b>o rimasti intatti<\/b>, nonostante fossero stati all&#8217;epoca ricoperti solo da terriccio. <b>Per questo vennero essiccati e smerciati come reliquie<\/b>. Le ispezioni periodiche fatte al corpo evidenziarono come&nbsp;<strong>esso&nbsp;fosse ancora intatto nonostante l&#8217;umidit\u00e0 penetrata all&#8217;interno della tomba<\/strong> e, dopo il ricambio degli abiti, questi ultimi venivano ceduti come reliquie per diffondere il culto e far procedere il processo. <b>Il corpo venne definitivamente traslato nella<\/b><img loading=\"lazy\" decoding=\"async\" class=\" alignleft size-full wp-image-39725\" style=\"margin: 4px; float: left;\" alt=\"marica-girardi-san-filippo5\" src=\"https:\/\/archiviogioia.lavocedelpaese.info\/wp-content\/uploads\/2013\/05\/marica-girardi-san-filippo5.jpg\" height=\"240\" width=\"320\" srcset=\"https:\/\/archiviogioia.lavocedelpaese.info\/wp-content\/uploads\/2013\/05\/marica-girardi-san-filippo5.jpg 640w, https:\/\/archiviogioia.lavocedelpaese.info\/wp-content\/uploads\/2013\/05\/marica-girardi-san-filippo5-300x225.jpg 300w\" sizes=\"auto, (max-width: 320px) 100vw, 320px\" \/><b> cappella fatta erigere nella Vallicella<\/b> dal devoto penitente fiorentino Nero del Nero nel 1602\u201d.<\/p>\n<p style=\"text-align: justify;\">\u201c<b>San Filippo Neri<\/b> &#8211; conclude la Girardi &#8211; <b>risponde a tutti i requisiti di santit\u00e0<\/b>: testimoni\u00f2 la sua fede con le opere e dedicandosi alla cura delle anime mediante il sacramento della Confessione, <b>convert\u00ec numerosi recalcitranti alla fede, tra cui l&#8217;eretico soprannominato Paleologo, Giacomo della Massigliari<\/b>, che aveva abbracciato la fede Utraquista antitrinitaria, ma che si rifiut\u00f2 di abiurare e per questo venne condannato a morte dall&#8217;Inquisizione. <b>Fu un modello di carit\u00e0 nel servizio ai poveri, agli ammalati e ai sofferenti nel corpo e nello spirito<\/b> e fu anche un mistico (noto \u00e8 l&#8217;episodio del globo di fuoco che gli penetr\u00f2 nel petto mentre pregava nella catacomba di San Sebastiano nel 1544, quando era ancora laico, che gli caus\u00f2 la dilatazione del cuore e la rottura delle costole). <b>San Filippo fu anche un taumaturgo<\/b>, anche se, per celare questa dote, portava con s\u00e9 un reliquiario e attribuiva ad esso le guarigioni, confermando la sua grande umilt\u00e0\u201d.<\/p>\n<p style=\"text-align: justify;\"><b>A fine conferenza un saluto ed alcune precisazioni del professor Franco Giannini<\/b> hanno chiuso la serata.<\/p>\n<p><object type=\"application\/x-shockwave-flash\" width=\"660\" height=\"660\" flashvars=\"host=picasaweb.google.com&amp;hl=it&amp;feat=flashalbum&amp;RGB=0x000000&amp;feed=https:\/\/picasaweb.google.com\/data\/feed\/api\/user\/104626251937098962566\/albumid\/5881447670110769665?alt=rss&amp;kind=photo&amp;hl=it\" pluginspage=\"http:\/\/www.macromedia.com\/go\/getflashplayer\" data=\"https:\/\/picasaweb.google.com\/s\/c\/bin\/slideshow.swf\"><param name=\"movie\" value=\"https:\/\/picasaweb.google.com\/s\/c\/bin\/slideshow.swf\" \/><\/object><\/p>\n","protected":false},"excerpt":{"rendered":"","protected":false},"author":1,"featured_media":39715,"comment_status":"open","ping_status":"closed","sticky":false,"template":"","format":"standard","meta":{"colormag_page_container_layout":"default_layout","colormag_page_sidebar_layout":"default_layout","footnotes":""},"categories":[7],"tags":[],"class_list":["post-39726","post","type-post","status-publish","format-standard","has-post-thumbnail","hentry","category-attualita"],"_links":{"self":[{"href":"https:\/\/archiviogioia.lavocedelpaese.info\/index.php?rest_route=\/wp\/v2\/posts\/39726","targetHints":{"allow":["GET"]}}],"collection":[{"href":"https:\/\/archiviogioia.lavocedelpaese.info\/index.php?rest_route=\/wp\/v2\/posts"}],"about":[{"href":"https:\/\/archiviogioia.lavocedelpaese.info\/index.php?rest_route=\/wp\/v2\/types\/post"}],"author":[{"embeddable":true,"href":"https:\/\/archiviogioia.lavocedelpaese.info\/index.php?rest_route=\/wp\/v2\/users\/1"}],"replies":[{"embeddable":true,"href":"https:\/\/archiviogioia.lavocedelpaese.info\/index.php?rest_route=%2Fwp%2Fv2%2Fcomments&post=39726"}],"version-history":[{"count":0,"href":"https:\/\/archiviogioia.lavocedelpaese.info\/index.php?rest_route=\/wp\/v2\/posts\/39726\/revisions"}],"wp:featuredmedia":[{"embeddable":true,"href":"https:\/\/archiviogioia.lavocedelpaese.info\/index.php?rest_route=\/wp\/v2\/media\/39715"}],"wp:attachment":[{"href":"https:\/\/archiviogioia.lavocedelpaese.info\/index.php?rest_route=%2Fwp%2Fv2%2Fmedia&parent=39726"}],"wp:term":[{"taxonomy":"category","embeddable":true,"href":"https:\/\/archiviogioia.lavocedelpaese.info\/index.php?rest_route=%2Fwp%2Fv2%2Fcategories&post=39726"},{"taxonomy":"post_tag","embeddable":true,"href":"https:\/\/archiviogioia.lavocedelpaese.info\/index.php?rest_route=%2Fwp%2Fv2%2Ftags&post=39726"}],"curies":[{"name":"wp","href":"https:\/\/api.w.org\/{rel}","templated":true}]}}