{"id":39869,"date":"2013-05-28T01:00:39","date_gmt":"2013-05-28T01:00:39","guid":{"rendered":"https:\/\/archiviogioia.lavocedelpaese.info\/?p=39869"},"modified":"2013-05-28T01:00:39","modified_gmt":"2013-05-28T01:00:39","slug":"in-odore-di-sanita-cio-che-si-poteva-fare-foto","status":"publish","type":"post","link":"https:\/\/archiviogioia.lavocedelpaese.info\/?p=39869","title":{"rendered":"\u201cIN ODORE DI SANIT\u00c1\u201d, E &#8220;CI\u00d3 CHE SI POTEVA FARE&#8221;-foto"},"content":{"rendered":"<p><img loading=\"lazy\" decoding=\"async\" class=\" size-full wp-image-39859\" style=\"margin-right: 2px; margin-left: 2px;\" alt=\"giulia-sabia-presentazione-PP\" src=\"https:\/\/archiviogioia.lavocedelpaese.info\/wp-content\/uploads\/2013\/05\/giulia-sabia-presentazione-PP.jpg\" height=\"150\" width=\"320\" srcset=\"https:\/\/archiviogioia.lavocedelpaese.info\/wp-content\/uploads\/2013\/05\/giulia-sabia-presentazione-PP.jpg 640w, https:\/\/archiviogioia.lavocedelpaese.info\/wp-content\/uploads\/2013\/05\/giulia-sabia-presentazione-PP-300x141.jpg 300w\" sizes=\"auto, (max-width: 320px) 100vw, 320px\" \/><\/p>\n<p><!--more--><\/p>\n<p style=\"margin-bottom: 0.0001pt; text-align: justify; line-height: normal;\"><b><img loading=\"lazy\" decoding=\"async\" class=\" alignleft size-full wp-image-39862\" style=\"margin: 4px; float: left;\" alt=\"giulia sabia presentazione4\" src=\"https:\/\/archiviogioia.lavocedelpaese.info\/wp-content\/uploads\/2013\/05\/giulia_sabia_presentazione4.JPG\" height=\"360\" width=\"270\" srcset=\"https:\/\/archiviogioia.lavocedelpaese.info\/wp-content\/uploads\/2013\/05\/giulia_sabia_presentazione4.JPG 384w, https:\/\/archiviogioia.lavocedelpaese.info\/wp-content\/uploads\/2013\/05\/giulia_sabia_presentazione4-225x300.jpg 225w\" sizes=\"auto, (max-width: 270px) 100vw, 270px\" \/>Gioved\u00ec<\/b>, 24 maggio, nel Chiostro Comunale nel corso del secondo appuntamento nell\u2019ambito della rassegna \u201cDialogo tra un impegnato e un non so\u201d, \u00e8 <b>stato presentato il libro \u201cIn odore di sanit\u00e0 &#8211; La governance della salute in Puglia\u201d<\/b>, scritto a quattro mani da <b>Alessandro Lattarulo ed Onofrio Romano<\/b>, entrambi docenti di \u201cSociologia dei fenomeni politici\u201d presso la facolt\u00e0 di Scienze Politiche dell\u2019Universit\u00e0 di Bari.<\/p>\n<p style=\"margin-bottom: 0.0001pt; text-align: justify; line-height: normal;\"><b>La rassegna \u00e8 stata organizzata dal circolo Arci Lebowski e dal giornale \u201cPrimaVera&nbsp; Gioia\u201d<\/b>, con la collaborazione della libreria Librellula e con il patrocinio dell\u2019assessorato alla Cultura del Comune di Gioia del Colle. <b>La serata \u00e8 stata condotta dalla dottoressa Giulia Sabia<\/b>, <b>collaboratrice <\/b>della testata giornalistica online, <b>GioiaNet<\/b>.<\/p>\n<p style=\"margin-bottom: 0.0001pt; text-align: justify; line-height: normal;\"><b>Presente il sindaco, Sergio Povia,<\/b> i giovani rappresentanti dei gruppi organizzatori ed all\u2019inizio pochi, ma via, via <b>sempre pi\u00f9 numerosi appassionati della cultura locale<\/b>. &nbsp;&nbsp;<\/p>\n<p style=\"margin-bottom: 0.0001pt; text-align: justify; line-height: normal;\">La dolce <b>Giulia ha introdotto gli autori e l\u2019argomento del loro libro<\/b>, che, frutto di uno studio sul sistema sanitario pugliese del 2010, \u00e8 stato <b>edito da Cafagna<\/b> nel 2012.<\/p>\n<p style=\"margin-bottom: 0.0001pt; text-align: justify; line-height: normal;\">Gli autori approfondiscono in questo loro lavoro le <b>problematiche inerenti alla gestione sanitaria nel corso della prima legislatura guidata dal governatore Vendola<\/b>.<\/p>\n<p style=\"margin-bottom: 0.0001pt; text-align: justify; line-height: normal;\">Partendo dai tratti salienti del contesto socio-economico pugliese, passano&nbsp;ad <b>analizzare i mutamenti politici e le lo<\/b><b><img loading=\"lazy\" decoding=\"async\" class=\" alignright size-full wp-image-39864\" style=\"margin: 4px; float: right;\" alt=\"giulia sabia presentazione5\" src=\"https:\/\/archiviogioia.lavocedelpaese.info\/wp-content\/uploads\/2013\/05\/giulia_sabia_presentazione5.JPG\" height=\"255\" width=\"340\" srcset=\"https:\/\/archiviogioia.lavocedelpaese.info\/wp-content\/uploads\/2013\/05\/giulia_sabia_presentazione5.JPG 640w, https:\/\/archiviogioia.lavocedelpaese.info\/wp-content\/uploads\/2013\/05\/giulia_sabia_presentazione5-300x225.jpg 300w\" sizes=\"auto, (max-width: 340px) 100vw, 340px\" \/><\/b><b>ro conseguenze sui livelli massimi dell\u2019amministrazione sanitaria<\/b>.<\/p>\n<p style=\"margin-bottom: 0.0001pt; text-align: justify; line-height: normal;\"><b>Si approfondiscono<\/b> nel testo <b>i momenti critici in cui il governo regionale si \u00e8 trovato a fronteggiare<\/b>, nel febbraio 2009, <b>le dimissioni dell\u2019assessore Alberto Tedesco<\/b>, indagato, allora, per presunti illeciti negli appalti della ASL, <b>sostituito da Tommaso Fiore<\/b> nel luglio, sempre del 2009 , quella che venne definita <b>la \u201ctempesta Tarantini\u201d<\/b> e che coinvolse tanti personaggi noti della sanit\u00e0 barese.<\/p>\n<p style=\"margin-bottom: 0.0001pt; text-align: justify; line-height: normal;\">Nel testo in questione <b>si approfondiscono gli interventi maggiormente qualificati dei mandati<\/b>, sia di Tedesco che di Fiore, incentrati su impegni diversi. Il primo impegnato sulla formulazione del <b>Piano Regionale<\/b> di salute, l\u2019altro sull\u2019elaborazione del <b>Piano Dialitico<\/b> per l\u2019assistenza dei nefropatici cronici. Tutti interventi altamente qualificati ma ancora in via di realizzazione.<\/p>\n<p style=\"margin-bottom: 0.0001pt; text-align: justify; line-height: normal;\">L\u00ec dove si \u00e8 cercato realmente di operare, <b>sono emerse tutte le difficolt\u00e0 di conciliare i propri interessi elettorali, con l\u2019innovazione<\/b>. Ci\u00f2 ha <img loading=\"lazy\" decoding=\"async\" class=\" alignleft size-full wp-image-39865\" style=\"margin: 4px; float: left;\" alt=\"giulia sabia presentazione2\" src=\"https:\/\/archiviogioia.lavocedelpaese.info\/wp-content\/uploads\/2013\/05\/giulia_sabia_presentazione2.JPG\" height=\"255\" width=\"340\" srcset=\"https:\/\/archiviogioia.lavocedelpaese.info\/wp-content\/uploads\/2013\/05\/giulia_sabia_presentazione2.JPG 640w, https:\/\/archiviogioia.lavocedelpaese.info\/wp-content\/uploads\/2013\/05\/giulia_sabia_presentazione2-300x225.jpg 300w\" sizes=\"auto, (max-width: 340px) 100vw, 340px\" \/>vanificato e rallentato nel tempo, tutte le innovazioni, anche le pi\u00f9 apprezzabili. Qui il discorrere, lo spiegare, altamente qualificato degli autori diventa quasi solamente personale.<\/p>\n<p style=\"margin-bottom: 0.0001pt; text-align: justify; line-height: normal;\"><b>Un rimpianto per ci\u00f2 che si poteva fare e non si \u00e8 fatto o si \u00e8 fatto male<\/b>. Che si conclude con l\u2019invito al singolo cittadino ad informarsi, ad agire.<\/p>\n<p style=\"margin-bottom: 0.0001pt; text-align: justify; line-height: normal;\">Dopo gli interventi alternati dei due autori, <b>alcuni giovani hanno posto delle domande interessanti<\/b> a cui i due professori hanno risposto con ampie precisazioni.<\/p>\n<p style=\"margin-bottom: 0.0001pt; text-align: justify; line-height: normal;\"><b>Per ultimo \u00e8 intervenuto il professor Giannini<\/b>, presidente battagliero per lungo tempo del \u201dComitato cittadino pro ospedale\u201d, contro la chiusura, ormai avvenuta, del nosocomio gioiese, nonostante le proteste consapevoli dei cittadini.<\/p>\n<p style=\"margin-bottom: 0.0001pt; text-align: justify; line-height: normal;\">Il professore <b>ha chiarito e informato i professori<\/b>, che il cittadino ormai si <img loading=\"lazy\" decoding=\"async\" class=\" alignright size-full wp-image-39867\" style=\"margin: 4px; float: right;\" alt=\"giulia sabia presentazione3\" src=\"https:\/\/archiviogioia.lavocedelpaese.info\/wp-content\/uploads\/2013\/05\/giulia_sabia_presentazione3.JPG\" height=\"255\" width=\"340\" srcset=\"https:\/\/archiviogioia.lavocedelpaese.info\/wp-content\/uploads\/2013\/05\/giulia_sabia_presentazione3.JPG 640w, https:\/\/archiviogioia.lavocedelpaese.info\/wp-content\/uploads\/2013\/05\/giulia_sabia_presentazione3-300x225.jpg 300w\" sizes=\"auto, (max-width: 340px) 100vw, 340px\" \/>muove, s\u2019informa. Sa, protestare, specialmente perch\u00e9 ha delle buone guide, ma ci\u00f2 non serve a niente. <b>Il nostro ospedale si \u00e8 chiuso nonostante fosse economicamente in attivo<\/b>, fosse quotato per reparti di eccellenza in un vasto territorio, sia un importante nodo stradale e nonostante insista in una zona ad alto rischio per la presenza di un aeroporto militare con sede Nato. <b>Il sindaco Povia allontanatosi poco dopo l\u2019inizio per altri impegni, forse avrebbe potuto dare risposta alle domande<\/b> del professore Giannini, ovvero perch\u00e9 nella struttura di quello che era il nostro ospedale ancora non si realizzano quei servizi che ci erano stati promessi\u2026 <b>Ma forse neanche lui \u00e8 tra quelli che sanno<\/b>.<\/p>\n<p style=\"margin-bottom: 0.0001pt; text-align: justify; line-height: normal;\">Un <b>lavoro interessante quello dei giovani professori<\/b>, che hanno dimostrato notevoli capacit\u00e0 dialettiche e grande passione per la ricerca.<\/p>\n<p style=\"margin-bottom: 0.0001pt; text-align: justify; line-height: normal;\">Ma &nbsp;<b>ancora una volta \u00e8 emersa la discrepanza tra la scuola e la societ\u00e0<\/b>, e non certamente per colpa della scuola. <b>Nonostante l\u2019amarezza delle conclusioni, una serata ben spesa<\/b>.<\/p>\n<p><object type=\"application\/x-shockwave-flash\" width=\"660\" height=\"660\" flashvars=\"host=picasaweb.google.com&amp;hl=it&amp;feat=flashalbum&amp;RGB=0x000000&amp;feed=https:\/\/picasaweb.google.com\/data\/feed\/api\/user\/104626251937098962566\/albumid\/5882851701227597777?alt=rss&amp;kind=photo&amp;hl=it\" pluginspage=\"http:\/\/www.macromedia.com\/go\/getflashplayer\" data=\"https:\/\/picasaweb.google.com\/s\/c\/bin\/slideshow.swf\"><param name=\"movie\" value=\"https:\/\/picasaweb.google.com\/s\/c\/bin\/slideshow.swf\" \/><\/object><\/p>\n","protected":false},"excerpt":{"rendered":"","protected":false},"author":1,"featured_media":39859,"comment_status":"open","ping_status":"closed","sticky":false,"template":"","format":"standard","meta":{"colormag_page_container_layout":"default_layout","colormag_page_sidebar_layout":"default_layout","footnotes":""},"categories":[7],"tags":[],"class_list":["post-39869","post","type-post","status-publish","format-standard","has-post-thumbnail","hentry","category-attualita"],"_links":{"self":[{"href":"https:\/\/archiviogioia.lavocedelpaese.info\/index.php?rest_route=\/wp\/v2\/posts\/39869","targetHints":{"allow":["GET"]}}],"collection":[{"href":"https:\/\/archiviogioia.lavocedelpaese.info\/index.php?rest_route=\/wp\/v2\/posts"}],"about":[{"href":"https:\/\/archiviogioia.lavocedelpaese.info\/index.php?rest_route=\/wp\/v2\/types\/post"}],"author":[{"embeddable":true,"href":"https:\/\/archiviogioia.lavocedelpaese.info\/index.php?rest_route=\/wp\/v2\/users\/1"}],"replies":[{"embeddable":true,"href":"https:\/\/archiviogioia.lavocedelpaese.info\/index.php?rest_route=%2Fwp%2Fv2%2Fcomments&post=39869"}],"version-history":[{"count":0,"href":"https:\/\/archiviogioia.lavocedelpaese.info\/index.php?rest_route=\/wp\/v2\/posts\/39869\/revisions"}],"wp:featuredmedia":[{"embeddable":true,"href":"https:\/\/archiviogioia.lavocedelpaese.info\/index.php?rest_route=\/wp\/v2\/media\/39859"}],"wp:attachment":[{"href":"https:\/\/archiviogioia.lavocedelpaese.info\/index.php?rest_route=%2Fwp%2Fv2%2Fmedia&parent=39869"}],"wp:term":[{"taxonomy":"category","embeddable":true,"href":"https:\/\/archiviogioia.lavocedelpaese.info\/index.php?rest_route=%2Fwp%2Fv2%2Fcategories&post=39869"},{"taxonomy":"post_tag","embeddable":true,"href":"https:\/\/archiviogioia.lavocedelpaese.info\/index.php?rest_route=%2Fwp%2Fv2%2Ftags&post=39869"}],"curies":[{"name":"wp","href":"https:\/\/api.w.org\/{rel}","templated":true}]}}