{"id":3997,"date":"2010-08-22T06:35:10","date_gmt":"2010-08-22T06:35:10","guid":{"rendered":"https:\/\/archiviogioia.lavocedelpaese.info\/?p=3997"},"modified":"2010-08-22T06:35:10","modified_gmt":"2010-08-22T06:35:10","slug":"citta-aperte-e-il-fascino-degli-scavi-di-monte-sannace","status":"publish","type":"post","link":"https:\/\/archiviogioia.lavocedelpaese.info\/?p=3997","title":{"rendered":"\u201cCITTA\u2019 APERTE\u201d E IL FASCINO DEGLI SCAVI DI MONTE SANNACE"},"content":{"rendered":"<p><img loading=\"lazy\" decoding=\"async\" class=\" size-full wp-image-3986\" alt=\"visita-agli-scavi2\" src=\"https:\/\/archiviogioia.lavocedelpaese.info\/wp-content\/uploads\/2010\/08\/visita-agli-scavi2.jpg\" width=\"320\" height=\"150\" srcset=\"https:\/\/archiviogioia.lavocedelpaese.info\/wp-content\/uploads\/2010\/08\/visita-agli-scavi2.jpg 640w, https:\/\/archiviogioia.lavocedelpaese.info\/wp-content\/uploads\/2010\/08\/visita-agli-scavi2-300x141.jpg 300w\" sizes=\"auto, (max-width: 320px) 100vw, 320px\" \/> <\/p>\n<p><!--more--><\/p>\n<p style=\"text-align: justify;\"><strong><img loading=\"lazy\" decoding=\"async\" class=\" alignleft size-full wp-image-3987\" style=\"margin: 4px; float: left;\" alt=\"dsc_0137\" src=\"https:\/\/archiviogioia.lavocedelpaese.info\/wp-content\/uploads\/2010\/08\/dsc_0137.jpg\" width=\"200\" height=\"134\" srcset=\"https:\/\/archiviogioia.lavocedelpaese.info\/wp-content\/uploads\/2010\/08\/dsc_0137.jpg 337w, https:\/\/archiviogioia.lavocedelpaese.info\/wp-content\/uploads\/2010\/08\/dsc_0137-300x201.jpg 300w\" sizes=\"auto, (max-width: 200px) 100vw, 200px\" \/>Aderendo all&#8217;iniziativa regionale &#8220;Citt\u00e0 Aperte 2010&#8221;<\/strong><strong><img loading=\"lazy\" decoding=\"async\" class=\" alignright size-full wp-image-3988\" style=\"margin: 4px; float: right;\" alt=\"dsc_0149\" src=\"https:\/\/archiviogioia.lavocedelpaese.info\/wp-content\/uploads\/2010\/08\/dsc_0149.jpg\" width=\"200\" height=\"134\" srcset=\"https:\/\/archiviogioia.lavocedelpaese.info\/wp-content\/uploads\/2010\/08\/dsc_0149.jpg 337w, https:\/\/archiviogioia.lavocedelpaese.info\/wp-content\/uploads\/2010\/08\/dsc_0149-300x201.jpg 300w\" sizes=\"auto, (max-width: 200px) 100vw, 200px\" \/><\/strong>, che prevedeva l&#8217;apertura gratuita di musei e siti archeologici, <strong>la locale sezione di Legambiente<\/strong><strong> ha organizzato un&#8217;uscita in bicicletta direzione Monte Sannace<\/strong>. <st1:metricconverter productid=\"10 chilometri\" w:st=\"on\"><strong>10  chilometri<\/strong><\/st1:metricconverter>, tra andata e ritorno, <strong>pi\u00f9 due ore di visita guidata tra gli scavi<\/strong>. Un&#8217;iniziativa che ha riscosso un buon <strong>successo e<\/strong> suscitato un notevole <strong>interesse in tutti i partecipanti<\/strong> per questo sito archeologico di fondamentale importanza nella storia della civilt\u00e0 peuceta.<strong><img loading=\"lazy\" decoding=\"async\" class=\" alignright size-full wp-image-3989\" style=\"margin: 4px 0px 4px 4px; float: right;\" alt=\"dsc_0148\" src=\"https:\/\/archiviogioia.lavocedelpaese.info\/wp-content\/uploads\/2010\/08\/dsc_0148.jpg\" width=\"200\" height=\"134\" srcset=\"https:\/\/archiviogioia.lavocedelpaese.info\/wp-content\/uploads\/2010\/08\/dsc_0148.jpg 337w, https:\/\/archiviogioia.lavocedelpaese.info\/wp-content\/uploads\/2010\/08\/dsc_0148-300x201.jpg 300w\" sizes=\"auto, (max-width: 200px) 100vw, 200px\" \/><\/strong><\/p>\n<p style=\"text-align: justify;\"><strong>Quello di Monte Sannace<\/strong>, infatti, <strong>\u00e8 il pi\u00f9 grande abitato peucetico noto<\/strong>, \u00e8 stato <strong>scavato a partire da<\/strong><strong>gli anni cinquanta del Novecento<\/strong>; ma il sito <strong>era conosciuto gi\u00e0 nell\u2019Ottocento<\/strong>, e fortemente depauperato da scavi clandestini.<\/p>\n<div style=\"text-align: justify;\"><\/div>\n<p style=\"text-align: justify;\"><strong><img loading=\"lazy\" decoding=\"async\" class=\" alignleft size-full wp-image-3990\" style=\"margin: 4px; float: left;\" alt=\"dsc_0150\" src=\"https:\/\/archiviogioia.lavocedelpaese.info\/wp-content\/uploads\/2010\/08\/dsc_0150.jpg\" width=\"200\" height=\"134\" srcset=\"https:\/\/archiviogioia.lavocedelpaese.info\/wp-content\/uploads\/2010\/08\/dsc_0150.jpg 337w, https:\/\/archiviogioia.lavocedelpaese.info\/wp-content\/uploads\/2010\/08\/dsc_0150-300x201.jpg 300w\" sizes=\"auto, (max-width: 200px) 100vw, 200px\" \/>Il sito si trova<\/strong> suggestivamente in aperta campagna, <strong>a <st1:metricconverter productid=\"5 km\" w:st=\"on\">5 km<\/st1:metricconverter> da Gi<\/strong><strong>oia del Colle in direzione Putignano<\/strong> &#8211; Egnazia, sul viottolo detto della Cavallerizza che attraversa tutta l\u2019area archeologica. <strong>L\u2019abitato \u00e8 anonimo<\/strong>, forse <strong>da identificare con la cit<\/strong><strong><img loading=\"lazy\" decoding=\"async\" class=\" alignright size-full wp-image-3991\" style=\"margin: 4px 0px 0px 4px; float: right;\" alt=\"dsc_0160\" src=\"https:\/\/archiviogioia.lavocedelpaese.info\/wp-content\/uploads\/2010\/08\/dsc_0160.jpg\" width=\"200\" height=\"134\" srcset=\"https:\/\/archiviogioia.lavocedelpaese.info\/wp-content\/uploads\/2010\/08\/dsc_0160.jpg 337w, https:\/\/archiviogioia.lavocedelpaese.info\/wp-content\/uploads\/2010\/08\/dsc_0160-300x201.jpg 300w\" sizes=\"auto, (max-width: 200px) 100vw, 200px\" \/><\/strong><strong>t\u00e0 di Thuriae<\/strong> di cui parlano le fonti, che la indicano per\u00f2 come citt\u00e0 &#8220;<strong>della Messapia<\/strong>&#8220;.<\/p>\n<div style=\"text-align: justify;\"><\/div>\n<p style=\"text-align: justify;\"><strong>Tutto l\u2019abitato \u00e8 cinto di quattro circuiti murari concentrici<\/strong>, perlopi\u00f9 ancora visibili. <strong>La <img loading=\"lazy\" decoding=\"async\" class=\" alignleft size-full wp-image-3992\" style=\"margin: 4px; float: left;\" alt=\"dsc_0151\" src=\"https:\/\/archiviogioia.lavocedelpaese.info\/wp-content\/uploads\/2010\/08\/dsc_0151.jpg\" width=\"200\" height=\"134\" srcset=\"https:\/\/archiviogioia.lavocedelpaese.info\/wp-content\/uploads\/2010\/08\/dsc_0151.jpg 337w, https:\/\/archiviogioia.lavocedelpaese.info\/wp-content\/uploads\/2010\/08\/dsc_0151-300x201.jpg 300w\" sizes=\"auto, (max-width: 200px) 100vw, 200px\" \/>prima cinge l\u2019acropoli<\/strong>, ed \u00e8 della seconda met\u00e0 del IV sec. a.C. <strong>La seconda, coeva, \u00e8 dotata di una porta e racchiude quartieri abitativi nella parte verso valle<\/strong>; rivela, inoltre, tecniche edilizie greche. <strong>La terza e la quarta sono degli inizi del III sec. a.C<\/strong>.; l\u2019una rinforza l\u2019acropoli, mentre l\u2019altra racchiude tutta l\u2019area dell\u2019ab<img loading=\"lazy\" decoding=\"async\" class=\" alignright size-full wp-image-3993\" style=\"margin: 4px 0px 4px 4px; float: right;\" alt=\"dsc_0129\" src=\"https:\/\/archiviogioia.lavocedelpaese.info\/wp-content\/uploads\/2010\/08\/dsc_0129.jpg\" width=\"200\" height=\"134\" srcset=\"https:\/\/archiviogioia.lavocedelpaese.info\/wp-content\/uploads\/2010\/08\/dsc_0129.jpg 337w, https:\/\/archiviogioia.lavocedelpaese.info\/wp-content\/uploads\/2010\/08\/dsc_0129-300x201.jpg 300w\" sizes=\"auto, (max-width: 200px) 100vw, 200px\" \/>itato, <strong>cingendo una superficie in realt\u00e0 molto pi\u00f9 grande di quanto la citt\u00e0 non fosse realmente<\/strong>: <strong><img loading=\"lazy\" decoding=\"async\" class=\" alignleft size-full wp-image-3994\" style=\"margin: 4px; float: left;\" alt=\"dsc_0141\" src=\"https:\/\/archiviogioia.lavocedelpaese.info\/wp-content\/uploads\/2010\/08\/dsc_0141.jpg\" width=\"200\" height=\"134\" srcset=\"https:\/\/archiviogioia.lavocedelpaese.info\/wp-content\/uploads\/2010\/08\/dsc_0141.jpg 337w, https:\/\/archiviogioia.lavocedelpaese.info\/wp-content\/uploads\/2010\/08\/dsc_0141-300x201.jpg 300w\" sizes=\"auto, (max-width: 200px) 100vw, 200px\" \/><\/strong>all\u2019interno delle mura erano lasciate, cio\u00e8, <strong>zone non urbanizzate, funzionali all\u2019accoglimento della popolazione delle campagne e degli animali in caso di guerra<\/strong>, ed a coltivazioni in caso di lunghi assedi.<\/p>\n<div style=\"text-align: justify;\"><\/div>\n<p style=\"text-align: justify;\">Interessantissimo l\u2019uso funerario: <strong>le necropoli sono <\/strong><img loading=\"lazy\" decoding=\"async\" class=\" alignright size-full wp-image-3995\" style=\"margin: 4px 0px 4px 4px; float: right;\" alt=\"dsc_0165\" src=\"https:\/\/archiviogioia.lavocedelpaese.info\/wp-content\/uploads\/2010\/08\/dsc_0165.jpg\" width=\"200\" height=\"134\" srcset=\"https:\/\/archiviogioia.lavocedelpaese.info\/wp-content\/uploads\/2010\/08\/dsc_0165.jpg 337w, https:\/\/archiviogioia.lavocedelpaese.info\/wp-content\/uploads\/2010\/08\/dsc_0165-300x201.jpg 300w\" sizes=\"auto, (max-width: 200px) 100vw, 200px\" \/><strong>tutte extraurbane, ed ospitano tombe a partire dal VII sec. a.C.<\/strong>, con materiali per\u00f2 anche pi\u00f9 antichi, come vasellame greco di met\u00e0 VIII <strong><img loading=\"lazy\" decoding=\"async\" class=\" alignleft size-full wp-image-3996\" style=\"margin: 4px; float: left;\" alt=\"dsc_0154\" src=\"https:\/\/archiviogioia.lavocedelpaese.info\/wp-content\/uploads\/2010\/08\/dsc_0154.jpg\" width=\"200\" height=\"134\" srcset=\"https:\/\/archiviogioia.lavocedelpaese.info\/wp-content\/uploads\/2010\/08\/dsc_0154.jpg 337w, https:\/\/archiviogioia.lavocedelpaese.info\/wp-content\/uploads\/2010\/08\/dsc_0154-300x201.jpg 300w\" sizes=\"auto, (max-width: 200px) 100vw, 200px\" \/><\/strong>sec. a.C.; ciononostante, coerentemente con l\u2019uso funerario apulo, <strong>non mancano esempi di sepolture dentro la citt\u00e0, nei giardini delle abitazioni<\/strong> o negli spazi tra esse nel caso degli adulti, sotto il pavimento delle case nel caso dei bambini.<\/p>\n<p style=\"text-align: justify;\">Si ringrazia <strong>Maria Castellaneta<\/strong> per aver messo a disposizione della nostra redazione il book fotografico.<\/p>\n","protected":false},"excerpt":{"rendered":"","protected":false},"author":1,"featured_media":3986,"comment_status":"open","ping_status":"closed","sticky":false,"template":"","format":"standard","meta":{"colormag_page_container_layout":"default_layout","colormag_page_sidebar_layout":"default_layout","footnotes":""},"categories":[6],"tags":[],"class_list":["post-3997","post","type-post","status-publish","format-standard","has-post-thumbnail","hentry","category-cultura"],"_links":{"self":[{"href":"https:\/\/archiviogioia.lavocedelpaese.info\/index.php?rest_route=\/wp\/v2\/posts\/3997","targetHints":{"allow":["GET"]}}],"collection":[{"href":"https:\/\/archiviogioia.lavocedelpaese.info\/index.php?rest_route=\/wp\/v2\/posts"}],"about":[{"href":"https:\/\/archiviogioia.lavocedelpaese.info\/index.php?rest_route=\/wp\/v2\/types\/post"}],"author":[{"embeddable":true,"href":"https:\/\/archiviogioia.lavocedelpaese.info\/index.php?rest_route=\/wp\/v2\/users\/1"}],"replies":[{"embeddable":true,"href":"https:\/\/archiviogioia.lavocedelpaese.info\/index.php?rest_route=%2Fwp%2Fv2%2Fcomments&post=3997"}],"version-history":[{"count":0,"href":"https:\/\/archiviogioia.lavocedelpaese.info\/index.php?rest_route=\/wp\/v2\/posts\/3997\/revisions"}],"wp:featuredmedia":[{"embeddable":true,"href":"https:\/\/archiviogioia.lavocedelpaese.info\/index.php?rest_route=\/wp\/v2\/media\/3986"}],"wp:attachment":[{"href":"https:\/\/archiviogioia.lavocedelpaese.info\/index.php?rest_route=%2Fwp%2Fv2%2Fmedia&parent=3997"}],"wp:term":[{"taxonomy":"category","embeddable":true,"href":"https:\/\/archiviogioia.lavocedelpaese.info\/index.php?rest_route=%2Fwp%2Fv2%2Fcategories&post=3997"},{"taxonomy":"post_tag","embeddable":true,"href":"https:\/\/archiviogioia.lavocedelpaese.info\/index.php?rest_route=%2Fwp%2Fv2%2Ftags&post=3997"}],"curies":[{"name":"wp","href":"https:\/\/api.w.org\/{rel}","templated":true}]}}