{"id":40049,"date":"2013-06-02T05:41:50","date_gmt":"2013-06-02T05:41:50","guid":{"rendered":"https:\/\/archiviogioia.lavocedelpaese.info\/?p=40049"},"modified":"2013-06-02T05:41:50","modified_gmt":"2013-06-02T05:41:50","slug":"povia-sempre-piu-solo-attacca-gli-utili-idioti-fotovideo-2","status":"publish","type":"post","link":"https:\/\/archiviogioia.lavocedelpaese.info\/?p=40049","title":{"rendered":"POVIA SEMPRE PI\u00da  SOLO ATTACCA GLI \u201cUTILI IDIOTI\u201d-foto\/video"},"content":{"rendered":"<p><img loading=\"lazy\" decoding=\"async\" class=\" size-full wp-image-40036\" style=\"margin-right: 2px; margin-left: 2px;\" alt=\"povia-comizio-piazza-pp\" src=\"https:\/\/archiviogioia.lavocedelpaese.info\/wp-content\/uploads\/2013\/06\/povia-comizio-piazza-pp.jpg\" height=\"150\" width=\"320\" srcset=\"https:\/\/archiviogioia.lavocedelpaese.info\/wp-content\/uploads\/2013\/06\/povia-comizio-piazza-pp.jpg 640w, https:\/\/archiviogioia.lavocedelpaese.info\/wp-content\/uploads\/2013\/06\/povia-comizio-piazza-pp-300x141.jpg 300w\" sizes=\"auto, (max-width: 320px) 100vw, 320px\" \/><\/p>\n<p><!--more--><\/p>\n<p style=\"text-align: justify;\"><b><img loading=\"lazy\" decoding=\"async\" class=\" alignleft size-full wp-image-40038\" style=\"margin: 4px; float: left;\" alt=\"povia comizio piazza2\" src=\"https:\/\/archiviogioia.lavocedelpaese.info\/wp-content\/uploads\/2013\/06\/povia_comizio_piazza2.JPG\" height=\"256\" width=\"340\" srcset=\"https:\/\/archiviogioia.lavocedelpaese.info\/wp-content\/uploads\/2013\/06\/povia_comizio_piazza2.JPG 640w, https:\/\/archiviogioia.lavocedelpaese.info\/wp-content\/uploads\/2013\/06\/povia_comizio_piazza2-300x226.jpg 300w\" sizes=\"auto, (max-width: 340px) 100vw, 340px\" \/>L\u2019incontro organizzato per questa sera dall\u2019amministrazione Povia<\/b> doveva essere un incontro-comizio da dedicare a \u201c<a href=\"politica\/7385-le-problematiche-i-risultati-le-verita-di-sergio-povia.html\"><span style=\"text-decoration: none;\">LE PROBLEMATICHE. I RISULTATI. LE VERIT\u00c1 DI SERGIO POVIA<\/span><\/a>\u201d, il sindaco lo ha <b>trasformato<\/b>, nella realt\u00e0, <b>in un monologo con la solita elencazione di cifre gi\u00e0 sciorinate in altre sedi<\/b>, anche in questa circostanza <b>intercalate da gratuiti epiteti rivolti a non meglio identificati attori<\/b> che gravitano nel campo della politica (dissidente), della comunicazione (siti non di parte e anonimi commentatori) e della societ\u00e0 civile, definiti in chiusura di comizio \u201c<b>gli utili idioti<\/b>\u201d <b>perch\u00e9 firmano documenti preparati da altri<\/b>.<\/p>\n<p style=\"text-align: justify;\"><b>Una inarrestabile caduta di stile che, fortunatamente per lui, in pochi hanno potuto ammirare e ascoltare<\/b>. Chi pensava sarebbe stato un bagno di folla ha dovuto velocemente ricredersi, tanto da posticipare l\u2019inizio di oltre mezz\u2019ora. <b>Pochissima gente ad attendere i nostri prodi amministratori<\/b>, in tutto una sessantina di cittadini.<\/p>\n<p style=\"text-align: justify;\"><b><img loading=\"lazy\" decoding=\"async\" class=\" alignright size-full wp-image-40040\" style=\"margin: 4px; float: right;\" alt=\"povia comizio piazza6\" src=\"https:\/\/archiviogioia.lavocedelpaese.info\/wp-content\/uploads\/2013\/06\/povia_comizio_piazza6.JPG\" height=\"256\" width=\"340\" srcset=\"https:\/\/archiviogioia.lavocedelpaese.info\/wp-content\/uploads\/2013\/06\/povia_comizio_piazza6.JPG 640w, https:\/\/archiviogioia.lavocedelpaese.info\/wp-content\/uploads\/2013\/06\/povia_comizio_piazza6-300x226.jpg 300w\" sizes=\"auto, (max-width: 340px) 100vw, 340px\" \/>Anche tra le loro fila si \u00e8 notata una strana quanto inconsueta ma consistente defaillance partecipativa<\/b>. Anche <b>sul palco erano letteralmente quattro gatti, o quattro amici<\/b>. Oltre al sindaco <b>Sergio Povia<\/b>, gli assessori <b>Piera De Giorgi<\/b>, <b>Masi Giuseppe Lenin<\/b> e <b>Filippo Donvito<\/b>. E non per colpa del tempo, sicuramente non clemente, pi\u00f9 autunnale che da primavera inoltrata, ma <b>non al punto da giustificare una cos\u00ec alta defezione<\/b>, <b>per non dire diserzione<\/b>. Una assenza <b>che sa di vera e propria ribellione, se non di ammutinamento nei confronti di Sergio Povia<\/b>, fino a ieri considerato l\u2019indiscusso e incontrastato comandante in capo di questa amministrazione. <b>La \u201cstrana\u201d amministrazione<\/b>, come l\u2019avevano definita in tanti, forse non a torto e in tempi non sospetti, oggi sempre pi\u00f9 numerosi.<\/p>\n<p style=\"text-align: justify;\"><b>Un malessere venuto a galla in modo eclatante il giorno prima<\/b> con un comunicato, inviato alla nostra Redazione e pubblicato sul nostro sito (<a href=\"politica\/7411-maggioranza-uniti-per-gioia-contro-povia-e-le-sue-scelte.html\"><span style=\"text-decoration: none;\">MAGGIORANZA: UNITI PER GIOIA CONTRO POVIA E LE SUE SCELTE<\/span><\/a>), <b>a cui <img loading=\"lazy\" decoding=\"async\" class=\" alignleft size-full wp-image-40043\" style=\"margin: 4px; float: left;\" alt=\"povia comizio piazza4\" src=\"https:\/\/archiviogioia.lavocedelpaese.info\/wp-content\/uploads\/2013\/06\/povia_comizio_piazza4.JPG\" height=\"256\" width=\"340\" srcset=\"https:\/\/archiviogioia.lavocedelpaese.info\/wp-content\/uploads\/2013\/06\/povia_comizio_piazza4.JPG 640w, https:\/\/archiviogioia.lavocedelpaese.info\/wp-content\/uploads\/2013\/06\/povia_comizio_piazza4-300x226.jpg 300w\" sizes=\"auto, (max-width: 340px) 100vw, 340px\" \/>lo stesso sindaco ha fatto riferimento<\/b> dando la colpa di quanto accaduto a presunti \u201cguastatori che cercano di aprire varchi, minare dall\u2019interno l\u2019armonia della coalizione, di cui si discuter\u00e0 tra tutti i componenti la stessa maggioranza nei prossimi giorni\u201d.<\/p>\n<p style=\"text-align: justify;\"><b>Una situazione simile a quella vissuta da Piero Longo<\/b>, nemmeno tanto tempo fa, <b>su cui lo stesso Povia dovrebbe riflettere<\/b>, non solo ricordare molto bene, in quanto ne fu artefice e promotore, che ne caus\u00f2 la caduta. Il detto popolare \u201c<b>chi di spada ferisce di spada perisce\u201d, mai come oggi potrebbe essergli cos\u00ec \u201ccalzante\u201d e fatale<\/b>.<\/p>\n<p style=\"text-align: justify;\"><b>In quanto ai contenuti del suo discorso<\/b>, interrotto dopo oltre mezz\u2019ora da alcune gocce di pioggia divenuta poi pi\u00f9 persistente, ma forse non aspettava altro fin dall\u2019inizio, <b>potremmo anche fare a meno di dilungarci<\/b>. <b>La solita nenia <\/b>su progetti finanziati o da finanziare, completamento di <b>via Roma e attraversamento fascio ferroviario con il <img loading=\"lazy\" decoding=\"async\" class=\" alignright size-full wp-image-40044\" style=\"margin: 4px; float: right;\" alt=\"povia comizio piazza7\" src=\"https:\/\/archiviogioia.lavocedelpaese.info\/wp-content\/uploads\/2013\/06\/povia_comizio_piazza7.JPG\" height=\"256\" width=\"340\" srcset=\"https:\/\/archiviogioia.lavocedelpaese.info\/wp-content\/uploads\/2013\/06\/povia_comizio_piazza7.JPG 640w, https:\/\/archiviogioia.lavocedelpaese.info\/wp-content\/uploads\/2013\/06\/povia_comizio_piazza7-300x226.jpg 300w\" sizes=\"auto, (max-width: 340px) 100vw, 340px\" \/>prolungamento del sottopassaggio della stazione fino al parcheggio di scambio di via Lagomagno fra tutti<\/b>, sul presunto <b>buco di bilancio mai appurato<\/b> perch\u00e9 mai esistito, <b>sull\u2019IMU<\/b>, sul debito nei confronti della <b>Spes<\/b>, sulle <b>beghe legali<\/b> ancora non risolte (<b>Se.ge.co. Torri faro, parcheggi<\/b>); sul <b>referendum, che considera \u201cirricevibile\u201d<\/b> perch\u00e9 posto su un atto gestionale e non di indirizzo, quindi <b>sull\u2019ignoranza dei referendari<\/b>, <b>sul quesito<\/b> dagli stessi proposto <b>ritenuto stupido e inappropriato<\/b>; <b>sull\u2019ambiente<\/b> (ex discariche che saranno trasformate in <b>campo da rugby<\/b> e giardino) e gli <b>atti di vandalismo in Piazza Umberto I (Garibaldi)<\/b>; sugli <b>impianti fotovoltaici pubblici<\/b>, su quanto accaduto a fine dicembre alla <b>scuola San Filippo Neri <\/b>e sullo sforzo economico necessario per farvi fronte; <b>sul suo personalissimo e poco pedissequo modo di intendere e rispettare le norme<\/b>, comprese quelle inerenti le <b>zone F<\/b>, sui suoi detrattori che definisce persone incompetenti al pari dei politici di minoranza o ex considerati pi\u00f9 o meno invidiosi.<\/p>\n<p style=\"text-align: justify;\">E per concludere, <b>due ciliegine sulla torta<\/b>. Fosse stato per lui, <b>avrebbe <img loading=\"lazy\" decoding=\"async\" class=\" alignleft size-full wp-image-40047\" style=\"margin: 4px; float: left;\" alt=\"povia comizio piazza5\" src=\"https:\/\/archiviogioia.lavocedelpaese.info\/wp-content\/uploads\/2013\/06\/povia_comizio_piazza5.JPG\" height=\"256\" width=\"340\" srcset=\"https:\/\/archiviogioia.lavocedelpaese.info\/wp-content\/uploads\/2013\/06\/povia_comizio_piazza5.JPG 640w, https:\/\/archiviogioia.lavocedelpaese.info\/wp-content\/uploads\/2013\/06\/povia_comizio_piazza5-300x226.jpg 300w\" sizes=\"auto, (max-width: 340px) 100vw, 340px\" \/>detto si, \u201clo farei ancora oggi\u201d<\/b>, ha affermato, \u201c<b>ad un inceneritore qui a Gioia del Colle<\/b>\u201d, cos\u00ec come, \u201c<b>fosse stato per me, avrei detto s\u00ec al progetto di riempire il paese di impianti fotovoltaici<\/b>. Purtroppo il governo non ha finanziato la misura precedentemente annunciata e a cui avevamo partecipato, ma non \u00e8 detto che non lo si possa attuare in un prossimo futuro, magari con il privato\u201d.<\/p>\n<p style=\"text-align: justify;\"><b>Lui<\/b>, infatti, <b>andr\u00e0 avanti per la sua strada, non si lascer\u00e0 intimorire<\/b> da chi, sostenendo di volere il bene del paese, sta facendo di tutto per affossarlo. <b>Sul caso Coop, ha annunciato che \u201ca breve si pronuncer\u00e0 il Consiglio di Stato<\/b> in merito alle eccezioni poste sulla precedente sentenza, <b>che<\/b>, se accolte, <b>potrebbe aprire nuovi e importanti scenari su tutte le zone interessate<\/b>\u201d, <b>in caso contrario, qualcun altro, non lui, dovr\u00e0 assumersi la responsabilit\u00e0 davanti alla citt\u00e0 del suo mancato sviluppo<\/b>, anche in termini occupazionali, anche nei confronti <b>dei tanti giovani che non avranno pi\u00f9 la possibilit\u00e0 di trovare lavoro<\/b>.<\/p>\n<p style=\"text-align: justify;\"><b>Un saluto finale ai pochissimi superstiti<\/b> <b>e la promessa di riprendere il discorso<\/b> \u201ctra una decina di giorni\u201d, <b>si spera con delle vere novit\u00e0<\/b> che possano interessare l\u2019intera cittadinanza e non i soliti addetti ai lavori.<\/p>\n<p><object width=\"640\" height=\"480\" data=\"https:\/\/www.youtube.com\/v\/C1Yy4ROdH3o?version=3&amp;hl=it_IT&amp;rel=0\" type=\"application\/x-shockwave-flash\"><param name=\"movie\" value=\"https:\/\/www.youtube.com\/v\/C1Yy4ROdH3o?version=3&amp;hl=it_IT&amp;rel=0\" \/><param name=\"allowFullScreen\" value=\"true\" \/><param name=\"allowscriptaccess\" value=\"always\" \/><\/object><\/p>\n<p><object type=\"application\/x-shockwave-flash\" width=\"660\" height=\"660\" flashvars=\"host=picasaweb.google.com&amp;hl=it&amp;feat=flashalbum&amp;RGB=0x000000&amp;feed=https:\/\/picasaweb.google.com\/data\/feed\/api\/user\/104626251937098962566\/albumid\/5884661045980008289?alt=rss&amp;kind=photo&amp;hl=it\" pluginspage=\"http:\/\/www.macromedia.com\/go\/getflashplayer\" data=\"https:\/\/static.googleusercontent.com\/external_content\/picasaweb.googleusercontent.com\/slideshow.swf\"><param name=\"movie\" value=\"https:\/\/static.googleusercontent.com\/external_content\/picasaweb.googleusercontent.com\/slideshow.swf\" \/><\/object><\/p>\n","protected":false},"excerpt":{"rendered":"","protected":false},"author":1,"featured_media":40036,"comment_status":"open","ping_status":"closed","sticky":false,"template":"","format":"standard","meta":{"colormag_page_container_layout":"default_layout","colormag_page_sidebar_layout":"default_layout","footnotes":""},"categories":[4],"tags":[],"class_list":["post-40049","post","type-post","status-publish","format-standard","has-post-thumbnail","hentry","category-politica"],"_links":{"self":[{"href":"https:\/\/archiviogioia.lavocedelpaese.info\/index.php?rest_route=\/wp\/v2\/posts\/40049","targetHints":{"allow":["GET"]}}],"collection":[{"href":"https:\/\/archiviogioia.lavocedelpaese.info\/index.php?rest_route=\/wp\/v2\/posts"}],"about":[{"href":"https:\/\/archiviogioia.lavocedelpaese.info\/index.php?rest_route=\/wp\/v2\/types\/post"}],"author":[{"embeddable":true,"href":"https:\/\/archiviogioia.lavocedelpaese.info\/index.php?rest_route=\/wp\/v2\/users\/1"}],"replies":[{"embeddable":true,"href":"https:\/\/archiviogioia.lavocedelpaese.info\/index.php?rest_route=%2Fwp%2Fv2%2Fcomments&post=40049"}],"version-history":[{"count":0,"href":"https:\/\/archiviogioia.lavocedelpaese.info\/index.php?rest_route=\/wp\/v2\/posts\/40049\/revisions"}],"wp:featuredmedia":[{"embeddable":true,"href":"https:\/\/archiviogioia.lavocedelpaese.info\/index.php?rest_route=\/wp\/v2\/media\/40036"}],"wp:attachment":[{"href":"https:\/\/archiviogioia.lavocedelpaese.info\/index.php?rest_route=%2Fwp%2Fv2%2Fmedia&parent=40049"}],"wp:term":[{"taxonomy":"category","embeddable":true,"href":"https:\/\/archiviogioia.lavocedelpaese.info\/index.php?rest_route=%2Fwp%2Fv2%2Fcategories&post=40049"},{"taxonomy":"post_tag","embeddable":true,"href":"https:\/\/archiviogioia.lavocedelpaese.info\/index.php?rest_route=%2Fwp%2Fv2%2Ftags&post=40049"}],"curies":[{"name":"wp","href":"https:\/\/api.w.org\/{rel}","templated":true}]}}