{"id":40120,"date":"2013-06-03T05:44:45","date_gmt":"2013-06-03T05:44:45","guid":{"rendered":"https:\/\/archiviogioia.lavocedelpaese.info\/?p=40120"},"modified":"2013-06-03T05:44:45","modified_gmt":"2013-06-03T05:44:45","slug":"gianfranco-viesti-nord-e-sud-insieme-contro-la-crisi","status":"publish","type":"post","link":"https:\/\/archiviogioia.lavocedelpaese.info\/?p=40120","title":{"rendered":"GIANFRANCO VIESTI: \u201cNORD E SUD INSIEME CONTRO LA CRISI\u201d"},"content":{"rendered":"<p><img loading=\"lazy\" decoding=\"async\" class=\" size-full wp-image-40117\" style=\"margin-right: 2px; margin-left: 2px;\" alt=\"viesti-alla-librellula-pp\" src=\"https:\/\/archiviogioia.lavocedelpaese.info\/wp-content\/uploads\/2013\/06\/viesti-alla-librellula-pp.jpg\" height=\"150\" width=\"320\" srcset=\"https:\/\/archiviogioia.lavocedelpaese.info\/wp-content\/uploads\/2013\/06\/viesti-alla-librellula-pp.jpg 320w, https:\/\/archiviogioia.lavocedelpaese.info\/wp-content\/uploads\/2013\/06\/viesti-alla-librellula-pp-300x141.jpg 300w\" sizes=\"auto, (max-width: 320px) 100vw, 320px\" \/><\/p>\n<p><!--more--><\/p>\n<p style=\"margin-bottom: 0.0001pt; text-align: justify; line-height: normal;\"><b><img loading=\"lazy\" decoding=\"async\" class=\" alignleft size-full wp-image-40118\" style=\"margin: 4px; float: left;\" alt=\"viesti alla librellula2\" src=\"https:\/\/archiviogioia.lavocedelpaese.info\/wp-content\/uploads\/2013\/06\/viesti_alla_librellula2.JPG\" height=\"250\" width=\"340\" srcset=\"https:\/\/archiviogioia.lavocedelpaese.info\/wp-content\/uploads\/2013\/06\/viesti_alla_librellula2.JPG 485w, https:\/\/archiviogioia.lavocedelpaese.info\/wp-content\/uploads\/2013\/06\/viesti_alla_librellula2-300x221.jpg 300w\" sizes=\"auto, (max-width: 340px) 100vw, 340px\" \/>Ci sono pregiudizi duri a morire<\/b>. Ad esempio, <b>quello di un\u2019Italia divisa in due<\/b>: <b>un Nord che produce e un Sud che vive sulle sue spalle<\/b>. <b>Gianfranco Viesti<\/b>, ordinario di economia applicata presso la facolt\u00e0 di scienze politiche dell\u2019Universit\u00e0 di Bari, mira a sfatare questo mito nel saggio <b>\u201cIl Sud vive sulle spalle dell\u2019Italia che produce. Falso!\u201d<\/b>, presentato il 30 maggio presso la libreria <b>\u201cLa Librellula\u201d<\/b>. L\u2019incontro con l\u2019autore \u00e8 stato condotto da <b>Giovanna Magistro<\/b>.<\/p>\n<p style=\"margin-bottom: 0.0001pt; text-align: justify; line-height: normal;\"><b>\u00c8 il ritratto di un paese anziano quello tracciato dal prof. Viesti<\/b>, sia dal punto di vista demografico, sia dal punto di vista politico. E un paese anziano, si sa, \u00e8 <b>un paese stanco. Privo di progettualit\u00e0<\/b>. Le cui famiglie, pressate da una depressione economica di cui si fa fatica a scorgere la fine, tendono a isolarsi e a perdere <i>\u201ccolpi collettivi\u201d<\/i>. <b>\u00c8 necessari<\/b>o, invece, <b>che istituzioni quali lo Stato, la scuola e in particolare l\u2019universit\u00e0 \u2013 <i>\u201cscassatissima\u201d<\/i>, sottolinea l\u2019economista \u2013 recuperino la loro <img loading=\"lazy\" decoding=\"async\" class=\" alignright size-full wp-image-40119\" style=\"margin: 4px; float: right;\" alt=\"viesti-alla-librellula3\" src=\"https:\/\/archiviogioia.lavocedelpaese.info\/wp-content\/uploads\/2013\/06\/viesti-alla-librellula3.jpg\" height=\"369\" width=\"210\" srcset=\"https:\/\/archiviogioia.lavocedelpaese.info\/wp-content\/uploads\/2013\/06\/viesti-alla-librellula3.jpg 210w, https:\/\/archiviogioia.lavocedelpaese.info\/wp-content\/uploads\/2013\/06\/viesti-alla-librellula3-171x300.jpg 171w\" sizes=\"auto, (max-width: 210px) 100vw, 210px\" \/>funzione di aggregatori sociali<\/b>. Ma uno Stato che manca di un\u2019identit\u00e0 nazionale compatta non pu\u00f2 assolvere a questo compito.<\/p>\n<p style=\"margin-bottom: 0.0001pt; text-align: justify; line-height: normal;\"><b>La crisi che ha travolto l\u2019Italia intera nel 2008 pu\u00f2 dunque divenire l\u2019opportunit\u00e0 per ripensare le potenzialit\u00e0 del Mezzogiorno<\/b>, che non rappresenta la fetta marcia di un\u2019Italia altrimenti in buono stato, ma il punto di partenza per la risalita di tutta la nazione. <b>Asserire che senza il Sud l\u2019Italia sarebbe contabilmente pi\u00f9 ricca \u00e8 una ovviet\u00e0 statistica<\/b>, scrive Gianfranco Viesti. <b>Anche la Germania lo sarebbe, senza il resto d\u2019Europa<\/b>.<\/p>\n<p style=\"margin-bottom: 0.0001pt; text-align: justify; line-height: normal;\">Ma <b>nell\u2019attuale clima di incertezza e preoccupazione, la chiave della ripresa \u00e8 proprio quella di riallacciare l\u2019intesa fra il Nord e il Sud<\/b>, in Italia come nell\u2019intero continente. Investire dove l\u2019economia \u00e8 pi\u00f9 debole significa <b>avere l\u2019intelligenza di guardare la luna piuttosto che il dito<\/b>, ossia misurare il rendimento degli stessi investimenti nel lungo e non nel breve periodo.<\/p>\n<p style=\"margin-bottom: 0.0001pt; text-align: justify; line-height: normal;\"><b>Fondamentale<\/b>, inoltre, nell\u2019ambito della discussione sul federalismo quale risposta ai problemi dell\u2019Italia, <b>si rivelerebbe<\/b>, secondo Viesti, <b>la presenza di un governo centrale forte<\/b>, fermo restando la bont\u00e0 di un \u201c<i>ragionevole grado di decentramento delle responsabilit\u00e0, cui si accompagni una responsabilit\u00e0 fiscale di tutti, soprattutto nel Mezzogiorno\u201d.<\/i><\/p>\n<p style=\"margin-bottom: 0.0001pt; text-align: justify; line-height: normal;\"><b>La ricostruzione storica delle vicende italiane tracciata da Viesti<\/b> nel suo saggio <b>ci insegna che tutte le parti del paese hanno contribuito al suo sviluppo<\/b>. Allo stesso modo, <b>il Nord e il Sud<\/b> <b>Italia<\/b> <b>possono contribuire, insieme, alla sua ripresa<\/b>.<\/p>\n<p>&nbsp;<\/p>\n","protected":false},"excerpt":{"rendered":"","protected":false},"author":1,"featured_media":40117,"comment_status":"open","ping_status":"closed","sticky":false,"template":"","format":"standard","meta":{"colormag_page_container_layout":"default_layout","colormag_page_sidebar_layout":"default_layout","footnotes":""},"categories":[7],"tags":[],"class_list":["post-40120","post","type-post","status-publish","format-standard","has-post-thumbnail","hentry","category-attualita"],"_links":{"self":[{"href":"https:\/\/archiviogioia.lavocedelpaese.info\/index.php?rest_route=\/wp\/v2\/posts\/40120","targetHints":{"allow":["GET"]}}],"collection":[{"href":"https:\/\/archiviogioia.lavocedelpaese.info\/index.php?rest_route=\/wp\/v2\/posts"}],"about":[{"href":"https:\/\/archiviogioia.lavocedelpaese.info\/index.php?rest_route=\/wp\/v2\/types\/post"}],"author":[{"embeddable":true,"href":"https:\/\/archiviogioia.lavocedelpaese.info\/index.php?rest_route=\/wp\/v2\/users\/1"}],"replies":[{"embeddable":true,"href":"https:\/\/archiviogioia.lavocedelpaese.info\/index.php?rest_route=%2Fwp%2Fv2%2Fcomments&post=40120"}],"version-history":[{"count":0,"href":"https:\/\/archiviogioia.lavocedelpaese.info\/index.php?rest_route=\/wp\/v2\/posts\/40120\/revisions"}],"wp:featuredmedia":[{"embeddable":true,"href":"https:\/\/archiviogioia.lavocedelpaese.info\/index.php?rest_route=\/wp\/v2\/media\/40117"}],"wp:attachment":[{"href":"https:\/\/archiviogioia.lavocedelpaese.info\/index.php?rest_route=%2Fwp%2Fv2%2Fmedia&parent=40120"}],"wp:term":[{"taxonomy":"category","embeddable":true,"href":"https:\/\/archiviogioia.lavocedelpaese.info\/index.php?rest_route=%2Fwp%2Fv2%2Fcategories&post=40120"},{"taxonomy":"post_tag","embeddable":true,"href":"https:\/\/archiviogioia.lavocedelpaese.info\/index.php?rest_route=%2Fwp%2Fv2%2Ftags&post=40120"}],"curies":[{"name":"wp","href":"https:\/\/api.w.org\/{rel}","templated":true}]}}