{"id":40193,"date":"2013-06-05T01:49:44","date_gmt":"2013-06-05T01:49:44","guid":{"rendered":"https:\/\/archiviogioia.lavocedelpaese.info\/?p=40193"},"modified":"2013-06-05T01:49:44","modified_gmt":"2013-06-05T01:49:44","slug":"san-filippo-indagine-tra-i-giovani-sulla-festa","status":"publish","type":"post","link":"https:\/\/archiviogioia.lavocedelpaese.info\/?p=40193","title":{"rendered":"SAN FILIPPO. INDAGINE TRA I GIOVANI SULLA FESTA"},"content":{"rendered":"<p><img loading=\"lazy\" decoding=\"async\" class=\" size-full wp-image-40188\" style=\"margin-right: 2px; margin-left: 2px;\" alt=\"san-filippo-festa-2013a-pp\" src=\"https:\/\/archiviogioia.lavocedelpaese.info\/wp-content\/uploads\/2013\/06\/san-filippo-festa-2013a-pp.png\" height=\"150\" width=\"320\" srcset=\"https:\/\/archiviogioia.lavocedelpaese.info\/wp-content\/uploads\/2013\/06\/san-filippo-festa-2013a-pp.png 640w, https:\/\/archiviogioia.lavocedelpaese.info\/wp-content\/uploads\/2013\/06\/san-filippo-festa-2013a-pp-300x141.png 300w\" sizes=\"auto, (max-width: 320px) 100vw, 320px\" \/><\/p>\n<p><!--more--><\/p>\n<p style=\"text-align: justify;\"><b><img loading=\"lazy\" decoding=\"async\" class=\" alignleft size-full wp-image-40189\" style=\"margin: 4px; float: left;\" alt=\"san-filippo-festa-20132\" src=\"https:\/\/archiviogioia.lavocedelpaese.info\/wp-content\/uploads\/2013\/06\/san-filippo-festa-20132.jpg\" height=\"227\" width=\"340\" srcset=\"https:\/\/archiviogioia.lavocedelpaese.info\/wp-content\/uploads\/2013\/06\/san-filippo-festa-20132.jpg 800w, https:\/\/archiviogioia.lavocedelpaese.info\/wp-content\/uploads\/2013\/06\/san-filippo-festa-20132-300x200.jpg 300w, https:\/\/archiviogioia.lavocedelpaese.info\/wp-content\/uploads\/2013\/06\/san-filippo-festa-20132-768x512.jpg 768w\" sizes=\"auto, (max-width: 340px) 100vw, 340px\" \/>Si \u00e8 appena concluso il mese di maggio, portandosi via le feste religiose pi\u00f9 care ai gioiesi<\/b>: parlo delle celebrazioni riguardanti la Nostra Signora Sovrana, la Madonna, Regina del mese di maggio e consolatrice di tante persone che si affidano a lei amorevolmente, come ad una madre in cerca di consigli.<\/p>\n<p style=\"text-align: justify;\">Maggio \u00e8 anche il <b>mese tanto atteso dai gioiesi per la festa del Santo Patrono<\/b>, <b>San Filippo<\/b>, il Santo degli umili, dei giovani e direi del predicatore della gioia e della pi\u00f9 autentica felicit\u00e0, quella dell\u2019innocenza.<\/p>\n<p style=\"text-align: justify;\">La festa di San Filippo \u00e8 <b>una festa molto attesa, una tradizione viva ed aggregante<\/b> che fa riscoprire i valori della fede e della tradizione. <b>Ma a chi si rivolge? Ai giovani? Magari fosse cos<\/b><img loading=\"lazy\" decoding=\"async\" class=\" alignright size-full wp-image-40190\" style=\"margin: 4px; float: right;\" alt=\"san-filippo-festa-2013-uscita\" src=\"https:\/\/archiviogioia.lavocedelpaese.info\/wp-content\/uploads\/2013\/06\/san-filippo-festa-2013-uscita.jpg\" height=\"372\" width=\"236\" \/><b>i<\/b>, per loro, s\u00ec, \u00e8 una festa, un giorno di vacanza a scuola, un meeting tra amici per fare il solito giro al luna park, nella speranza di avere dei biglietti omaggio, perch\u00e9 le giostre costano e tanto anche, per cui a molti non va di sprecare tanto denaro, specie in tempi di crisi. <b>E la festa religiosa?<\/b><\/p>\n<p style=\"text-align: justify;\">\u201c<b>Ma sa prof. io non credo tanto, anzi sono credente, ma non praticante<\/b>\u201d. Questo nella maggior parte dei casi, altrimenti \u201c<b>sono ateo<\/b>\u201d, nel senso che \u201c<b>dopo la \u2018Prima Comunione\u2019, mi sono allontanato dalla Chiesa<\/b>\u201d.<\/p>\n<p style=\"text-align: justify;\"><b>Questo \u00e8 il risultato di un\u2019indagine fatta subito dopo la festa del Santo Patrono<\/b>.<\/p>\n<p style=\"text-align: justify;\">Eppure io vi dico che non \u00e8 realmente cosi perch\u00e9 <b>io ho visto dei giovani in Chiesa, forse una visita fugace<\/b>, prima di correre alle giostre, <b>comunque c\u2019erano<\/b>. E\u2019 che non si pu\u00f2 sempre ammettere che si va in Chiesa, che si seguono certi valori, <b>sono pochi coloro che ammettono liberamente di essere attratti dalle attivit\u00e0 proposte dalle comunit\u00e0 cattoliche<\/b>. Su questo si potrebbe discutere per ore, ma ci\u00f2 su cui vorrei soffermarmi \u00e8 proprio sui festeggiamenti e sull\u2019organizzazione, in generale.<\/p>\n<p style=\"text-align: justify;\"><b>Quanto \u00e8 stato sostenuto questo Comitato nell\u2019organizzazione?<\/b> <b>Credo poco<\/b>, se si considerano i tagli dell\u2019Amministrazione comunale e la scarsa raccolta di denaro offerto dai cittadini stessi.<img loading=\"lazy\" decoding=\"async\" class=\" alignleft size-full wp-image-40191\" style=\"margin: 4px; float: left;\" alt=\"san-filippo-festa-2013-chiavi\" src=\"https:\/\/archiviogioia.lavocedelpaese.info\/wp-content\/uploads\/2013\/06\/san-filippo-festa-2013-chiavi.jpg\" height=\"227\" width=\"340\" srcset=\"https:\/\/archiviogioia.lavocedelpaese.info\/wp-content\/uploads\/2013\/06\/san-filippo-festa-2013-chiavi.jpg 800w, https:\/\/archiviogioia.lavocedelpaese.info\/wp-content\/uploads\/2013\/06\/san-filippo-festa-2013-chiavi-300x200.jpg 300w, https:\/\/archiviogioia.lavocedelpaese.info\/wp-content\/uploads\/2013\/06\/san-filippo-festa-2013-chiavi-768x512.jpg 768w\" sizes=\"auto, (max-width: 340px) 100vw, 340px\" \/><\/p>\n<p style=\"text-align: justify;\"><b>Di sicuro ci sono stati membri del<\/b><b> Comitato, veramente molto attivi<\/b>, <b>del resto la festa \u00e8 stata molto apprezzata<\/b>, specie per quei tocchi innovativi, <b>per la semplicit\u00e0 ed armonia delle luminarie<\/b>, compresa la tanto discussa cassa armonica, <b>per l\u2019emozione provocata dai fuochi pirotecnici<\/b> l\u00ec, <b>nella stessa piazza<\/b> dove si sono avvicendate varie attivit\u00e0.<\/p>\n<p style=\"text-align: justify;\"><b>L\u2019aspetto religioso sicuramente di alto valore<\/b>, tante processioni nei vari quartieri di Gioia, a partire gi\u00e0 dal mese precedente, <b>per portare il Santo nelle chiese, nelle strade, in mezzo alla gente<\/b>, presenza e riferimento per la preghiera e la riflessione. <b>La messa dedicata agli ammalati<\/b>, <b>l\u2019attenzione ai poveri<\/b>, so<b><img loading=\"lazy\" decoding=\"async\" class=\" alignright size-full wp-image-40192\" style=\"margin: 4px; float: right;\" alt=\"san-filippo-festa-2013-celentano\" src=\"https:\/\/archiviogioia.lavocedelpaese.info\/wp-content\/uploads\/2013\/06\/san-filippo-festa-2013-celentano.jpg\" height=\"227\" width=\"340\" srcset=\"https:\/\/archiviogioia.lavocedelpaese.info\/wp-content\/uploads\/2013\/06\/san-filippo-festa-2013-celentano.jpg 800w, https:\/\/archiviogioia.lavocedelpaese.info\/wp-content\/uploads\/2013\/06\/san-filippo-festa-2013-celentano-300x200.jpg 300w, https:\/\/archiviogioia.lavocedelpaese.info\/wp-content\/uploads\/2013\/06\/san-filippo-festa-2013-celentano-768x512.jpg 768w\" sizes=\"auto, (max-width: 340px) 100vw, 340px\" \/><\/b>no stati i momenti in cui si sono intrecciati aspetti e momenti di grande sensibilit\u00e0, generosit\u00e0 e religiosit\u00e0. <b>Bello l\u2019effetto scenico della consegna delle chiavi<\/b>, accompagnata dal suono delle trombe che intonavano le famose note trionfanti dell\u2019Aida.<\/p>\n<p style=\"text-align: justify;\">Se la musica della Grande Orchestra di Conversano o di Gioia del Colle ha attratto e inchiodato in Piazza Plebiscito i soliti appassionati della musica classica, nonostante la freschezza pungente della serata, <b>il vero punto di forza della festa \u00e8 stata la performance di \u201cLui e gli amici del Re\u201d<\/b> un concerto che, con il repertorio delle <b>canzoni di Adriano Celentano<\/b>, ha dato vita ad una inaspettata festa di piazza coinvolgendo giovani e meno giovani, donne e uomini, musica live ed <b>una piazza gremita di gente esaltata al ritmo di \u201cCon 24.000 baci\u201d \u2026<\/b>, gente che dopo la mezzanotte, alla fine del concerto, con quasi naturale coinvolgimento, si \u00e8 girata dall\u2019altra parte della piazza ad assistere allo <b>spettacolo pirotecnico che chiudeva una bella festa<\/b> che era riuscita a riscattarsi da quelli che potrebbero essere stati i commenti iniziali.<\/p>\n<p>&nbsp;<\/p>\n","protected":false},"excerpt":{"rendered":"","protected":false},"author":1,"featured_media":40188,"comment_status":"open","ping_status":"closed","sticky":false,"template":"","format":"standard","meta":{"colormag_page_container_layout":"default_layout","colormag_page_sidebar_layout":"default_layout","footnotes":""},"categories":[7],"tags":[],"class_list":["post-40193","post","type-post","status-publish","format-standard","has-post-thumbnail","hentry","category-attualita"],"_links":{"self":[{"href":"https:\/\/archiviogioia.lavocedelpaese.info\/index.php?rest_route=\/wp\/v2\/posts\/40193","targetHints":{"allow":["GET"]}}],"collection":[{"href":"https:\/\/archiviogioia.lavocedelpaese.info\/index.php?rest_route=\/wp\/v2\/posts"}],"about":[{"href":"https:\/\/archiviogioia.lavocedelpaese.info\/index.php?rest_route=\/wp\/v2\/types\/post"}],"author":[{"embeddable":true,"href":"https:\/\/archiviogioia.lavocedelpaese.info\/index.php?rest_route=\/wp\/v2\/users\/1"}],"replies":[{"embeddable":true,"href":"https:\/\/archiviogioia.lavocedelpaese.info\/index.php?rest_route=%2Fwp%2Fv2%2Fcomments&post=40193"}],"version-history":[{"count":0,"href":"https:\/\/archiviogioia.lavocedelpaese.info\/index.php?rest_route=\/wp\/v2\/posts\/40193\/revisions"}],"wp:featuredmedia":[{"embeddable":true,"href":"https:\/\/archiviogioia.lavocedelpaese.info\/index.php?rest_route=\/wp\/v2\/media\/40188"}],"wp:attachment":[{"href":"https:\/\/archiviogioia.lavocedelpaese.info\/index.php?rest_route=%2Fwp%2Fv2%2Fmedia&parent=40193"}],"wp:term":[{"taxonomy":"category","embeddable":true,"href":"https:\/\/archiviogioia.lavocedelpaese.info\/index.php?rest_route=%2Fwp%2Fv2%2Fcategories&post=40193"},{"taxonomy":"post_tag","embeddable":true,"href":"https:\/\/archiviogioia.lavocedelpaese.info\/index.php?rest_route=%2Fwp%2Fv2%2Ftags&post=40193"}],"curies":[{"name":"wp","href":"https:\/\/api.w.org\/{rel}","templated":true}]}}